{"id":407401,"date":"2025-09-21T15:01:11","date_gmt":"2025-09-21T15:01:11","guid":{"rendered":"https:\/\/www.europesays.com\/fr\/407401\/"},"modified":"2025-09-21T15:01:11","modified_gmt":"2025-09-21T15:01:11","slug":"ppda-confine-chez-lui-le-journaliste-ne-se-montre-plus-depuis-plusieurs-mois","status":"publish","type":"post","link":"https:\/\/www.europesays.com\/fr\/407401\/","title":{"rendered":"PPDA confin\u00e9 chez lui : le journaliste ne se montre plus depuis plusieurs mois"},"content":{"rendered":"<p>      R\u00e9sum\u00e9<\/p>\n<p>PPDA, mis en examen pour viol, reste discret et confin\u00e9 dans sa commune des C\u00f4tes-d&rsquo;Armor, o\u00f9 ses apparitions publiques se font rares depuis plusieurs mois.<\/p>\n<p>        Sommaire<\/p>\n<p><strong>Que devient PPDA<\/strong> ? Les habitants de sa petite commune des C\u00f4tes-d&rsquo;Armor eux-m\u00eames ne sont pas capables de le dire\u2026 Le journaliste, mis en examen pour viol depuis bient\u00f4t deux ans, <strong>semble rester confin\u00e9 \u00e0 son domicile de Tr\u00e9gastel<\/strong>. S&rsquo;il \u00e9tait habitu\u00e9 \u00e0 r\u00e9guli\u00e8rement sortir, comme un habitant lambda, l&rsquo;ex-patron du 20 heures de TF1 s&rsquo;est depuis l&rsquo;affaire confin\u00e9, et ne semble plus sortir de chez lui.<\/p>\n<p>En effet, dans une enqu\u00eate r\u00e9alis\u00e9e par nos confr\u00e8res de PurePeople, plusieurs voisins de PPDA t\u00e9moignent. Ils r\u00e9v\u00e8lent ne plus voir le journaliste depuis plusieurs mois, alors m\u00eame qu&rsquo;ils habitent \u00e0 quelques centaines de m\u00e8tres. \u00ab\u00a0Pour tout vous dire, je suis l\u00e0 depuis 11 ans, et \u00e0 part dans les journaux, je ne l\u2019ai jamais vu. <strong>Mais je sais tr\u00e8s bien qu\u2019il habite l\u00e0 et je pourrais m\u00eame vous montrer sa maison<\/strong>\u00a0\u00bb a t\u00e9moign\u00e9 un employ\u00e9 du camping local.<\/p>\n<p>Le Super U du village ne l&rsquo;a jamais vu&#8230;<\/p>\n<p>S&rsquo;il r\u00e9side dans cette ville depuis plusieurs ann\u00e9es, PPDA s&rsquo;y montre plus que discret. En effet, la patronne d&rsquo;une chambre d&rsquo;h\u00f4te assure ne l&rsquo;avoir crois\u00e9 qu&rsquo;une seule fois, <strong>en compagnie de Claire Chazal<\/strong>, son ex-compagne et m\u00e8re de <a href=\"https:\/\/www.public.fr\/claire-chazal-et-patrick-poivre-darvor-ce-que-leur-fils-francois-na-jamais-supporte-nouvelles-revelations-sur-le-discret-jeune-homme\" target=\"_blank\" rel=\"noopener\">son fils Fran\u00e7ois<\/a>. La patronne de la biscuiterie l&rsquo;a crois\u00e9 une seule fois\u2026 Au Super U situ\u00e9 \u00e0 quelques m\u00e8tres de sa maison, c&rsquo;est encore pire : <strong>il n&rsquo;y aurait jamais mis les pieds<\/strong>.<\/p>\n<p>En revanche, <strong>PPDA continue d&rsquo;aller Triagoz, un bar plut\u00f4t classe situ\u00e9 sur la plage du Coz-Pors<\/strong>. C&rsquo;est un t\u00e9moin qui r\u00e9v\u00e8le l&rsquo;information : \u00ab\u00a0Je sais qu&rsquo;il allait y boire son caf\u00e9. Mais \u00e7a fait longtemps qu&rsquo;on ne l&rsquo;a pas vu dans le coin. Auparavant, il vivait comme tout le monde ici. Une personne lambda\u00a0\u00bb explique un t\u00e9moin. Interrog\u00e9e, <strong>la direction confirme mais ne souhaite pas en dire davantage<\/strong>, pour respecter la vie priv\u00e9e de leur client.<\/p>\n<p>PPDA, anatomie d&rsquo;une chute<\/p>\n<p><a href=\"https:\/\/vsd.fr\/71714-affaire-ppda-on-a-forcement-rate-quelque-chose-reconnait-un-ex-dirigeant-de-tf1\/\" target=\"_blank\" rel=\"noopener\">L&rsquo;affaire PPDA<\/a> a d\u00e9marr\u00e9 en f\u00e9vrier 2021, avec <a href=\"https:\/\/www.public.fr\/affaire-ppda-florence-porcel-terrorisee-sa-toute-premiere-interview-verite-depuis-le-depot-de-sa-plainte-pour-viol\" target=\"_blank\" rel=\"noopener\">une plainte de l&rsquo;\u00e9crivaine Florence Porcel<\/a>, <strong>pour des faits de viol qui remonteraient \u00e0 2004 et 2009<\/strong>. Une premi\u00e8re enqu\u00eate pr\u00e9liminaire est ouverte et ouvre la voie \u00e0 plusieurs autres t\u00e9moignages dans Mediapart, de femmes qui se disent elles aussi victimes de violences sexuelles ou comportements d\u00e9plac\u00e9s. Deux nouvelles plaintes sont ensuite d\u00e9pos\u00e9es en mai, l&rsquo;une pour viol, et l&rsquo;autre pour agression sexuelle. <strong>L&rsquo;enqu\u00eate initiale est class\u00e9e sans suite en juin 2021<\/strong>, en raison de la prescription et du manque de preuves.<\/p>\n<p>Mais en d\u00e9cembre de la m\u00eame, nouveau rebondissement :<strong> une information judiciaire est ouverte<\/strong>. Les t\u00e9moignages s&rsquo;amplifient l&rsquo;ann\u00e9e suivante, et d&rsquo;autres enqu\u00eates pr\u00e9liminaires sont ouvertes par le parquet de Nanterre. La plupart d&rsquo;entre elles sont class\u00e9es sans suite, prescription oblige. <strong>Le 19 d\u00e9cembre 2023, il est mis en examen pour le viol<\/strong> que Florence Porcel d\u00e9crit en 2009. Celui de 2004 est d\u00e9finitivement prescrit. En juillet 2024, <a href=\"https:\/\/www.public.fr\/affaire-ppda-cinq-nouvelles-plaintes-pour-viols-visent-le-journaliste\" target=\"_blank\" rel=\"noopener\">cinq nouvelles informations pour viols et viols aggrav\u00e9s<\/a> sont ouvertes, concernant des plaintes visant PPDA et qui avaient \u00e9t\u00e9 par le pass\u00e9 class\u00e9es sans suite pour prescription.<\/p>\n<p>      Mentionn\u00e9s dans cet article<\/p>\n<p>      Sur le m\u00eame sujet<\/p>\n","protected":false},"excerpt":{"rendered":"R\u00e9sum\u00e9 PPDA, mis en examen pour viol, reste discret et confin\u00e9 dans sa commune des C\u00f4tes-d&rsquo;Armor, o\u00f9 ses&hellip;\n","protected":false},"author":2,"featured_media":407402,"comment_status":"","ping_status":"","sticky":false,"template":"","format":"standard","meta":{"footnotes":""},"categories":[8],"tags":[58,59,1011,27,17967,2634,1265],"class_list":{"0":"post-407401","1":"post","2":"type-post","3":"status-publish","4":"format-standard","5":"has-post-thumbnail","7":"category-divertissement","8":"tag-divertissement","9":"tag-entertainment","10":"tag-fr","11":"tag-france","12":"tag-patrick-poivre-darvor","13":"tag-plainte","14":"tag-viol"},"share_on_mastodon":{"url":"https:\/\/pubeurope.com\/@fr\/115242892318453612","error":""},"_links":{"self":[{"href":"https:\/\/www.europesays.com\/fr\/wp-json\/wp\/v2\/posts\/407401","targetHints":{"allow":["GET"]}}],"collection":[{"href":"https:\/\/www.europesays.com\/fr\/wp-json\/wp\/v2\/posts"}],"about":[{"href":"https:\/\/www.europesays.com\/fr\/wp-json\/wp\/v2\/types\/post"}],"author":[{"embeddable":true,"href":"https:\/\/www.europesays.com\/fr\/wp-json\/wp\/v2\/users\/2"}],"replies":[{"embeddable":true,"href":"https:\/\/www.europesays.com\/fr\/wp-json\/wp\/v2\/comments?post=407401"}],"version-history":[{"count":0,"href":"https:\/\/www.europesays.com\/fr\/wp-json\/wp\/v2\/posts\/407401\/revisions"}],"wp:featuredmedia":[{"embeddable":true,"href":"https:\/\/www.europesays.com\/fr\/wp-json\/wp\/v2\/media\/407402"}],"wp:attachment":[{"href":"https:\/\/www.europesays.com\/fr\/wp-json\/wp\/v2\/media?parent=407401"}],"wp:term":[{"taxonomy":"category","embeddable":true,"href":"https:\/\/www.europesays.com\/fr\/wp-json\/wp\/v2\/categories?post=407401"},{"taxonomy":"post_tag","embeddable":true,"href":"https:\/\/www.europesays.com\/fr\/wp-json\/wp\/v2\/tags?post=407401"}],"curies":[{"name":"wp","href":"https:\/\/api.w.org\/{rel}","templated":true}]}}