{"id":407407,"date":"2025-09-21T15:04:13","date_gmt":"2025-09-21T15:04:13","guid":{"rendered":"https:\/\/www.europesays.com\/fr\/407407\/"},"modified":"2025-09-21T15:04:13","modified_gmt":"2025-09-21T15:04:13","slug":"le-pape-leon-xiv-manifeste-sa-solidarite-avec-la-terre-martyrisee-de-gaza","status":"publish","type":"post","link":"https:\/\/www.europesays.com\/fr\/407407\/","title":{"rendered":"le pape L\u00e9on XIV manifeste sa solidarit\u00e9 avec \u00abla terre martyris\u00e9e\u00bb de Gaza"},"content":{"rendered":"<p>\u00c0 l\u2019issue de la pri\u00e8re dominicale de l\u2019Ang\u00e9lus, le pape a d\u00e9clar\u00e9 qu\u2019il n\u2019y avait \u00abpas d\u2019avenir fond\u00e9 sur la violence, l\u2019exil forc\u00e9, la vengeance\u00bb.<\/p>\n<p class=\"fig-paragraph\">Ce dimanche, \u00e0 l\u2019issue de la pri\u00e8re dominicale de l\u2019Ang\u00e9lus place Saint-Pierre, le pape L\u00e9on XIV a exprim\u00e9 la solidarit\u00e9 de l&rsquo;\u00c9glise envers la population de la \u00abterre martyris\u00e9e\u00bb de Gaza et d\u00e9clar\u00e9 qu&rsquo;il n&rsquo;y avait \u00abpas d&rsquo;avenir fond\u00e9 sur la violence, l&rsquo;exil forc\u00e9, la vengeance\u00bb.<\/p>\n<p class=\"fig-paragraph\">\u00abToute l&rsquo;\u00c9glise exprime sa solidarit\u00e9 avec les fr\u00e8res et s\u0153urs qui souffrent dans cette terre martyris\u00e9e\u00bb, a d\u00e9clar\u00e9 le pape, alors qu&rsquo;Isra\u00ebl a<a href=\"http:\/\/www.lefigaro.fr\/international\/operation-terrestre-a-gaza-israel-ne-veut-plus-controler-la-ville-mais-la-rendre-invivable-20250916\" target=\"_blank\" data-fig-type=\"Article\" rel=\"noopener\" data-gtm-custom-categorie=\"navigation\" data-gtm-custom-action=\"crossclick\" data-gtm-custom-label=\"Contextuel\" data-gtm-event=\"customEventSPE\" data-fig-domain=\"LEFIGARO\">\u00a0encore intensifi\u00e9 ses op\u00e9rations<\/a>\u00a0militaires dans le territoire palestinien d\u00e9vast\u00e9 par bient\u00f4t deux ann\u00e9es de guerre. \u00abLes peuples ont besoin de paix\u00bb, a ajout\u00e9 le souverain pontife.<\/p>\n","protected":false},"excerpt":{"rendered":"\u00c0 l\u2019issue de la pri\u00e8re dominicale de l\u2019Ang\u00e9lus, le pape a d\u00e9clar\u00e9 qu\u2019il n\u2019y avait \u00abpas d\u2019avenir fond\u00e9&hellip;\n","protected":false},"author":2,"featured_media":407408,"comment_status":"","ping_status":"","sticky":false,"template":"","format":"standard","meta":{"footnotes":""},"categories":[5],"tags":[11,1011,27,665,14,19741,12,28],"class_list":{"0":"post-407407","1":"post","2":"type-post","3":"status-publish","4":"format-standard","5":"has-post-thumbnail","7":"category-international","8":"tag-actualites","9":"tag-fr","10":"tag-france","11":"tag-gaza","12":"tag-international","13":"tag-leon-xiv","14":"tag-news","15":"tag-world"},"share_on_mastodon":{"url":"https:\/\/pubeurope.com\/@fr\/115242904144737462","error":""},"_links":{"self":[{"href":"https:\/\/www.europesays.com\/fr\/wp-json\/wp\/v2\/posts\/407407","targetHints":{"allow":["GET"]}}],"collection":[{"href":"https:\/\/www.europesays.com\/fr\/wp-json\/wp\/v2\/posts"}],"about":[{"href":"https:\/\/www.europesays.com\/fr\/wp-json\/wp\/v2\/types\/post"}],"author":[{"embeddable":true,"href":"https:\/\/www.europesays.com\/fr\/wp-json\/wp\/v2\/users\/2"}],"replies":[{"embeddable":true,"href":"https:\/\/www.europesays.com\/fr\/wp-json\/wp\/v2\/comments?post=407407"}],"version-history":[{"count":0,"href":"https:\/\/www.europesays.com\/fr\/wp-json\/wp\/v2\/posts\/407407\/revisions"}],"wp:featuredmedia":[{"embeddable":true,"href":"https:\/\/www.europesays.com\/fr\/wp-json\/wp\/v2\/media\/407408"}],"wp:attachment":[{"href":"https:\/\/www.europesays.com\/fr\/wp-json\/wp\/v2\/media?parent=407407"}],"wp:term":[{"taxonomy":"category","embeddable":true,"href":"https:\/\/www.europesays.com\/fr\/wp-json\/wp\/v2\/categories?post=407407"},{"taxonomy":"post_tag","embeddable":true,"href":"https:\/\/www.europesays.com\/fr\/wp-json\/wp\/v2\/tags?post=407407"}],"curies":[{"name":"wp","href":"https:\/\/api.w.org\/{rel}","templated":true}]}}