{"id":407417,"date":"2025-09-21T15:11:26","date_gmt":"2025-09-21T15:11:26","guid":{"rendered":"https:\/\/www.europesays.com\/fr\/407417\/"},"modified":"2025-09-21T15:11:26","modified_gmt":"2025-09-21T15:11:26","slug":"photos-la-loge-maconnique-saint-jean-de-jerusalem-a-nancy-souvre-au-public","status":"publish","type":"post","link":"https:\/\/www.europesays.com\/fr\/407417\/","title":{"rendered":"Photos. La loge ma\u00e7onnique Saint-Jean de J\u00e9rusalem, \u00e0 Nancy, s&rsquo;ouvre au public"},"content":{"rendered":"<p>Pour la premi\u00e8re fois depuis trois ans, la loge Saint-Jean de J\u00e9rusalem, \u00e0 Nancy, issue du Grand Orient de France, ouvre ses portes au public pendant les Journ\u00e9es europ\u00e9ennes du Patrimoine. En ce dimanche d&rsquo;ouverture, le temple a accueilli pr\u00e8s de 800 visiteurs. Une occasion rare de d\u00e9couvrir les myst\u00e8res et l&rsquo;architecture de ce lieu extraordinaire.<\/p>\n","protected":false},"excerpt":{"rendered":"Pour la premi\u00e8re fois depuis trois ans, la loge Saint-Jean de J\u00e9rusalem, \u00e0 Nancy, issue du Grand Orient&hellip;\n","protected":false},"author":2,"featured_media":407418,"comment_status":"","ping_status":"","sticky":false,"template":"","format":"standard","meta":{"footnotes":""},"categories":[9635],"tags":[1111,11,1704,1777,674,1011,27,2798,775,3457,1702,12,2661,3456,25,273,104],"class_list":{"0":"post-407417","1":"post","2":"type-post","3":"status-publish","4":"format-standard","5":"has-post-thumbnail","7":"category-nancy","8":"tag-actu","9":"tag-actualites","10":"tag-edition-nancy-et-agglomeration","11":"tag-eu","12":"tag-europe","13":"tag-fr","14":"tag-france","15":"tag-galerie-photo","16":"tag-grand-est","17":"tag-meurthe-et-moselle","18":"tag-nancy","19":"tag-news","20":"tag-patrimoine-culturel","21":"tag-region-lorraine","22":"tag-republique-francaise","23":"tag-selection-de-la-redaction","24":"tag-societe"},"share_on_mastodon":{"url":"https:\/\/pubeurope.com\/@fr\/115242931551696483","error":""},"_links":{"self":[{"href":"https:\/\/www.europesays.com\/fr\/wp-json\/wp\/v2\/posts\/407417","targetHints":{"allow":["GET"]}}],"collection":[{"href":"https:\/\/www.europesays.com\/fr\/wp-json\/wp\/v2\/posts"}],"about":[{"href":"https:\/\/www.europesays.com\/fr\/wp-json\/wp\/v2\/types\/post"}],"author":[{"embeddable":true,"href":"https:\/\/www.europesays.com\/fr\/wp-json\/wp\/v2\/users\/2"}],"replies":[{"embeddable":true,"href":"https:\/\/www.europesays.com\/fr\/wp-json\/wp\/v2\/comments?post=407417"}],"version-history":[{"count":0,"href":"https:\/\/www.europesays.com\/fr\/wp-json\/wp\/v2\/posts\/407417\/revisions"}],"wp:featuredmedia":[{"embeddable":true,"href":"https:\/\/www.europesays.com\/fr\/wp-json\/wp\/v2\/media\/407418"}],"wp:attachment":[{"href":"https:\/\/www.europesays.com\/fr\/wp-json\/wp\/v2\/media?parent=407417"}],"wp:term":[{"taxonomy":"category","embeddable":true,"href":"https:\/\/www.europesays.com\/fr\/wp-json\/wp\/v2\/categories?post=407417"},{"taxonomy":"post_tag","embeddable":true,"href":"https:\/\/www.europesays.com\/fr\/wp-json\/wp\/v2\/tags?post=407417"}],"curies":[{"name":"wp","href":"https:\/\/api.w.org\/{rel}","templated":true}]}}