{"id":407419,"date":"2025-09-21T15:13:12","date_gmt":"2025-09-21T15:13:12","guid":{"rendered":"https:\/\/www.europesays.com\/fr\/407419\/"},"modified":"2025-09-21T15:13:12","modified_gmt":"2025-09-21T15:13:12","slug":"la-fregate-latouche-treville-de-la-marine-a-quitte-brest-direction-toulon","status":"publish","type":"post","link":"https:\/\/www.europesays.com\/fr\/407419\/","title":{"rendered":"La fr\u00e9gate Latouche-Tr\u00e9ville de la Marine a quitt\u00e9 Brest, direction Toulon"},"content":{"rendered":"<p><a href=\"https:\/\/www.letelegramme.fr\/finistere\/brest-29200\/la-fregate-latouche-treville-va-quitter-la-base-navale-de-brest-pour-servir-a-des-essais-de-choc-en-mediterranee-6890683.php\" title=\"www.letelegramme.fr\" target=\"_blank\" rel=\"noopener\">La fr\u00e9gate anti-sous-marine Latouche-Tr\u00e9ville avait quitt\u00e9 cette semaine le fond de Penfeld<\/a> \u00e0 Brest, o\u00f9 elle \u00e9tait amarr\u00e9e depuis son d\u00e9sarmement. Apr\u00e8s un court passage au quai des flottilles, elle a mis le cap sur Toulon o\u00f9 elle va servir \u00e0 la Direction g\u00e9n\u00e9rale de l\u2019Armement \u00e0 des essais de choc en M\u00e9diterran\u00e9e. Remorqu\u00e9e par des pousseurs et remorqueurs du service exploitation de la base navale en baie de Roscanvel, elle y a \u00e9t\u00e9 prise en charge vendredi 19 septembre 2025 en matin\u00e9e par le B.S.A.M. (B\u00e2timent de soutien et d\u2019assistance m\u00e9tropolitain), qui va maintenant le convoyer jusqu\u2019au port du Var.<\/p>\n","protected":false},"excerpt":{"rendered":"La fr\u00e9gate anti-sous-marine Latouche-Tr\u00e9ville avait quitt\u00e9 cette semaine le fond de Penfeld \u00e0 Brest, o\u00f9 elle \u00e9tait amarr\u00e9e&hellip;\n","protected":false},"author":2,"featured_media":407420,"comment_status":"","ping_status":"","sticky":false,"template":"","format":"standard","meta":{"footnotes":""},"categories":[9619],"tags":[1111,11,3450,25999,1782,1777,674,1011,27,567,12,53903,882,25,2310],"class_list":{"0":"post-407419","1":"post","2":"type-post","3":"status-publish","4":"format-standard","5":"has-post-thumbnail","7":"category-toulon","8":"tag-actu","9":"tag-actualites","10":"tag-brest","11":"tag-brest-port-de-commerce","12":"tag-defense-nationale","13":"tag-eu","14":"tag-europe","15":"tag-fr","16":"tag-france","17":"tag-marine-nationale","18":"tag-news","19":"tag-port-de-brest","20":"tag-provence-alpes-cote-dazur","21":"tag-republique-francaise","22":"tag-toulon"},"share_on_mastodon":{"url":"https:\/\/pubeurope.com\/@fr\/115242939754400416","error":""},"_links":{"self":[{"href":"https:\/\/www.europesays.com\/fr\/wp-json\/wp\/v2\/posts\/407419","targetHints":{"allow":["GET"]}}],"collection":[{"href":"https:\/\/www.europesays.com\/fr\/wp-json\/wp\/v2\/posts"}],"about":[{"href":"https:\/\/www.europesays.com\/fr\/wp-json\/wp\/v2\/types\/post"}],"author":[{"embeddable":true,"href":"https:\/\/www.europesays.com\/fr\/wp-json\/wp\/v2\/users\/2"}],"replies":[{"embeddable":true,"href":"https:\/\/www.europesays.com\/fr\/wp-json\/wp\/v2\/comments?post=407419"}],"version-history":[{"count":0,"href":"https:\/\/www.europesays.com\/fr\/wp-json\/wp\/v2\/posts\/407419\/revisions"}],"wp:featuredmedia":[{"embeddable":true,"href":"https:\/\/www.europesays.com\/fr\/wp-json\/wp\/v2\/media\/407420"}],"wp:attachment":[{"href":"https:\/\/www.europesays.com\/fr\/wp-json\/wp\/v2\/media?parent=407419"}],"wp:term":[{"taxonomy":"category","embeddable":true,"href":"https:\/\/www.europesays.com\/fr\/wp-json\/wp\/v2\/categories?post=407419"},{"taxonomy":"post_tag","embeddable":true,"href":"https:\/\/www.europesays.com\/fr\/wp-json\/wp\/v2\/tags?post=407419"}],"curies":[{"name":"wp","href":"https:\/\/api.w.org\/{rel}","templated":true}]}}