{"id":407425,"date":"2025-09-21T15:16:11","date_gmt":"2025-09-21T15:16:11","guid":{"rendered":"https:\/\/www.europesays.com\/fr\/407425\/"},"modified":"2025-09-21T15:16:11","modified_gmt":"2025-09-21T15:16:11","slug":"cest-un-coup-de-coeur","status":"publish","type":"post","link":"https:\/\/www.europesays.com\/fr\/407425\/","title":{"rendered":"\u00ab\u2009c\u2019est un coup de c\u0153ur \u00bb"},"content":{"rendered":"<p>            Par<br \/>\n        <strong><br \/>\n            <a href=\"https:\/\/actu.fr\/auteur\/thomas-rideau\" title=\"Consulter tous les articles de Thomas Rideau\" rel=\"nofollow noopener\" target=\"_blank\">Thomas Rideau<\/a><br \/>\n        <\/strong><\/p>\n<p>        Publi\u00e9 le<\/p>\n<p>            21 sept. 2025 \u00e0 16h57        <\/p>\n<p>Le M\u00e9tropole est de retour. <strong>Le mythique caf\u00e9<\/strong>\u00a0situ\u00e9 devant la gare de <a href=\"https:\/\/actu.fr\/normandie\/rouen_76540\" rel=\"nofollow noopener\" target=\"_blank\">Rouen (Seine-Maritime)<\/a> a rouvert ses portes depuis lundi 15\u00a0septembre 2025. <a href=\"https:\/\/actu.fr\/normandie\/rouen_76540\/un-cafe-de-legende-aux-clients-prestigieux-a-rouen-le-metropole-ferme-ses-portes_62357994.html\" rel=\"nofollow noopener\" target=\"_blank\">Il \u00e9tait ferm\u00e9 depuis le mois de mars\u00a02025<\/a>, mais s\u2019offre donc une deuxi\u00e8me jeunesse avec son nouveau patron\u2009: <strong>Axel Amice<\/strong>.<\/p>\n<p class=\" wall-content\"><strong>Les grandes lignes<\/strong> ne varient pas. Nous sommes toujours dans<strong> un espace splendide<\/strong>, art d\u00e9co, avec une hauteur sous plafond assez extraordinaire. \u00ab\u2009C\u2019est une institution. Un bien exceptionnel. On ne parle m\u00eame pas de prix, mais de cote d\u2019amour\u2009\u00bb, nous expliquait \u00e0 l\u2019\u00e9poque un agent immobilier.<\/p>\n<p>\u00ab\u2009C\u2019est un coup de c\u0153ur\u2009\u00bb<\/p>\n<p class=\" wall-content\">Et ce n\u2019est pas Axel Amice, le nouveau patron des lieux qui va le contredire. Le jeune rouennais de 30 ans est tomb\u00e9 amoureux de ce caf\u00e9 dans lequel <a href=\"https:\/\/actu.fr\/normandie\/rouen_76540\/rouen-quand-jean-paul-sartre-et-simone-de-beauvoir-avaient-leurs-habitudes-au-metropole_62376727.html\" rel=\"nofollow noopener\" target=\"_blank\">Simone de Beauvoir et Jean-Paul Sartre avaient leurs habitudes<\/a>. \u00ab\u2009C\u2019est un coup de c\u0153ur. <strong>Le lieu est grandiose.<\/strong>\u2009\u00bb Depuis des semaines, il travaille \u00e0 l\u2019am\u00e9lioration des lieux\u2009: \u00ab\u2009tout a \u00e9t\u00e9 refait. Tout repeint.<strong>\u00a0On a fait un travail monstrueux sur les boiseries<\/strong>, on a refait les assises\u2026\u2009\u00bb tout en gardant l\u2019esprit des lieux.<\/p>\n<p>    <img   decoding=\"async\" loading=\"lazy\" src=\"https:\/\/www.europesays.com\/fr\/wp-content\/uploads\/2025\/09\/20250918-145635-960x640.jpg\" alt=\"La salle du M\u00e9tropole toujours aussi chaleureuse et atypique.\" width=\"960\" height=\"640\"\/><br \/>\n    La salle du M\u00e9tropole toujours aussi chaleureuse et atypique. (\u00a9TR\/76actu)<\/p>\n<p class=\" wall-content\">Celui qui a commenc\u00e9 sa carri\u00e8re dans les cuisines de Rouen, va justement apporter un changement majeur aux lieux\u2009: \u00ab On va construire <strong>une cuisine<\/strong> dans le sous-sol. On a d\u00e9j\u00e0 les plans de l\u2019architecte, on attend la validation des monuments de France.\u2009\u00bb En effet, le M\u00e9tropole \u00e9tant <strong>un monument class\u00e9<\/strong>, il faut avancer avec pr\u00e9caution lorsqu\u2019on veut faire \u00e9voluer l\u2019\u00e9tablissement.<\/p>\n<p>Une cuisine dans neuf mois<\/p>\n<p class=\" wall-content\">Si tout se passe comme pr\u00e9vu, la cuisine ouvrira dans neuf mois. En attendant, le M\u00e9tropole fait ce pour quoi il est connu\u2009: c\u2019est un caf\u00e9 bar \u00e0 l\u2019amplitude horaire tr\u00e8s large. Ouverture d\u00e8s 7h30 et fermeture \u00e0 20h, du lundi au vendredi (8h-15h, le samedi).<strong> \u00ab\u2009Cet emplacement est exceptionnel\u2009\u00bb<\/strong>, note celui qui esp\u00e8re capter les passants et les voyageurs qui se rendent \u00e0 la gare. \u00ab\u2009Il y a beaucoup de passage, la gare\u2026 Mais aussi l\u2019arr\u00eat du TEOR\u2009\u00bb, \u00e9num\u00e8re Axel Amice.<\/p>\n<p>Suivez l\u2019actualit\u00e9 de Rouen <a href=\"https:\/\/www.whatsapp.com\/channel\/0029VaKfnf99hXF2ddApFB1D\" rel=\"nofollow noopener\" target=\"_blank\">sur notre cha\u00eene WhatsApp<\/a> et <a href=\"https:\/\/www.tiktok.com\/@76actu.fr?lang=fr\" rel=\"nofollow noopener\" target=\"_blank\">sur notre compte TikTok<\/a><\/p>\n<p class=\" wall-content\">Personnalisez votre actualit\u00e9 en ajoutant vos villes et m\u00e9dias en favori avec <a href=\"https:\/\/moncompte.actu.fr\" title=\"D\u00e9couvez Mon Actu\" rel=\"nofollow noopener\" data-trk=\"{&quot;cta&quot;:{&quot;action&quot;:&quot;https:\\\/\\\/moncompte.actu.fr&quot;,&quot;category&quot;:&quot;mon compte&quot;,&quot;from&quot;:&quot;article footer&quot;,&quot;name&quot;:&quot;Mon actu&quot;,&quot;type&quot;:&quot;cta&quot;}}\" target=\"_blank\">Mon Actu<\/a>.<\/p>\n<p>                    <script async src=\"\/\/www.tiktok.com\/embed.js\"><\/script><\/p>\n","protected":false},"excerpt":{"rendered":"Par Thomas Rideau Publi\u00e9 le 21 sept. 2025 \u00e0 16h57 Le M\u00e9tropole est de retour. Le mythique caf\u00e9\u00a0situ\u00e9&hellip;\n","protected":false},"author":2,"featured_media":407426,"comment_status":"","ping_status":"","sticky":false,"template":"","format":"standard","meta":{"footnotes":""},"categories":[9587],"tags":[1111,11,9086,215,1777,674,1011,27,1652,12,5161,25,9590],"class_list":{"0":"post-407425","1":"post","2":"type-post","3":"status-publish","4":"format-standard","5":"has-post-thumbnail","7":"category-rouen","8":"tag-actu","9":"tag-actualites","10":"tag-bon-plan-a-rouen","11":"tag-commerce","12":"tag-eu","13":"tag-europe","14":"tag-fr","15":"tag-france","16":"tag-loisirs-culture","17":"tag-news","18":"tag-normandie","19":"tag-republique-francaise","20":"tag-rouen"},"share_on_mastodon":{"url":"https:\/\/pubeurope.com\/@fr\/115242951259521699","error":""},"_links":{"self":[{"href":"https:\/\/www.europesays.com\/fr\/wp-json\/wp\/v2\/posts\/407425","targetHints":{"allow":["GET"]}}],"collection":[{"href":"https:\/\/www.europesays.com\/fr\/wp-json\/wp\/v2\/posts"}],"about":[{"href":"https:\/\/www.europesays.com\/fr\/wp-json\/wp\/v2\/types\/post"}],"author":[{"embeddable":true,"href":"https:\/\/www.europesays.com\/fr\/wp-json\/wp\/v2\/users\/2"}],"replies":[{"embeddable":true,"href":"https:\/\/www.europesays.com\/fr\/wp-json\/wp\/v2\/comments?post=407425"}],"version-history":[{"count":0,"href":"https:\/\/www.europesays.com\/fr\/wp-json\/wp\/v2\/posts\/407425\/revisions"}],"wp:featuredmedia":[{"embeddable":true,"href":"https:\/\/www.europesays.com\/fr\/wp-json\/wp\/v2\/media\/407426"}],"wp:attachment":[{"href":"https:\/\/www.europesays.com\/fr\/wp-json\/wp\/v2\/media?parent=407425"}],"wp:term":[{"taxonomy":"category","embeddable":true,"href":"https:\/\/www.europesays.com\/fr\/wp-json\/wp\/v2\/categories?post=407425"},{"taxonomy":"post_tag","embeddable":true,"href":"https:\/\/www.europesays.com\/fr\/wp-json\/wp\/v2\/tags?post=407425"}],"curies":[{"name":"wp","href":"https:\/\/api.w.org\/{rel}","templated":true}]}}