{"id":407431,"date":"2025-09-21T15:19:15","date_gmt":"2025-09-21T15:19:15","guid":{"rendered":"https:\/\/www.europesays.com\/fr\/407431\/"},"modified":"2025-09-21T15:19:15","modified_gmt":"2025-09-21T15:19:15","slug":"un-succes-sportif-et-solidaire","status":"publish","type":"post","link":"https:\/\/www.europesays.com\/fr\/407431\/","title":{"rendered":"un succ\u00e8s sportif et solidaire"},"content":{"rendered":"<p>Ce dimanche 21\u00a0septembre, plus de 2 000 participantes et participants ont pris le d\u00e9part de La Grenobloise, entre course chronom\u00e9tr\u00e9e et marche solidaire, sur l\u2019anneau de vitesse du parc Paul-Mistral. Organis\u00e9e par l\u2019ASPTT Athl\u00e9tisme Grenoble Gr\u00e9sivaudan, la manifestation a mobilis\u00e9 150 b\u00e9n\u00e9voles et atteint sa jauge maximale de s\u00e9curit\u00e9 fix\u00e9e par la Ville.<\/p>\n","protected":false},"excerpt":{"rendered":"Ce dimanche 21\u00a0septembre, plus de 2 000 participantes et participants ont pris le d\u00e9part de La Grenobloise, entre&hellip;\n","protected":false},"author":2,"featured_media":407432,"comment_status":"","ping_status":"","sticky":false,"template":"","format":"standard","meta":{"footnotes":""},"categories":[9566],"tags":[1111,11,4132,2430,112,1777,674,1011,27,5325,2798,2731,2732,108,12,25,7135,71],"class_list":{"0":"post-407431","1":"post","2":"type-post","3":"status-publish","4":"format-standard","5":"has-post-thumbnail","7":"category-grenoble","8":"tag-actu","9":"tag-actualites","10":"tag-athletisme","11":"tag-auvergne-rhone-alpes","12":"tag-edition-grenoble-agglomeration","13":"tag-eu","14":"tag-europe","15":"tag-fr","16":"tag-france","17":"tag-galerie-media","18":"tag-galerie-photo","19":"tag-grenoble","20":"tag-grenoble-bassin","21":"tag-isere","22":"tag-news","23":"tag-republique-francaise","24":"tag-running","25":"tag-sante"},"share_on_mastodon":{"url":"https:\/\/pubeurope.com\/@fr\/115242963053064642","error":""},"_links":{"self":[{"href":"https:\/\/www.europesays.com\/fr\/wp-json\/wp\/v2\/posts\/407431","targetHints":{"allow":["GET"]}}],"collection":[{"href":"https:\/\/www.europesays.com\/fr\/wp-json\/wp\/v2\/posts"}],"about":[{"href":"https:\/\/www.europesays.com\/fr\/wp-json\/wp\/v2\/types\/post"}],"author":[{"embeddable":true,"href":"https:\/\/www.europesays.com\/fr\/wp-json\/wp\/v2\/users\/2"}],"replies":[{"embeddable":true,"href":"https:\/\/www.europesays.com\/fr\/wp-json\/wp\/v2\/comments?post=407431"}],"version-history":[{"count":0,"href":"https:\/\/www.europesays.com\/fr\/wp-json\/wp\/v2\/posts\/407431\/revisions"}],"wp:featuredmedia":[{"embeddable":true,"href":"https:\/\/www.europesays.com\/fr\/wp-json\/wp\/v2\/media\/407432"}],"wp:attachment":[{"href":"https:\/\/www.europesays.com\/fr\/wp-json\/wp\/v2\/media?parent=407431"}],"wp:term":[{"taxonomy":"category","embeddable":true,"href":"https:\/\/www.europesays.com\/fr\/wp-json\/wp\/v2\/categories?post=407431"},{"taxonomy":"post_tag","embeddable":true,"href":"https:\/\/www.europesays.com\/fr\/wp-json\/wp\/v2\/tags?post=407431"}],"curies":[{"name":"wp","href":"https:\/\/api.w.org\/{rel}","templated":true}]}}