{"id":407438,"date":"2025-09-21T15:23:11","date_gmt":"2025-09-21T15:23:11","guid":{"rendered":"https:\/\/www.europesays.com\/fr\/407438\/"},"modified":"2025-09-21T15:23:11","modified_gmt":"2025-09-21T15:23:11","slug":"paris-fc-strasbourg-2-3-la-marche-etait-trop-haute-pour-les-parisiens","status":"publish","type":"post","link":"https:\/\/www.europesays.com\/fr\/407438\/","title":{"rendered":"Paris FC-Strasbourg (2-3) : la marche \u00e9tait trop haute pour les Parisiens"},"content":{"rendered":"<p class=\"paragraph text_align_left lp-f-body-02\">Fin de s\u00e9rie pour le<a href=\"https:\/\/www.leparisien.fr\/sports\/football\/paris-fc\/\" target=\"_blank\" rel=\"noreferrer noopener\"> Paris FC.<\/a> Apr\u00e8s deux victoires contre Metz (3-2) et \u00e0 Brest (1-2), le club de la capitale a conc\u00e9d\u00e9 son premier revers \u00e0 domicile de la saison contre Strasbourg (2-3) lors de la 5e journ\u00e9e de L1. Face \u00e0 un adversaire redoutable, meilleure \u00e9quipe de la phase retour de L1 derri\u00e8re le PSG l\u2019an pass\u00e9 et qualifi\u00e9 pour la Ligue Europa Conf\u00e9rence, le promu n\u2019a pas d\u00e9m\u00e9rit\u00e9 en r\u00e9alisant un nouveau match spectaculaire mais il a manqu\u00e9 de justesse, souvent dans le dernier geste et parfois dans l\u2019avant-dernier. <\/p>\n<p class=\"paragraph text_align_left lp-f-body-02\">Devant ce manque d\u2019efficacit\u00e9 offensivement lors des 80 premi\u00e8res minutes, les hommes de St\u00e9phane Gilli se sont souvent expos\u00e9s aux contres strasbourgeois et ont encaiss\u00e9 trois nouveaux buts. Cela porte \u00e0 12 en 5 journ\u00e9e. L\u2019axe de travail est connu. Il faudra apprendre vite m\u00eame s\u2019ils n\u2019affronteront pas un si bon adversaire tous les week-ends. <\/p>\n<p class=\"paragraph text_align_left lp-f-body-02\">Dans un stade Jean-Bouin encore copieusement garni, les Parisiens emballent la rencontre d\u00e8s le coup d\u2019envoi. Moses Simon ouvre les hostilit\u00e9s d\u2019une superbe frappe excentr\u00e9e d\u00e9tourn\u00e9e par Penders. Le portier strasbourgeois doit s\u2019employer dans la minute suivante en repoussant le tir \u00e0 l\u2019entr\u00e9e de la surface de Lees-Melou. <\/p>\n<p class=\"paragraph text_align_left lp-f-body-02\">Fid\u00e8les \u00e0 leurs principes de jeu, les hommes de St\u00e9phane Gilli s\u2019appliquent \u00e0 bien relancer et dominent la possession du ballon. Les Alsaciens, <a href=\"https:\/\/www.leparisien.fr\/sports\/football\/ligue-1\/ligue-1-a-strasbourg-multipropriete-et-foot-business-mettent-les-supporters-en-colere-21-09-2025-N2WQQE6WK5AEJBZT7AZLFS3EYM.php\" target=\"_blank\" rel=\"noreferrer noopener\">dont le parcage est rest\u00e9 silencieux en raison du conflit avec la direction<\/a>, restent solides et piquent sur leur premi\u00e8re opportunit\u00e9. Un centre de Moreira est repris de la t\u00eate par Paez, \u00e9trangement seul dans la surface de r\u00e9paration, qui trompe Nkambadio (0-1, 27e). Un coup du sort. Mais, le Paris FC se ressaisit. Hamari Traor\u00e9, pr\u00e9cieux sur le flanc droit pour son premier match avec sa nouvelle \u00e9quipe, manque de peu l\u2019\u00e9galisation \u00e0 la suite d\u2019une demi-vol\u00e9e (28e).<\/p>\n<p class=\"paragraph text_align_left lp-f-body-02\">Puis c\u2019est au tour de Willem Geubbels de rater la mire par deux fois de la t\u00eate (41e) puis seul \u00e0 trois m\u00e8tres du but (45e). Deux \u00e9checs face au but et une prestation terne dans le jeu qui conduisent St\u00e9phane Gilli \u00e0 le remplacer \u00e0 la pause par Gory.<\/p>\n<p class=\"paragraph text_align_left lp-f-body-02\">Au retour des vestiaires, les Parisiens poussent mais se montrent souvent brouillons \u00e0 l\u2019image de son ma\u00eetre \u00e0 jouer Ilan Kebbal qui a remport\u00e9 le troph\u00e9e UNFP de meilleur joueur de L1 du mois d\u2019ao\u00fbt. \u00c0 force d\u2019attaquer, le PFC se fait contrer en encaissant un 2e but sign\u00e9 Dou\u00e9 (0-2, 79e). Dans la foul\u00e9e, le Paris FC r\u00e9chauffe une premi\u00e8re fois son public en trouvant enfin la faille dans la d\u00e9fense de Strasbourg par Dicko (1-2, 82e). <\/p>\n<p class=\"paragraph text_align_left lp-f-body-02\">La partie devient folle Les Alsaciens rajoutent un nouveau but par son capitaine Emegha critiqu\u00e9 par une banderole de son propre public la semaine pass\u00e9e pour sa signature \u00e0 Chelsea (1-3, 88e). Une frappe crois\u00e9e de Gory dans le temps additionnel redonne espoir aux Parisiens (2-3). Mais il \u00e9tait un peu tard pour arracher un point.<\/p>\n<p class=\"paragraph text_align_left lp-f-body-02\"><b>La feuille de match :<\/b><\/p>\n<p class=\"paragraph text_align_left lp-f-body-02\"><b>PARIS FC &#8211; STRASBOURG : 2-3 (0-1). <\/b>Spectateurs : 17 912. Arbitre : M. Letexier<\/p>\n<p class=\"paragraph text_align_left lp-f-body-02\"><b>Buts.<\/b> Paris FC : Dicko (82e), Gory (90e +3) ; Strasbourg : Paez (27e), (Dou\u00e9 79e), Emegha, 87e)<\/p>\n<p class=\"paragraph text_align_left lp-f-body-02\"><b>Avertissements.<\/b> Paris FC : M. Lopez (73e) ; Strasbourg : Godo (21e), Sarr (74e), Penders (90e +8).<\/p>\n<p class=\"paragraph text_align_left lp-f-body-02\"><b>Paris FC : <\/b>Nkambadio &#8211; Traor\u00e9 (De Smet, 70e), Chergui, Mbow, Sangui (Krasso, 89e) &#8211; Lees-Melou &#8211; Kebbal, M. Lopez, Camara (Cafaro, 80e), Simon (Dicko, 70e) &#8211; Geubbels (Gory, 46e). <b>Entr. : <\/b>Gilli.<\/p>\n","protected":false},"excerpt":{"rendered":"Fin de s\u00e9rie pour le Paris FC. Apr\u00e8s deux victoires contre Metz (3-2) et \u00e0 Brest (1-2), le&hellip;\n","protected":false},"author":2,"featured_media":407439,"comment_status":"","ping_status":"","sticky":false,"template":"","format":"standard","meta":{"footnotes":""},"categories":[2820],"tags":[1111,11,1777,674,63,1011,27,775,12,445,25,60,640],"class_list":{"0":"post-407438","1":"post","2":"type-post","3":"status-publish","4":"format-standard","5":"has-post-thumbnail","7":"category-strasbourg","8":"tag-actu","9":"tag-actualites","10":"tag-eu","11":"tag-europe","12":"tag-football","13":"tag-fr","14":"tag-france","15":"tag-grand-est","16":"tag-news","17":"tag-paris-fc","18":"tag-republique-francaise","19":"tag-sports","20":"tag-strasbourg"},"share_on_mastodon":{"url":"https:\/\/pubeurope.com\/@fr\/115242978786591662","error":""},"_links":{"self":[{"href":"https:\/\/www.europesays.com\/fr\/wp-json\/wp\/v2\/posts\/407438","targetHints":{"allow":["GET"]}}],"collection":[{"href":"https:\/\/www.europesays.com\/fr\/wp-json\/wp\/v2\/posts"}],"about":[{"href":"https:\/\/www.europesays.com\/fr\/wp-json\/wp\/v2\/types\/post"}],"author":[{"embeddable":true,"href":"https:\/\/www.europesays.com\/fr\/wp-json\/wp\/v2\/users\/2"}],"replies":[{"embeddable":true,"href":"https:\/\/www.europesays.com\/fr\/wp-json\/wp\/v2\/comments?post=407438"}],"version-history":[{"count":0,"href":"https:\/\/www.europesays.com\/fr\/wp-json\/wp\/v2\/posts\/407438\/revisions"}],"wp:featuredmedia":[{"embeddable":true,"href":"https:\/\/www.europesays.com\/fr\/wp-json\/wp\/v2\/media\/407439"}],"wp:attachment":[{"href":"https:\/\/www.europesays.com\/fr\/wp-json\/wp\/v2\/media?parent=407438"}],"wp:term":[{"taxonomy":"category","embeddable":true,"href":"https:\/\/www.europesays.com\/fr\/wp-json\/wp\/v2\/categories?post=407438"},{"taxonomy":"post_tag","embeddable":true,"href":"https:\/\/www.europesays.com\/fr\/wp-json\/wp\/v2\/tags?post=407438"}],"curies":[{"name":"wp","href":"https:\/\/api.w.org\/{rel}","templated":true}]}}