{"id":407442,"date":"2025-09-21T15:25:13","date_gmt":"2025-09-21T15:25:13","guid":{"rendered":"https:\/\/www.europesays.com\/fr\/407442\/"},"modified":"2025-09-21T15:25:13","modified_gmt":"2025-09-21T15:25:13","slug":"a8-sortie-nice-aeroport-n51-direction-italie","status":"publish","type":"post","link":"https:\/\/www.europesays.com\/fr\/407442\/","title":{"rendered":"A8 sortie Nice A\u00e9roport N\u00b051 direction Italie"},"content":{"rendered":"<ol class=\"breadcrumb\" itemscope=\"\" itemtype=\"https:\/\/schema.org\/BreadcrumbList\">\n<li itemprop=\"itemListElement\" itemscope=\"\" itemtype=\"https:\/\/schema.org\/ListItem\">\n                    <a itemprop=\"item\" href=\"https:\/\/radio.vinci-autoroutes.com\/\" target=\"_blank\" rel=\"noopener\"><br \/>\n                        Accueil<br \/>\n                    <\/a><\/p>\n<\/li>\n<li itemprop=\"itemListElement\" itemscope=\"\" itemtype=\"https:\/\/schema.org\/ListItem\">\n                        <a itemprop=\"item\" href=\"https:\/\/radio.vinci-autoroutes.com\/rubrique\/infotrafic\" target=\"_blank\" rel=\"noopener\"><br \/>\n                            Actu trafic<br \/>\n                        <\/a><\/p>\n<\/li>\n<li itemprop=\"itemListElement\" itemscope=\"\" itemtype=\"https:\/\/schema.org\/ListItem\">\n                        <a itemprop=\"item\" href=\"https:\/\/radio.vinci-autoroutes.com\/rubrique\/travaux\" target=\"_blank\" rel=\"noopener\"><br \/>\n                            Travaux<br \/>\n                        <\/a><\/p>\n<\/li>\n<\/ol>\n<p class=\"article-chapeau\" itemprop=\"description\">Dans la r\u00e9gion de Nice, Les 4 nuits du lundi 22 au vendredi 26 septembre, \u00e0 partir de 21h et au plus tard jusqu\u2019\u00e0 06h du matin, la sortie Nice-A\u00e9roport N\u00b051 de l\u2019autoroute A8, est ferm\u00e9e, en direction de l&rsquo;Italie, pour r\u00e9nover la chauss\u00e9e.<\/p>\n<p class=\"article-author\">Auteur : Christophe Cherchour<\/p>\n<p class=\"article-modification\">Derni\u00e8re modification : 21\/09\/2025 16:43<\/p>\n<p>                <img decoding=\"async\" src=\"https:\/\/www.europesays.com\/fr\/wp-content\/uploads\/2025\/09\/M-nuit-chaussees-vue-dessus.jpg\" alt=\"A8 sortie Nice A\u00e9roport N\u00b051 direction Italie\"\/><\/p>\n<p>                                                    0:17\n                                            <\/p>\n<p class=\"legende\">Vue a\u00e9rienne de la chauss\u00e9e de nuit avec marquage lumineux<\/p>\n<p>                            \u00a9 VINCI Autoroutes                        <\/p>\n<p>\n        Vous pouvez sortir, \u00e0 Saint-Laurent-du-Var N\u00b049 ou \u00e0 Nice Saint-Isidore N\u00b052.    <\/p>\n<p>            Pour approfondir le sujet<\/p>\n<p>        Partager cet article<\/p>\n","protected":false},"excerpt":{"rendered":"Accueil Actu trafic Travaux Dans la r\u00e9gion de Nice, Les 4 nuits du lundi 22 au vendredi 26&hellip;\n","protected":false},"author":2,"featured_media":407443,"comment_status":"","ping_status":"","sticky":false,"template":"","format":"standard","meta":{"footnotes":""},"categories":[2819],"tags":[1111,11,663,13635,1777,674,1011,27,452,9865,12,2401,35025,882,16,25,395,3686,6949],"class_list":{"0":"post-407442","1":"post","2":"type-post","3":"status-publish","4":"format-standard","5":"has-post-thumbnail","7":"category-nice","8":"tag-actu","9":"tag-actualites","10":"tag-aeroport","11":"tag-direction","12":"tag-eu","13":"tag-europe","14":"tag-fr","15":"tag-france","16":"tag-italie","17":"tag-lundi","18":"tag-news","19":"tag-nice","20":"tag-nuits","21":"tag-provence-alpes-cote-dazur","22":"tag-region","23":"tag-republique-francaise","24":"tag-septembre","25":"tag-sortie","26":"tag-vendredi"},"share_on_mastodon":{"url":"https:\/\/pubeurope.com\/@fr\/115242986969562210","error":""},"_links":{"self":[{"href":"https:\/\/www.europesays.com\/fr\/wp-json\/wp\/v2\/posts\/407442","targetHints":{"allow":["GET"]}}],"collection":[{"href":"https:\/\/www.europesays.com\/fr\/wp-json\/wp\/v2\/posts"}],"about":[{"href":"https:\/\/www.europesays.com\/fr\/wp-json\/wp\/v2\/types\/post"}],"author":[{"embeddable":true,"href":"https:\/\/www.europesays.com\/fr\/wp-json\/wp\/v2\/users\/2"}],"replies":[{"embeddable":true,"href":"https:\/\/www.europesays.com\/fr\/wp-json\/wp\/v2\/comments?post=407442"}],"version-history":[{"count":0,"href":"https:\/\/www.europesays.com\/fr\/wp-json\/wp\/v2\/posts\/407442\/revisions"}],"wp:featuredmedia":[{"embeddable":true,"href":"https:\/\/www.europesays.com\/fr\/wp-json\/wp\/v2\/media\/407443"}],"wp:attachment":[{"href":"https:\/\/www.europesays.com\/fr\/wp-json\/wp\/v2\/media?parent=407442"}],"wp:term":[{"taxonomy":"category","embeddable":true,"href":"https:\/\/www.europesays.com\/fr\/wp-json\/wp\/v2\/categories?post=407442"},{"taxonomy":"post_tag","embeddable":true,"href":"https:\/\/www.europesays.com\/fr\/wp-json\/wp\/v2\/tags?post=407442"}],"curies":[{"name":"wp","href":"https:\/\/api.w.org\/{rel}","templated":true}]}}