{"id":407456,"date":"2025-09-21T15:33:17","date_gmt":"2025-09-21T15:33:17","guid":{"rendered":"https:\/\/www.europesays.com\/fr\/407456\/"},"modified":"2025-09-21T15:33:17","modified_gmt":"2025-09-21T15:33:17","slug":"ce-restaurant-de-la-metropole-de-lille-a-remporte-lemission-la-meilleure-cuisine-regionale-cest-chez-moi","status":"publish","type":"post","link":"https:\/\/www.europesays.com\/fr\/407456\/","title":{"rendered":"Ce restaurant de la m\u00e9tropole de Lille a remport\u00e9 l&rsquo;\u00e9mission \u00ab\u00a0La meilleure cuisine r\u00e9gionale, c&rsquo;est chez moi\u00a0\u00bb"},"content":{"rendered":"<p>            Par<br \/>\n        <strong><br \/>\n            <a href=\"https:\/\/actu.fr\/auteur\/hervine-mahaud\" title=\"Consulter tous les articles de Hervine Mahaud\" rel=\"nofollow noopener\" target=\"_blank\">Hervine Mahaud<\/a><br \/>\n        <\/strong><\/p>\n<p>        Publi\u00e9 le<\/p>\n<p>            21 sept. 2025 \u00e0 16h35        <\/p>\n<p>Superbe r\u00e9compense pour cet \u00e9tablissement qui mise sur l\u2019ultra local. Vendredi 19 septembre 2025, <b>L\u2019\u00c9table de Hem<\/b>, situ\u00e9 dans la m\u00e9tropole de <a href=\"https:\/\/actu.fr\/lille\/\" rel=\"nofollow noopener\" target=\"_blank\">Lille<\/a>, a remport\u00e9 la finale de <b>l\u2019\u00e9mission \u00ab\u00a0La meilleure cuisine r\u00e9gionale, c\u2019est chez moi\u00a0\u00bb<\/b> diffus\u00e9e sur <b>M6<\/b>. Depuis la diffusion, les r\u00e9servations pleuvent.<\/p>\n<p>Les plats du restaurant s\u00e9duisent le jury<\/p>\n<p class=\" wall-content\">Install\u00e9 \u00e0 la <b>Ferme Braquaval<\/b>, une ancienne ferme mara\u00eech\u00e8re, <a href=\"https:\/\/actu.fr\/hauts-de-france\/lille_59350\/deux-restaurants-de-la-metropole-de-lille-passent-cette-semaine-dans-lemission-culinaire-de-m6_63141289.html\" rel=\"nofollow noopener\" target=\"_blank\">le restaurant participait \u00e0 l\u2019\u00e9mission de M6<\/a> \u00ab\u00a0La meilleure cuisine r\u00e9gionale, c\u2019est chez moi\u00a0\u00bb. Du 15 au 19 septembre, l\u2019\u00e9mission mettait \u00e0 l\u2019honneur des restaurateurs passionn\u00e9s qui incarnent la richesse de la <b>gastronomie<\/b> des <b>Hauts-de-France<\/b>.<\/p>\n<p class=\" wall-content\">Le mercredi 17 septembre, L\u2019\u00c9table de Hem \u00e9tait confront\u00e9e au <a href=\"https:\/\/actu.fr\/hauts-de-france\/lille_59350\/a-lille-le-bar-le-georges-v-a-un-nouveau-proprietaire-voici-ce-qui-change_57312422.html\" rel=\"nofollow noopener\" target=\"_blank\">Geroges V, restaurant lillois sp\u00e9cialis\u00e9 dans le welsh<\/a>. Le vendredi 19 septembre, place \u00e0 la demi-finale puis \u00e0 la finale. Deux \u00e9tapes franchies haut la main par <b>Guillaume Bergem, chef du restaurant h\u00e9mois<\/b>, \u00ab\u00a0mi-brasserie, mi-estaminet\u00a0\u00bb. Sa charlotte au sp\u00e9culoos et aux poires et son farci v\u00e9g\u00e9tal au fromage ont convaincu les papilles de Norbet Tarayre et Yoann Conte.<\/p>\n<p>\u00ab\u00a0C\u2019\u00e9tait une chouette aventure\u00a0\u00bb<\/p>\n<p class=\" wall-content\">\u00c0 la suite de la diffusion de l\u2019\u00e9mission ce vendredi, le chef s\u2019est empress\u00e9 de partager la bonne nouvelle sur les r\u00e9seaux sociaux du restaurant. \u00ab\u00a0C\u2019\u00e9tait une chouette aventure et ce f\u00fbt difficile de ne rien dire pendant 6 mois\u00a0\u00bb, explique Guillaume Bergem.<\/p>\n<p>    <a href=\"https:\/\/www.facebook.com\/plugins\/post.php?href=https%3A%2F%2Fwww.facebook.com%2Fletabledehem%2Fposts%2Fpfbid0ZiWG4QqfTsRnJSBjADny4EaiMqwSnZS8JwrJgpXA4Qr732MVC5Wcz4gc86RgGojul&amp;show_text=true&amp;width=350\" title=\"Ouvrie le lien\" rel=\"nofollow noopener\" target=\"_blank\">Cliquez ici pour visualiser le contenu<\/a><\/p>\n<p class=\" wall-content\">Mercredi d\u00e9j\u00e0, apr\u00e8s son duel remport\u00e9 face au restaurant lillois, <b>les r\u00e9servations se sont emball\u00e9es<\/b>. Mais c\u2019\u00e9tait sans compter sur l\u2019engouement suscit\u00e9 par sa victoire en finale. \u00ab\u00a0Les semaines qui arrivent s\u2019annoncent folles ! N\u2019h\u00e9sitez pas \u00e0 r\u00e9server 2\/3 semaines \u00e0 l\u2019avance pour les week-end\u00a0\u00bb, pr\u00e9vient le restaurateur.<\/p>\n<p class=\" wall-content\">Vous savez ce qu\u2019il vous reste \u00e0 faire pour vous r\u00e9galer \u00e0 coup s\u00fbr, avec la meilleure cuisine r\u00e9gionale !<\/p>\n<p class=\" wall-content\">Personnalisez votre actualit\u00e9 en ajoutant vos villes et m\u00e9dias en favori avec <a href=\"https:\/\/moncompte.actu.fr\" title=\"D\u00e9couvez Mon Actu\" rel=\"nofollow noopener\" data-trk=\"{&quot;cta&quot;:{&quot;action&quot;:&quot;https:\\\/\\\/moncompte.actu.fr&quot;,&quot;category&quot;:&quot;mon compte&quot;,&quot;from&quot;:&quot;article footer&quot;,&quot;name&quot;:&quot;Mon actu&quot;,&quot;type&quot;:&quot;cta&quot;}}\" target=\"_blank\">Mon Actu<\/a>.<\/p>\n","protected":false},"excerpt":{"rendered":"Par Hervine Mahaud Publi\u00e9 le 21 sept. 2025 \u00e0 16h35 Superbe r\u00e9compense pour cet \u00e9tablissement qui mise sur&hellip;\n","protected":false},"author":2,"featured_media":407457,"comment_status":"","ping_status":"","sticky":false,"template":"","format":"standard","meta":{"footnotes":""},"categories":[2815],"tags":[1111,11,1777,674,1011,27,1661,811,1307,12,25,1340,104,252],"class_list":{"0":"post-407456","1":"post","2":"type-post","3":"status-publish","4":"format-standard","5":"has-post-thumbnail","7":"category-lille","8":"tag-actu","9":"tag-actualites","10":"tag-eu","11":"tag-europe","12":"tag-fr","13":"tag-france","14":"tag-gastronomie","15":"tag-hauts-de-france","16":"tag-lille","17":"tag-news","18":"tag-republique-francaise","19":"tag-restaurant","20":"tag-societe","21":"tag-television"},"share_on_mastodon":{"url":"https:\/\/pubeurope.com\/@fr\/115243018137504276","error":""},"_links":{"self":[{"href":"https:\/\/www.europesays.com\/fr\/wp-json\/wp\/v2\/posts\/407456","targetHints":{"allow":["GET"]}}],"collection":[{"href":"https:\/\/www.europesays.com\/fr\/wp-json\/wp\/v2\/posts"}],"about":[{"href":"https:\/\/www.europesays.com\/fr\/wp-json\/wp\/v2\/types\/post"}],"author":[{"embeddable":true,"href":"https:\/\/www.europesays.com\/fr\/wp-json\/wp\/v2\/users\/2"}],"replies":[{"embeddable":true,"href":"https:\/\/www.europesays.com\/fr\/wp-json\/wp\/v2\/comments?post=407456"}],"version-history":[{"count":0,"href":"https:\/\/www.europesays.com\/fr\/wp-json\/wp\/v2\/posts\/407456\/revisions"}],"wp:featuredmedia":[{"embeddable":true,"href":"https:\/\/www.europesays.com\/fr\/wp-json\/wp\/v2\/media\/407457"}],"wp:attachment":[{"href":"https:\/\/www.europesays.com\/fr\/wp-json\/wp\/v2\/media?parent=407456"}],"wp:term":[{"taxonomy":"category","embeddable":true,"href":"https:\/\/www.europesays.com\/fr\/wp-json\/wp\/v2\/categories?post=407456"},{"taxonomy":"post_tag","embeddable":true,"href":"https:\/\/www.europesays.com\/fr\/wp-json\/wp\/v2\/tags?post=407456"}],"curies":[{"name":"wp","href":"https:\/\/api.w.org\/{rel}","templated":true}]}}