{"id":407466,"date":"2025-09-21T15:40:11","date_gmt":"2025-09-21T15:40:11","guid":{"rendered":"https:\/\/www.europesays.com\/fr\/407466\/"},"modified":"2025-09-21T15:40:11","modified_gmt":"2025-09-21T15:40:11","slug":"ratp-et-sncf-les-perturbations-attendues-dans-les-transports-a-paris-et-en-ile-de-france-cette-semaine-18","status":"publish","type":"post","link":"https:\/\/www.europesays.com\/fr\/407466\/","title":{"rendered":"RATP et SNCF. Les perturbations attendues dans les transports \u00e0 Paris et en \u00cele-de-France cette semaine"},"content":{"rendered":"<p>            Par<br \/>\n        <strong><br \/>\n            <a href=\"https:\/\/actu.fr\/auteur\/antoine-grotteria02\" title=\"Consulter tous les articles de Antoine Grotteria\" target=\"_blank\" rel=\"noopener\">Antoine Grotteria<\/a><br \/>\n        <\/strong><\/p>\n<p>        Publi\u00e9 le<\/p>\n<p>            21 sept. 2025 \u00e0 17h02        <\/p>\n<p>Retour \u00e0 un trafic l\u00e9g\u00e8rement <strong>moins perturb\u00e9<\/strong>. Apr\u00e8s une semaine marqu\u00e9e par la forte <a href=\"https:\/\/actu.fr\/ile-de-france\/paris_75056\/direct-greve-du-18-septembre-les-perturbations-et-informations-a-retenir-avant-la-manifestation-a-paris_63174662.html\" target=\"_blank\" rel=\"noopener\">mobilisation sociale du 18 septembre<\/a>, les <a href=\"https:\/\/actu.fr\/tag\/transport\" target=\"_blank\" rel=\"noopener\">transports<\/a> \u00e0 <a href=\"https:\/\/actu.fr\/paris\/\" target=\"_blank\" rel=\"noopener\">Paris<\/a> et en <a href=\"https:\/\/actu.fr\/ile-de-france\/\" target=\"_blank\" rel=\"noopener\">\u00cele-de-France<\/a> ne conna\u00eetront par d\u2019entraves particuli\u00e8res, \u00e0 l\u2019exception des travaux. RER, <a href=\"https:\/\/actu.fr\/tag\/metro\" target=\"_blank\" rel=\"noopener\">m\u00e9tro<\/a>, Transilien\u2026 Voici ce qui vous attend du lundi 22 au dimanche 28 septembre dans les lignes <a href=\"https:\/\/actu.fr\/tag\/sncf\" target=\"_blank\" rel=\"noopener\">SNCF<\/a> et <a href=\"https:\/\/actu.fr\/tag\/ratp\" target=\"_blank\" rel=\"noopener\">RATP<\/a>.\u00a0<\/p>\n<p class=\" wall-content\"><strong>M\u00e9tro<\/strong><\/p>\n<ul class=\" wall-content\">\n<li><strong>Ligne 6<\/strong> : jusqu\u2019au\u00a028 septembre,\u00a0l\u2019arr\u00eat n\u2019est pas desservi\u00a0\u00e0\u00a0Cambronne\u00a0en raison de\u00a0travaux de modernisation<\/li>\n<li><strong>Ligne 10<\/strong> : jusqu\u2019au 2 octobre, du dimanche au jeudi d\u00e8s 22h30, le trafic est interrompu sur toute la ligne en raison de travaux de modernisation.<\/li>\n<\/ul>\n<p class=\" wall-content\"><strong>RER<\/strong><\/p>\n<ul class=\" wall-content\">\n<li><strong>RER A<\/strong> : du lundi 22 au vendredi 26 septembre, d\u00e8s 22h15, le trafic sera interrompu entre Maisons-Laffitte et Cergy \u2013 Le Haut en raison de travaux. Bus de remplacement \u00e0 Sartrouville.\u00a0<\/li>\n<li><strong>RER B<\/strong> : du lundi 22 au vendredi 26 septembre, d\u00e8s 22h45, le trafic est interrompu entre Gare du Nord et A\u00e9roport Charles de Gaulle 2\u2013TGV via Mitry\u2013Claye en raison de travaux d\u2019entretien. Bus en place. Samedi 27 et dimanche 28, le trafic sera interrompu entre Denfert-Rochereau et La Croix de Berny\/Robinson. Offre de transport r\u00e9duite. Reportez votre voyage. Des bus de remplacement seront mis en place \u00e0 Porte d\u2019Orl\u00e9ans.\u00a0<\/li>\n<li><strong>RER C<\/strong> : samedi 27 septembre, d\u00e8s 23h55, le trafic est interrompu entre Gare d\u2019Austerlitz et Dourdan la For\u00eat. Bus de remplacement. Dimanche 28 septembre, d\u00e8s 23h45, le trafic est interrompu entre Dourdan et Paris Austerlitz. Du lundi 22 au vendredi 26 septembre, le trafic est interrompu de Javel \u00e0 St-Quentin en Yvelines d\u00e8s 23h30. Idem entre Dourdan et Paris Austerlitz. Idem entre Versailles Ch\u00e2teau Rive Gauche et Javel. Idem \u00e0 partir de 23 heures entre Paris Austerlitz et Juvisy via Choisy le Roi. Idem entre Paris Austerlitz et Pont de Rungis. Idem entre Avenue Henri Martin et Montigny Beauchamp. Jusqu\u2019au dim 11 janvier 2026, l\u2019arr\u00eat n\u2019est pas desservi \u00e0 Issy vers Vers. Ch\u00e2t. Rive Ga. et St-Quentin en Yv. en raison de travaux. Le samedi 27 et dimanche 28 septembre, le trafic est interrompu entre Champ de Mars et Pontoise, la fr\u00e9quence des trains est r\u00e9duite entre Champ de Mars et Invalides. Idem \u00e0 partir de 23h45 entre Juvisy et Paris Austerlitz via Choisy le Roi. Samedi 27 et dimanche 28 septembre, les trains sont directs de Juvisy \u00e0 Choisy le Roi uniquement dans ce sens. Les gares de Athis Mons, Ablon et Villeneuve le Roi ne sont pas desservies par les trains \u00e0 destination de Versailles Ch\u00e2teau Rive Gauche.\u00a0<\/li>\n<li><strong>RER D<\/strong> : du lundi 22 au vendredi 26 septembre, d\u00e8s 23h35, le trafic est interrompu entre Creil et Paris Gare du Nord. Un service de bus de remplacement est mis en place, avec desserte des gares interm\u00e9diaires. Du lundi 22 au vendredi 26 septembre, d\u00e8s 23h20, le trafic est interrompu entre Paris Gare du Nord et Creil. Bus en place et desserte des gares interm\u00e9diaires. Du lundi au vendredi \u00e0 partir de 23h20, le trafic est interrompu entre Gare du Nord et Creil en raison de travaux. Samedi et dimanche, Le trafic est ralenti entre Villeneuve S Georges et Melun, un trains sur deux circulent entre ces deux gares. Aux m\u00eames dates, le trafic est interrompu entre Stade France St-Denis et Creil, de 22h50 \u00e0 8h50.\u00a0<\/li>\n<li><strong>RER E<\/strong> : lundi 22 septembre, le trafic est interrompu entre Nanterre-la-Folie et Chelles Gournay \u00e0 partir de 22h30. Du mardi 23 au vendredi 26 septembre, d\u00e8s 22h45, le trafic sera interrompu entre Nanterre-La-Folie et Chelles \u2013 Gournay.\u00a0<\/li>\n<\/ul>\n<p class=\" wall-content\"><strong>Transilien<\/strong><\/p>\n<ul class=\" wall-content\">\n<li><strong>Ligne H<\/strong> : du lundi 22 septembre au vendredi 26 septembre, le trafic est interrompu entre Paris Gare du Nord et Persan \u2013 Beaumont via Montsoult \u2013 Maffliers. Le trafic est interrompu entre Paris Gare du Nord et Persan \u2013 Beaumont via Valmondois aux m\u00eames horaires. Samedi 27 et dimanche 28 septembre, le trafic est interrompu entre Gare du Nord et Ermont\u2013Eaubonne de 22h50 \u00e0 8h50. M\u00eame chose entre Gare du Nord et Sarcelles\u2013St-Brice.\u00a0<\/li>\n<li><strong>Ligne J<\/strong> : du lundi 22 au vendredi 26 septembre, d\u00e8s 21h15, le trafic est interrompu entre Issou \u2013 Porcheville et Mantes-la-Jolie via Conflans- Sainte-Honorine. Bus de remplacement. Du lundi 22 au vendredi 26 septembre, le trafic sera interrompu entre Gare Saint-Lazare et Mantes-la-Jolie via Poissy d\u00e8s 21h40. Bus de remplacement. Le samedi 27 et dimanche 28 septembre. Le trafic est interrompu entre Les Mureaux et Mantes la Jolie<\/li>\n<li><strong>Ligne K<\/strong> : samedi 27 et dimanche 28 septembre, le trafic est interrompu entre Gare du Nord et Mitry\u2013Claye.\u00a0<\/li>\n<li><strong>Ligne L<\/strong> : jusqu\u2019au 5 octobre, le week-end, trafic interrompu entre Suresnes Mt Val\u00e9rien et Versailles Rive Dr., et entre St-Nom-la-Bret\u00e8che et Suresnes Mt Val\u00e9rien vers Versailles Rive Dr., St-Nom-la-Bret\u00e8che et Gare Saint-Lazare. Bus de remplacement. Du lundi au vendredi, d\u00e8s 21h50, le trafic est interrompu entre Sartrouville et Maisons-Laffitte.\u00a0<\/li>\n<li><strong>Ligne N<\/strong> : du lundi 22 au vendredi 26 septembre, le trafic est interrompu entre Paris Montparnasse et Rambouillet d\u00e8s 23 heures. Le week-end du samedi 27 au dimanche 28 septembre, \u00e0 partir de 23h30, le trafic est interrompu entre Paris Montparnasse et Plaisir \u2013 Grignon. M\u00eame chose entre Montparnasse et Rambouillet \u00e0 partir de 23h45.\u00a0<\/li>\n<li><strong>Ligne P<\/strong> : du lundi au vendredi, \u00e0 partir de 21h30, le trafic est interrompu entre Paris Est et Coulommiers. Samedi 27 et dimanche 28 septembre, le trafic est interrompu entre Paris Est et Coulommiers \u00e0 partir de 22h30. M\u00eame chose en semaine de Coulommiers vers Paris Est \u00e0 partir de 21h30. Les week-ends, toute la journ\u00e9e, le samedi 27 et dimanche 28 septembre, le trafic est interrompu entre Paris Est et Provins.<\/li>\n<li><strong>Ligne R<\/strong> : jusqu\u2019au vendredi 26 septembre, \u00e0 partir de 23h35, le trafic est ralenti sur l\u2019ensemble de la ligne en raison de travaux. Tous les trains au d\u00e9part de Gare de Lyon pour Montereau sont sans arr\u00eat jusqu\u2019\u00e0 la gare de Champagne-sur-Seine, puis directs jusqu\u2019\u00e0 leur terminus Montereau d\u00e8s 21h45.\u00a0<\/li>\n<\/ul>\n<p class=\" wall-content\"><strong>Tramway<\/strong><\/p>\n<p class=\" wall-content\"><strong>T1<\/strong> : le trafic est interrompu\u00a0entre Asni\u00e8res \u2013 Quatre Routes et Gare de Saint-Denis\u00a0et perturb\u00e9 sur le reste de la ligne\u00a0en raison d\u2019une d\u00e9gradation par un tiers\u00a0\u00e0 L\u2019\u00cele-Saint-Denis.\u00a0Pas de reprise pr\u00e9vue jusqu\u2019\u00e0 nouvel ordre.<\/p>\n<p class=\" wall-content\"><strong>T2<\/strong> : jusqu\u2019\u00e0 fin f\u00e9vrier 2026, le trafic est interrompu entre Porte de Versailles et Suzanne Lenglen en raison d\u2019importants travaux de modernisation.<br \/>Pour rejoindre la Porte de Versailles, depuis Suzanne Lenglen, rejoindre \u00e0 pied la station Balard du T3a.<\/p>\n<p class=\" wall-content\"><strong>T4<\/strong> : Du Lundi 1er septembre au vendredi 10 octobre, sauf les week-ends, le trafic est interrompu entre les stations Gargan et Aulnay-sous-Bois \u00e0 partir de 22h55.\u00a0<\/p>\n<p>Votre r\u00e9gion, votre actu !<\/p>\n<p>Recevez chaque jour les infos qui comptent pour vous.<\/p>\n<p>\t<a href=\"https:\/\/actu.fr\/newsletter\" class=\"ac-btn ac-btn--corner ac-btn--medium ac-btn--blue800\" target=\"_blank\" rel=\"noopener\">S&rsquo;incrire<\/a><\/p>\n<p class=\" wall-content\"><strong>T13<\/strong> : De 21h jusqu\u2019en fin de soir\u00e9e en semaine, du lundi 1er septembre au vendredi 17 octobre.<\/p>\n<p class=\" wall-content\"><strong>T14<\/strong> : du dimanche 21 au vendredi 26 septembre, le trafic est interrompu sur toute la ligne de 22h jusqu\u2019\u00e0 fin de service. Un service de bus substitution est mise en place.<\/p>\n<p class=\" wall-content\">Personnalisez votre actualit\u00e9 en ajoutant vos villes et m\u00e9dias en favori avec <a href=\"https:\/\/moncompte.actu.fr\" title=\"D\u00e9couvez Mon Actu\" rel=\"nofollow noopener\" data-trk=\"{&quot;cta&quot;:{&quot;action&quot;:&quot;https:\\\/\\\/moncompte.actu.fr&quot;,&quot;category&quot;:&quot;mon compte&quot;,&quot;from&quot;:&quot;article footer&quot;,&quot;name&quot;:&quot;Mon actu&quot;,&quot;type&quot;:&quot;cta&quot;}}\" target=\"_blank\">Mon Actu<\/a>.<\/p>\n","protected":false},"excerpt":{"rendered":"Par Antoine Grotteria Publi\u00e9 le 21 sept. 2025 \u00e0 17h02 Retour \u00e0 un trafic l\u00e9g\u00e8rement moins perturb\u00e9. Apr\u00e8s&hellip;\n","protected":false},"author":2,"featured_media":407467,"comment_status":"","ping_status":"","sticky":false,"template":"","format":"standard","meta":{"footnotes":""},"categories":[1592],"tags":[1111,11,1777,674,1011,27,662,12,626,625,25,2215,104,2803],"class_list":{"0":"post-407466","1":"post","2":"type-post","3":"status-publish","4":"format-standard","5":"has-post-thumbnail","7":"category-ile-de-france","8":"tag-actu","9":"tag-actualites","10":"tag-eu","11":"tag-europe","12":"tag-fr","13":"tag-france","14":"tag-ile-de-france","15":"tag-news","16":"tag-paris","17":"tag-ratp","18":"tag-republique-francaise","19":"tag-sncf","20":"tag-societe","21":"tag-transport"},"share_on_mastodon":{"url":"https:\/\/pubeurope.com\/@fr\/115243045627660741","error":""},"_links":{"self":[{"href":"https:\/\/www.europesays.com\/fr\/wp-json\/wp\/v2\/posts\/407466","targetHints":{"allow":["GET"]}}],"collection":[{"href":"https:\/\/www.europesays.com\/fr\/wp-json\/wp\/v2\/posts"}],"about":[{"href":"https:\/\/www.europesays.com\/fr\/wp-json\/wp\/v2\/types\/post"}],"author":[{"embeddable":true,"href":"https:\/\/www.europesays.com\/fr\/wp-json\/wp\/v2\/users\/2"}],"replies":[{"embeddable":true,"href":"https:\/\/www.europesays.com\/fr\/wp-json\/wp\/v2\/comments?post=407466"}],"version-history":[{"count":0,"href":"https:\/\/www.europesays.com\/fr\/wp-json\/wp\/v2\/posts\/407466\/revisions"}],"wp:featuredmedia":[{"embeddable":true,"href":"https:\/\/www.europesays.com\/fr\/wp-json\/wp\/v2\/media\/407467"}],"wp:attachment":[{"href":"https:\/\/www.europesays.com\/fr\/wp-json\/wp\/v2\/media?parent=407466"}],"wp:term":[{"taxonomy":"category","embeddable":true,"href":"https:\/\/www.europesays.com\/fr\/wp-json\/wp\/v2\/categories?post=407466"},{"taxonomy":"post_tag","embeddable":true,"href":"https:\/\/www.europesays.com\/fr\/wp-json\/wp\/v2\/tags?post=407466"}],"curies":[{"name":"wp","href":"https:\/\/api.w.org\/{rel}","templated":true}]}}