{"id":407497,"date":"2025-09-21T16:00:16","date_gmt":"2025-09-21T16:00:16","guid":{"rendered":"https:\/\/www.europesays.com\/fr\/407497\/"},"modified":"2025-09-21T16:00:16","modified_gmt":"2025-09-21T16:00:16","slug":"motogp-misano-j3-ai-ogura-aprilia-ab-doit-se-remettre-pour-son-gp-a-domicile-jai-de-la-chance-de-men-etre-sorti-sans-grosses-blessures","status":"publish","type":"post","link":"https:\/\/www.europesays.com\/fr\/407497\/","title":{"rendered":"MotoGP, Misano J3, Ai Ogura (Aprilia\/Ab.) doit se remettre pour son GP \u00e0 domicile : \u00ab\u00a0J&rsquo;ai de la chance de m&rsquo;en \u00eatre sorti sans grosses blessures\u00a0\u00bb"},"content":{"rendered":"<p><strong>Ai Ogura souffre de contusions et de blessures apr\u00e8s sa<br \/>\nchute survenue lors du GP de Misano, et esp\u00e8re \u00eatre remis pour le<br \/>\nJapon.<\/strong><\/p>\n<p><strong>Ai Ogura<\/strong> semblait <a href=\"https:\/\/www.paddock-gp.com\/motogp-catalogne-j3-ai-ogura-aprilia-6-signe-son-meilleur-resultat-depuis-des-mois-on-avait-vraiment-besoin-dune-bonne-course\/\" target=\"_blank\" rel=\"noopener nofollow\">avoir enfin sorti la t\u00eate de l\u2019eau \u00e0<br \/>\nBarcelone<\/a> apr\u00e8s une deuxi\u00e8me partie de saison tr\u00e8s compliqu\u00e9e.<br \/>\nToutefois, il n\u2019est pas parvenu \u00e0 tout aligner et ne s\u2019est qualifi\u00e9<br \/>\nque 15e \u00e0 Misano avant de terminer 12e de la course sprint le<br \/>\nsamedi. Le dimanche, la situation a empir\u00e9 puisqu\u2019il est parti \u00e0 la<br \/>\nfaute dans le troisi\u00e8me tour.<\/p>\n<p>\u00ab\u00a0Malheureusement, j\u2019ai chut\u00e9 et c\u2019est dommage parce<br \/>\nqu\u2019on voulait vraiment terminer la course. On avait apport\u00e9<br \/>\nquelques modifications \u00e0 la moto juste avant et seuls moi et un<br \/>\nautre pilote \u00e9tions \u00e9quip\u00e9s du pneu arri\u00e8re tendre. Je voulais donc<br \/>\nvoir comment la course se d\u00e9roulerait, surtout pour le test de<br \/>\ndemain. \u00c7a nous aurait donn\u00e9 des id\u00e9es et c\u2019est dommage que j\u2019aie<br \/>\nchut\u00e9 d\u00e8s les premiers tours. La chute en elle-m\u00eame \u00e9tait de ma<br \/>\nfaute et elle a \u00e9t\u00e9 assez rapide. Heureusement, je n\u2019ai pas de<br \/>\ngrosses blessures, j\u2019ai de la chance de m\u2019en \u00eatre sorti comme \u00e7a.<br \/>\nJe suis content d\u2019aller bien apr\u00e8s cette chute mais je suis d\u00e9sol\u00e9<br \/>\npour l\u2019\u00e9quipe\u00a0\u00bb, a-t-il d\u00e9clar\u00e9.<\/p>\n<p><img loading=\"lazy\" decoding=\"async\" class=\"aligncenter size-full wp-image-1331235\" src=\"https:\/\/www.europesays.com\/fr\/wp-content\/uploads\/2025\/09\/1758470412_482_unnamed-3.jpg\" alt=\"Ai Ogura Misano\" width=\"800\" height=\"533\"  \/><\/p>\n<p>Si aucune image de sa chute n\u2019a \u00e9t\u00e9 montr\u00e9e, elle a \u00e9t\u00e9<br \/>\nsuffisamment violente pour qu\u2019il ne puisse pas participer au test<br \/>\nofficiel le lendemain. L\u2019\u00e9quipe Trackhouse a ainsi pr\u00e9cis\u00e9 dans son<br \/>\ncommuniqu\u00e9 : \u00ab\u00a0Les examens m\u00e9dicaux effectu\u00e9s apr\u00e8s la<br \/>\nchute et lundi matin ont r\u00e9v\u00e9l\u00e9 des contusions osseuses \u00e0 la base<br \/>\ndes os de l\u2019index, du majeur et de l\u2019annulaire de la main droite.<br \/>\nTous les os, y compris l\u2019auriculaire, sont enflamm\u00e9s. De plus, un<br \/>\ngonflement inflammatoire autour de l\u2019articulation pivot du poignet<br \/>\nlimite les mouvements et provoque une g\u00eane. Une \u00e9chographie a<br \/>\n\u00e9galement d\u00e9tect\u00e9 un gonflement g\u00e9n\u00e9ralis\u00e9 des tissus mous,<br \/>\ndirectement sous le calcan\u00e9um du pied gauche.\u00a0\u00bb<\/p>\n<p>D\u00e9j\u00e0 bless\u00e9 en milieu de saison, <strong>Ogura<\/strong> n\u2019\u00e9tait<br \/>\npleinement r\u00e9tabli que depuis peu de temps. Cet incident survient<br \/>\njuste avant son Grand Prix \u00e0 domicile, au Japon, pour lequel il<br \/>\nvoudra logiquement tout donner devant son public. Il lui reste cinq<br \/>\njour pour parvenir \u00e0 r\u00e9cup\u00e9rer au maximum.<\/p>\n<p><strong>R\u00e9sultats du Grand Prix de Saint-Marin MotoGP<br \/>\n2025 :<\/strong><\/p>\n<p><img loading=\"lazy\" decoding=\"async\" class=\"aligncenter size-full wp-image-1329968\" src=\"https:\/\/www.europesays.com\/fr\/wp-content\/uploads\/2025\/09\/Capture-decran-2025-09-14-150356.png\" alt=\"Misano Grand Prix\" width=\"800\" height=\"571\"  \/><\/p>\n<p>Cr\u00e9dit classement : <a href=\"https:\/\/www.motogp.com\/fr\/live+timing\/data-timing\/standing\" target=\"_blank\" rel=\"noopener nofollow\">MotoGP.com<\/a><\/p>\n","protected":false},"excerpt":{"rendered":"Ai Ogura souffre de contusions et de blessures apr\u00e8s sa chute survenue lors du GP de Misano, et&hellip;\n","protected":false},"author":2,"featured_media":407498,"comment_status":"","ping_status":"","sticky":false,"template":"","format":"standard","meta":{"footnotes":""},"categories":[1413],"tags":[1011,27,1457,1456,60],"class_list":{"0":"post-407497","1":"post","2":"type-post","3":"status-publish","4":"format-standard","5":"has-post-thumbnail","7":"category-moto","8":"tag-fr","9":"tag-france","10":"tag-moto","11":"tag-motocycle","12":"tag-sports"},"share_on_mastodon":{"url":"https:\/\/pubeurope.com\/@fr\/115243124832468137","error":""},"_links":{"self":[{"href":"https:\/\/www.europesays.com\/fr\/wp-json\/wp\/v2\/posts\/407497","targetHints":{"allow":["GET"]}}],"collection":[{"href":"https:\/\/www.europesays.com\/fr\/wp-json\/wp\/v2\/posts"}],"about":[{"href":"https:\/\/www.europesays.com\/fr\/wp-json\/wp\/v2\/types\/post"}],"author":[{"embeddable":true,"href":"https:\/\/www.europesays.com\/fr\/wp-json\/wp\/v2\/users\/2"}],"replies":[{"embeddable":true,"href":"https:\/\/www.europesays.com\/fr\/wp-json\/wp\/v2\/comments?post=407497"}],"version-history":[{"count":0,"href":"https:\/\/www.europesays.com\/fr\/wp-json\/wp\/v2\/posts\/407497\/revisions"}],"wp:featuredmedia":[{"embeddable":true,"href":"https:\/\/www.europesays.com\/fr\/wp-json\/wp\/v2\/media\/407498"}],"wp:attachment":[{"href":"https:\/\/www.europesays.com\/fr\/wp-json\/wp\/v2\/media?parent=407497"}],"wp:term":[{"taxonomy":"category","embeddable":true,"href":"https:\/\/www.europesays.com\/fr\/wp-json\/wp\/v2\/categories?post=407497"},{"taxonomy":"post_tag","embeddable":true,"href":"https:\/\/www.europesays.com\/fr\/wp-json\/wp\/v2\/tags?post=407497"}],"curies":[{"name":"wp","href":"https:\/\/api.w.org\/{rel}","templated":true}]}}