{"id":407499,"date":"2025-09-21T16:01:07","date_gmt":"2025-09-21T16:01:07","guid":{"rendered":"https:\/\/www.europesays.com\/fr\/407499\/"},"modified":"2025-09-21T16:01:07","modified_gmt":"2025-09-21T16:01:07","slug":"aston-villa-marque-enfin-mais-ne-decolle-toujours-pas-eurosport","status":"publish","type":"post","link":"https:\/\/www.europesays.com\/fr\/407499\/","title":{"rendered":"Aston Villa marque enfin mais ne d\u00e9colle toujours pas &#8211; Eurosport"},"content":{"rendered":"<ol>\n<li><a href=\"https:\/\/news.google.com\/rss\/articles\/CBMi_gFBVV95cUxOVHJvSW8zTW1fUVY2RmtFSUZ0ZjZWZFl1eXl2Uk9iUnRwQ2pSeDc1M3FMdG4yang1a3lkNkpvVnBJMEtZM2JuRHZ3a08tcnRSZEhEUGZqVEdpY1dMcWl3d1FoZEcxOGdnUmpjTVBXdzgxcVBObVhOckpuc0VqdnQyVWxkUU9LOEZ6T3JkenVEaUp3STFwZVVuZ2s5a0Z1SW9ZWktiOEt1TEVCRmFvQnIxNF8ySTBTMzgxcC1zdWdtcUhIc1ZuZWZsQ1NuUXpXSVRvVm9zQzNQMnRnYTBtSS1rWnJrTFVSbzJEdk1FdEFtNDJEYTZrV2hZT2I5bkdhUQ?oc=5\" target=\"_blank\" rel=\"noopener\">Aston Villa marque enfin mais ne d\u00e9colle toujours pas<\/a>&nbsp;&nbsp;Eurosport<\/li>\n<li><a href=\"https:\/\/news.google.com\/rss\/articles\/CBMizgFBVV95cUxPelJBM1hGU2JFTEl0aGY0dkZWc19oY0VTd2h6UkNnV1NydXNoWldvTlhCLVhaRWtjUGxXWTItX3pzbndGUnFud3ZEYlc0MUdaM0J3bEo4eEhScDdjUHZsR1BBWVdhWW9WbXk3YzBXNXJXTllNRUVrYUpBZ1NtVG1UM0xxaEt3T0dVVVFDT0dNdXRuMlJuSjBRaFNMUlAwdjJfSnpYNTJ0MjRYR01PbjFDSXQ5TjdpUDJLcmg2Nl93QnVkem9zY0E2OGRCN1AwUQ?oc=5\" target=\"_blank\" rel=\"noopener\">Bournemouth cale face \u00e0 Newcastle, Aston Villa n&rsquo;y arrive toujours pas \u00e0 Sunderland<\/a>&nbsp;&nbsp;L&rsquo;\u00c9quipe<\/li>\n<li><a href=\"https:\/\/news.google.com\/rss\/articles\/CBMivgFBVV95cUxQVzRhZjcySV95TFNaZ3E0UndzRlF6WXdNV1dLalFQTWg2enA5aWotb29BLUViaE9pT0Rqb1h0RlZOckN0aVNSQm5KSml3N0JNNnZtbjR3UjFXb2w0VmJlUUlZTk5rT19fakhWUzZjV1h3ejhGenh1TlZkTXpOWmh1b2JOQXZLZ3VjV1dtZDZwazU4OUhFR0VlNG80OGRjLXAwc0NublIydlpNeTFBQmh0bm5xSHFzVTE1THFiSTVR?oc=5\" target=\"_blank\" rel=\"noopener\">Composition Sunderland &#8211; Aston Villa, Premier League, 5\u00e8me journ\u00e9e, match du dimanche 21 septembre 2025<\/a>&nbsp;&nbsp;RMC Sport<\/li>\n<li><a href=\"https:\/\/news.google.com\/rss\/articles\/CBMiswFBVV95cUxPRjE4ajR6aU02SE5xVTgwcEd6dGRPc2NtQ0toLXlPNUtPNDZsSVVkNlNXeC1MRHAyWFdpVGgwOUVMQ0pLcEl0V1lEYjFLZlM0d1hZS19BSzNHb2tFVk5mbG1YZmVCR0pXZUNRR3BEMG9VUkd3cF81TnZVYjNMMzAtMU9HaWZNWTRZVnlxa2hYVGdGQno0VkowelE0eU1pa1Zxdk02U3hxSEtOLTJ5bHZuM3RTaw?oc=5\" target=\"_blank\" rel=\"noopener\">Aston Villa rel\u00e9gable, Newcastle \u00e0 l&rsquo;arr\u00eat &#8211; Premier League &#8211; J5<\/a>&nbsp;&nbsp;SO FOOT.com<\/li>\n<li><a href=\"https:\/\/news.google.com\/rss\/articles\/CBMiiAFBVV95cUxPYzA0bnNsN2RlWDBvN3lYaDMtZ2tCdjJRSXNIZmpNa0NLcVBJNVZJblROWWV4cXlNQS1LQ2RwMkNucWR0MlRGT0lWY1pJb0ZESDZNVi1TMVdPNmJrVlBxekFlM0hyUmJIbDdoM0plbi1TN3dXVm5TVW1tMC1sMmk2OENqaEwtcVZP?oc=5\" target=\"_blank\" rel=\"noopener\">Mais qu\u2019arrive-t-il \u00e0 Aston Villa ?<\/a>&nbsp;&nbsp;Foot Mercato<\/li>\n<\/ol>\n","protected":false},"excerpt":{"rendered":"Aston Villa marque enfin mais ne d\u00e9colle toujours pas&nbsp;&nbsp;Eurosport Bournemouth cale face \u00e0 Newcastle, Aston Villa n&rsquo;y arrive&hellip;\n","protected":false},"author":2,"featured_media":395849,"comment_status":"","ping_status":"","sticky":false,"template":"","format":"standard","meta":{"footnotes":""},"categories":[1412],"tags":[1451,1452,1453,1454,1455,1011,27,60],"class_list":{"0":"post-407499","1":"post","2":"type-post","3":"status-publish","4":"format-standard","5":"has-post-thumbnail","7":"category-f1","8":"tag-f1","9":"tag-formula-1","10":"tag-formula1","11":"tag-formule-1","12":"tag-formule1","13":"tag-fr","14":"tag-france","15":"tag-sports"},"share_on_mastodon":{"url":"https:\/\/pubeurope.com\/@fr\/115243128196323181","error":""},"_links":{"self":[{"href":"https:\/\/www.europesays.com\/fr\/wp-json\/wp\/v2\/posts\/407499","targetHints":{"allow":["GET"]}}],"collection":[{"href":"https:\/\/www.europesays.com\/fr\/wp-json\/wp\/v2\/posts"}],"about":[{"href":"https:\/\/www.europesays.com\/fr\/wp-json\/wp\/v2\/types\/post"}],"author":[{"embeddable":true,"href":"https:\/\/www.europesays.com\/fr\/wp-json\/wp\/v2\/users\/2"}],"replies":[{"embeddable":true,"href":"https:\/\/www.europesays.com\/fr\/wp-json\/wp\/v2\/comments?post=407499"}],"version-history":[{"count":0,"href":"https:\/\/www.europesays.com\/fr\/wp-json\/wp\/v2\/posts\/407499\/revisions"}],"wp:featuredmedia":[{"embeddable":true,"href":"https:\/\/www.europesays.com\/fr\/wp-json\/wp\/v2\/media\/395849"}],"wp:attachment":[{"href":"https:\/\/www.europesays.com\/fr\/wp-json\/wp\/v2\/media?parent=407499"}],"wp:term":[{"taxonomy":"category","embeddable":true,"href":"https:\/\/www.europesays.com\/fr\/wp-json\/wp\/v2\/categories?post=407499"},{"taxonomy":"post_tag","embeddable":true,"href":"https:\/\/www.europesays.com\/fr\/wp-json\/wp\/v2\/tags?post=407499"}],"curies":[{"name":"wp","href":"https:\/\/api.w.org\/{rel}","templated":true}]}}