{"id":407503,"date":"2025-09-21T16:04:13","date_gmt":"2025-09-21T16:04:13","guid":{"rendered":"https:\/\/www.europesays.com\/fr\/407503\/"},"modified":"2025-09-21T16:04:13","modified_gmt":"2025-09-21T16:04:13","slug":"il-y-a-eu-un-enorme-michou-brise-le-silence-sur-les-dommages-collateraux-de-sa-rupture-avec-elsa-bois","status":"publish","type":"post","link":"https:\/\/www.europesays.com\/fr\/407503\/","title":{"rendered":"\u201cIl y a eu un \u00e9norme\u2026\u201d : Michou brise le silence sur les dommages collat\u00e9raux de sa rupture avec Elsa Bois"},"content":{"rendered":"<p>Sept mois apr\u00e8s l&rsquo;annonce de leur rupture, <a href=\"https:\/\/www.closermag.fr\/people\/elsa-bois-et-michou-separes-clap-de-fin-pour-le-couple-star-de-dals-son-message-en-dit-long-3519931\" target=\"_blank\" rel=\"noopener\"><br \/>\nMiguel Mattioli<\/a> sort enfin du silence. Le cr\u00e9ateur de contenu<br \/>\naux 10 millions d&rsquo;abonn\u00e9s YouTube a accept\u00e9 de revenir sur cette<br \/>\np\u00e9riode douloureuse lors de son passage dans l&rsquo;\u00e9mission de France<br \/>\n5, samedi 20 septembre.<\/p>\n<p>Une s\u00e9paration sous les projecteurs<\/p>\n<p><a href=\"https:\/\/www.closermag.fr\/people\/elsa-bois-et-michou-separes-clap-de-fin-pour-le-couple-star-de-dals-son-message-en-dit-long-3519931\" target=\"_blank\" rel=\"noopener\"><br \/>\nLeur histoire d&rsquo;amour<\/a> avait d\u00e9but\u00e9 sous l&rsquo;\u0153il des cam\u00e9ras de<br \/>\nTF1 durant la onzi\u00e8me saison de \u00ab\u00a0Danse avec les stars\u00a0\u00bb. Trois<br \/>\nann\u00e9es de relation plus tard, le couple star des r\u00e9seaux sociaux<br \/>\nannon\u00e7ait sa fin en d\u00e9but d&rsquo;ann\u00e9e. N\u00e9anmoins, cette rupture n&rsquo;a pas<br \/>\n\u00e9chapp\u00e9 \u00e0 l&rsquo;attention du public.<\/p>\n<p>L&rsquo;influenceur explique que leur notori\u00e9t\u00e9 a transform\u00e9 ce moment<br \/>\nintime en spectacle public : \u00ab\u00a0Les gens pensaient qu&rsquo;on leur<br \/>\ndevait des comptes, ils s&rsquo;immiscaient dans la relation\u00a0\u00bb,<br \/>\nconfie-t-il sur le plateau t\u00e9l\u00e9vis\u00e9. Cette exposition m\u00e9diatique<br \/>\nconstante a cr\u00e9\u00e9 une pression suppl\u00e9mentaire sur l&rsquo;ancien couple,<br \/>\ntransformant une \u00e9preuve personnelle en affaire publique.<\/p>\n<p>Le calvaire num\u00e9rique d&rsquo;Elsa Bois<\/p>\n<p><a href=\"https:\/\/www.closermag.fr\/people\/michou-ses-confidences-touchantes-sur-sa-soeur-handicapee-1527878#item=1\" target=\"_blank\" rel=\"noopener\"><br \/>\nLa professeure de danse<\/a> a pay\u00e9 le prix fort de cette s\u00e9paration<br \/>\nm\u00e9diatis\u00e9e. Elle est devenue la cible d&rsquo;attaques r\u00e9p\u00e9t\u00e9es sur les<br \/>\nplateformes num\u00e9riques, subissant les foudres d&rsquo;internautes<br \/>\nmalveillants. Miguel Mattioli d\u00e9nonce cette violence : \u00ab\u00a0Il y a<br \/>\neu un \u00e9norme cyber harc\u00e8lement au moment o\u00f9 on s&rsquo;est s\u00e9par\u00e9s.<br \/>\nUne s\u00e9paration c&rsquo;est d\u00e9j\u00e0 dur, derri\u00e8re tu as un cyber<br \/>\nharc\u00e8lement c&rsquo;est tr\u00e8s compliqu\u00e9\u00a0\u00bb.<\/p>\n<p>Face \u00e0 cette situation, <a href=\"https:\/\/www.closermag.fr\/people\/laissez-moi-dans-mon-delire-pas-pret-a-avoir-des-enfants-avec-elsa-bois-michou-dit-les-choses-cash-3313573\" target=\"_blank\" rel=\"noopener\"><br \/>\nle youtubeur<\/a> avait publiquement appel\u00e9 ses fans \u00e0 soutenir son<br \/>\nancienne compagne durant un direct Twitch. Cette solidarit\u00e9<br \/>\nt\u00e9moigne de la gravit\u00e9 des attaques subies par la participante de<br \/>\nla saison 14 de l&rsquo;\u00e9mission de Camille Combal, alors en comp\u00e9tition<br \/>\navec le nageur Florent Manaudou.<\/p>\n<blockquote class=\"twitter-tweet\"><p><a class=\"twitter-link\" rel=\"noindex, nofollow noopener\" href=\"https:\/\/twitter.com\/cavousf5\/status\/1969364492061487281\" target=\"_blank\"><\/p><\/blockquote>\n<p>L&rsquo;engagement contre le fl\u00e9au<br \/>\nnum\u00e9rique<\/p>\n<p>Fort de son influence consid\u00e9rable, le jeune homme de 23 ans<br \/>\nsouhaite d\u00e9sormais utiliser sa popularit\u00e9 pour sensibiliser aux<br \/>\ndangers du harc\u00e8lement en ligne. \u00ab\u00a0Maintenant il y a des gens<br \/>\nqui me suivent et j&rsquo;ai envie d&rsquo;en faire quelque chose, de laisser<br \/>\nune trace\u00a0\u00bb, d\u00e9clare-t-il avec d\u00e9termination.<\/p>\n<p>Cette prise de conscience l&rsquo;am\u00e8ne \u00e0 multiplier les actions de<br \/>\npr\u00e9vention aupr\u00e8s de sa communaut\u00e9. Il reconna\u00eet la dualit\u00e9 des<br \/>\nr\u00e9seaux sociaux : \u00ab\u00a0Sur les r\u00e9seaux sociaux, il y a du bon et du<br \/>\nmauvais\u00a0\u00bb. Son objectif est clair : transformer son pouvoir<br \/>\nd&rsquo;influence en force positive pour combattre ce fl\u00e9au moderne qui<br \/>\ntouche de nombreuses personnalit\u00e9s publiques.<\/p>\n<p><script async src=\"https:\/\/platform.twitter.com\/widgets.js\" charset=\"utf-8\"><\/script><\/p>\n","protected":false},"excerpt":{"rendered":"Sept mois apr\u00e8s l&rsquo;annonce de leur rupture, Miguel Mattioli sort enfin du silence. Le cr\u00e9ateur de contenu aux&hellip;\n","protected":false},"author":2,"featured_media":407504,"comment_status":"","ping_status":"","sticky":false,"template":"","format":"standard","meta":{"footnotes":""},"categories":[1359],"tags":[548,58,59,1011,27,6976,973],"class_list":{"0":"post-407503","1":"post","2":"type-post","3":"status-publish","4":"format-standard","5":"has-post-thumbnail","7":"category-people","8":"tag-article-simple","9":"tag-divertissement","10":"tag-entertainment","11":"tag-fr","12":"tag-france","13":"tag-michou","14":"tag-people"},"share_on_mastodon":{"url":"https:\/\/pubeurope.com\/@fr\/115243140078196426","error":""},"_links":{"self":[{"href":"https:\/\/www.europesays.com\/fr\/wp-json\/wp\/v2\/posts\/407503","targetHints":{"allow":["GET"]}}],"collection":[{"href":"https:\/\/www.europesays.com\/fr\/wp-json\/wp\/v2\/posts"}],"about":[{"href":"https:\/\/www.europesays.com\/fr\/wp-json\/wp\/v2\/types\/post"}],"author":[{"embeddable":true,"href":"https:\/\/www.europesays.com\/fr\/wp-json\/wp\/v2\/users\/2"}],"replies":[{"embeddable":true,"href":"https:\/\/www.europesays.com\/fr\/wp-json\/wp\/v2\/comments?post=407503"}],"version-history":[{"count":0,"href":"https:\/\/www.europesays.com\/fr\/wp-json\/wp\/v2\/posts\/407503\/revisions"}],"wp:featuredmedia":[{"embeddable":true,"href":"https:\/\/www.europesays.com\/fr\/wp-json\/wp\/v2\/media\/407504"}],"wp:attachment":[{"href":"https:\/\/www.europesays.com\/fr\/wp-json\/wp\/v2\/media?parent=407503"}],"wp:term":[{"taxonomy":"category","embeddable":true,"href":"https:\/\/www.europesays.com\/fr\/wp-json\/wp\/v2\/categories?post=407503"},{"taxonomy":"post_tag","embeddable":true,"href":"https:\/\/www.europesays.com\/fr\/wp-json\/wp\/v2\/tags?post=407503"}],"curies":[{"name":"wp","href":"https:\/\/api.w.org\/{rel}","templated":true}]}}