{"id":407507,"date":"2025-09-21T16:06:28","date_gmt":"2025-09-21T16:06:28","guid":{"rendered":"https:\/\/www.europesays.com\/fr\/407507\/"},"modified":"2025-09-21T16:06:28","modified_gmt":"2025-09-21T16:06:28","slug":"lironville-mediabus","status":"publish","type":"post","link":"https:\/\/www.europesays.com\/fr\/407507\/","title":{"rendered":"Lironville. M\u00e9diabus"},"content":{"rendered":"<p>C\u2019est la rentr\u00e9e pour le m\u00e9diabus de la m\u00e9diath\u00e8que d\u00e9partementale de Meurthe-et-Moselle. Il stationnera sur la place ce jeudi 25\u00a0septembre de 15\u00a0h \u00e0 15\u00a0h\u00a030. Pauline, la biblioth\u00e9caire, accueillera les lecteurs pour un choix diversifi\u00e9 d\u2019ouvrages. Pour rappel, l\u2019inscription du m\u00e9diabus donne acc\u00e8s \u00e0 une offre gratuite de ressources en ligne (autoformation, VOD, livres num\u00e9riques\u2026). Il est possible \u00e9galement d\u2019effectuer des r\u00e9servations via leur portail. Prochains passages\u00a0: 27\/11, 29\/01, 31\/03, 02\/06.<\/p>\n","protected":false},"excerpt":{"rendered":"C\u2019est la rentr\u00e9e pour le m\u00e9diabus de la m\u00e9diath\u00e8que d\u00e9partementale de Meurthe-et-Moselle. Il stationnera sur la place ce&hellip;\n","protected":false},"author":2,"featured_media":407508,"comment_status":"","ping_status":"","sticky":false,"template":"","format":"standard","meta":{"footnotes":""},"categories":[1357],"tags":[1379,37216,1687,58,1706,59,1011,27,53905,1380,2410],"class_list":{"0":"post-407507","1":"post","2":"type-post","3":"status-publish","4":"format-standard","5":"has-post-thumbnail","7":"category-livres","8":"tag-books","9":"tag-cc-mad-et-moselle-54c","10":"tag-culture-loisirs","11":"tag-divertissement","12":"tag-edition-pont-a-mousson","13":"tag-entertainment","14":"tag-fr","15":"tag-france","16":"tag-lironville","17":"tag-livres","18":"tag-livres-bd"},"share_on_mastodon":{"url":"https:\/\/pubeurope.com\/@fr\/115243147878979640","error":""},"_links":{"self":[{"href":"https:\/\/www.europesays.com\/fr\/wp-json\/wp\/v2\/posts\/407507","targetHints":{"allow":["GET"]}}],"collection":[{"href":"https:\/\/www.europesays.com\/fr\/wp-json\/wp\/v2\/posts"}],"about":[{"href":"https:\/\/www.europesays.com\/fr\/wp-json\/wp\/v2\/types\/post"}],"author":[{"embeddable":true,"href":"https:\/\/www.europesays.com\/fr\/wp-json\/wp\/v2\/users\/2"}],"replies":[{"embeddable":true,"href":"https:\/\/www.europesays.com\/fr\/wp-json\/wp\/v2\/comments?post=407507"}],"version-history":[{"count":0,"href":"https:\/\/www.europesays.com\/fr\/wp-json\/wp\/v2\/posts\/407507\/revisions"}],"wp:featuredmedia":[{"embeddable":true,"href":"https:\/\/www.europesays.com\/fr\/wp-json\/wp\/v2\/media\/407508"}],"wp:attachment":[{"href":"https:\/\/www.europesays.com\/fr\/wp-json\/wp\/v2\/media?parent=407507"}],"wp:term":[{"taxonomy":"category","embeddable":true,"href":"https:\/\/www.europesays.com\/fr\/wp-json\/wp\/v2\/categories?post=407507"},{"taxonomy":"post_tag","embeddable":true,"href":"https:\/\/www.europesays.com\/fr\/wp-json\/wp\/v2\/tags?post=407507"}],"curies":[{"name":"wp","href":"https:\/\/api.w.org\/{rel}","templated":true}]}}