{"id":407509,"date":"2025-09-21T16:07:35","date_gmt":"2025-09-21T16:07:35","guid":{"rendered":"https:\/\/www.europesays.com\/fr\/407509\/"},"modified":"2025-09-21T16:07:35","modified_gmt":"2025-09-21T16:07:35","slug":"qui-est-linvite-danne-sophie-lapix-ce-dimanche-dans-son-emission-le-20-10","status":"publish","type":"post","link":"https:\/\/www.europesays.com\/fr\/407509\/","title":{"rendered":"Qui est l\u2019invit\u00e9 d\u2019Anne-Sophie Lapix, ce dimanche, dans son \u00e9mission le \u00ab20.10\u00bb ?"},"content":{"rendered":"<p>    Pour les deux premiers num\u00e9ros de son magazine dominical, Anne-Sophie Lapix a re\u00e7u deux invit\u00e9s de marque, deux hommes aux profils tr\u00e8s diff\u00e9rents\u00a0: Kylian Mbapp\u00e9 et Dominique de Villepin.<br \/>\n                Francois ROELANTS\/RTL<\/p>\n<p>Apr\u00e8s Kylian Mbapp\u00e9 et Dominique de Villepin, la journaliste re\u00e7oit une figure du mouvement pour l\u2019aide \u00e0 mourir.<\/p>\n<p class=\"fig-paragraph\">Changement d\u2019horaire, mais toujours au rendez-vous. Pour le troisi\u00e8me num\u00e9ro de son nouveau magazine pour M6, Anne-Sophie Lapix convoque, ce dimanche 21 septembre, les spectateurs dix minutes plus t\u00f4t \u00e0 20h10. De ce fait l\u2019\u00e9mission, baptis\u00e9e \u00ab20.20\u00bb a \u00e9t\u00e9 renomm\u00e9e \u00ab20.10\u00bb. Apr\u00e8s avoir re\u00e7u le footballeur star\u00a0<a href=\"https:\/\/video.lefigaro.fr\/figaro\/anne-sophie-lapix-rame-face-a-kylian-mbappe-pour-le-premier-numero-du-20-20-20250908\" data-fig-type=\"Video\" data-gtm-custom-categorie=\"navigation\" data-gtm-custom-action=\"crossclick\" data-gtm-custom-label=\"Contextuel\" data-gtm-event=\"customEventSPE\" data-fig-domain=\"LEFIGARO\" target=\"_blank\" rel=\"noopener\">Kylian Mbapp\u00e9<\/a>\u00a0et l\u2019ancien premier ministre\u00a0<a href=\"http:\/\/tvmag.lefigaro.fr\/programme-tv\/actu-tele\/vous-etiez-le-toutou-de-jacques-chirac-anne-sophie-lapix-piquante-face-a-dominique-de-villepin-sur-m6-20250915\" data-fig-type=\"Article\" data-gtm-custom-categorie=\"navigation\" data-gtm-custom-action=\"crossclick\" data-gtm-custom-label=\"Contextuel\" data-gtm-event=\"customEventSPE\" data-fig-domain=\"TVMAG\" target=\"_blank\" rel=\"noopener\">Dominique de Villepin<\/a>, l\u2019ancienne pr\u00e9sentatrice du JT de France 2 s\u2019aventure sur le terrain du d\u00e9bat de soci\u00e9t\u00e9.<\/p>\n<p class=\"fig-paragraph\">Son invit\u00e9, ce dimanche, est le Docteur Bernard Senet, militant de l\u2019aide \u00e0 mourir depuis 40 ans. Depuis la semaine derni\u00e8re, le praticien du Vaucluse comparait aux c\u00f4t\u00e9s de 11 autres pr\u00e9venus, pour complicit\u00e9 d\u2019importation de pentobarbital.<\/p>\n<p>                                    <a class=\"fig-a11y-skip a11y-hidden\" href=\"#fig-a11y-skip-main-inarticle\"><br \/>\n        Passer la publicit\u00e9<br \/>\n    <\/a><\/p>\n<p>Deuxi\u00e8me semaine de son proc\u00e8s<\/p>\n<p class=\"fig-paragraph\">Le g\u00e9n\u00e9raliste fait partie des douze adh\u00e9rents de l\u2019association Ultime Libert\u00e9, \u00e2g\u00e9s entre 74 ans et 85 ans, qui sont jug\u00e9s pour avoir, entre ao\u00fbt 2018 et novembre 2020, aid\u00e9 des dizaines de personnes \u00e0 acheter sur internet du pentobarbital. Ce barbiturique entra\u00eene une mort rapide et sans douleur. Avec son d\u00e9fil\u00e9 \u00e0 la barre de m\u00e9decins ou intellectuels sp\u00e9cialistes du sujet, d\u2019anonymes ayant aid\u00e9 leurs proches \u00e0 en finir, le proc\u00e8s \u00e0 Paris de ces militants du suicide assist\u00e9 s\u2019est transform\u00e9 pour sa premi\u00e8re semaine en tribune pour l\u2019aide \u00e0 mourir. La deuxi\u00e8me semaine du proc\u00e8s, pr\u00e9vu pour s\u2019achever d\u00e9but octobre, sera consacr\u00e9e \u00e0 l\u2019interrogatoire des pr\u00e9venus.<\/p>\n<p class=\"fig-body-link\">\n            \u00c0 lire aussi<br \/>\n        <a class=\"fig-body-link__link fig-premium-mark\" href=\"https:\/\/www.lefigaro.fr\/actualite-france\/quand-des-pro-euthanasie-se-font-trafiquants-de-barbituriques-20210401\" data-fig-type=\"Article\" data-gtm-custom-categorie=\"navigation\" data-gtm-custom-action=\"crossclick\" data-gtm-custom-label=\"Contextuel\" data-gtm-event=\"customEventSPE\" data-fig-domain=\"LEFIGARO\" target=\"_blank\" rel=\"noopener\">Quand des pro-euthanasie se font trafiquants de barbituriques<br \/>\n    <\/a>\n<\/p>\n<p class=\"fig-paragraph\">Lors de sa mise en examen en 2021, le Dr Bernard Senet, parlait d\u2019une proc\u00e9dure \u00ab abusive pour quelque chose qu\u2019(il) d\u00e9clare faire r\u00e9guli\u00e8rement depuis vingt-cinq ans\u00a0\u00bb. \u00ab Quand j\u2019\u00e9tais en activit\u00e9, j\u2019aidais environ une personne par an, racontait-il. D\u00e9sormais, c\u2019est une par mois ou tous les deux mois.\u00a0\u00bb L\u2019approvisionnement\u00a0? \u00ab \u00c7a a toujours \u00e9t\u00e9 le syst\u00e8me D, expliquait-il. On a eu la Chine, d\u2019autres pays de l\u2019UE&#8230; Le probl\u00e8me, c\u2019est qu\u2019il faut qu\u2019on soit s\u00fbr de la qualit\u00e9 du produit. Et, le seul moyen fiable, c\u2019est de l\u2019avaler&#8230;\u00a0\u00bb\u00a0Avec \u00ab un jus d\u2019orange\u00a0\u00bb,\u00a0recommandait l\u2019association, pour \u00ab ne pas quitter la vie sur un go\u00fbt trop amer\u00a0\u00bb.<\/p>\n","protected":false},"excerpt":{"rendered":"Pour les deux premiers num\u00e9ros de son magazine dominical, Anne-Sophie Lapix a re\u00e7u deux invit\u00e9s de marque, deux&hellip;\n","protected":false},"author":2,"featured_media":407510,"comment_status":"","ping_status":"","sticky":false,"template":"","format":"standard","meta":{"footnotes":""},"categories":[1356],"tags":[21313,58,59,17193,1011,27,252,1364],"class_list":{"0":"post-407509","1":"post","2":"type-post","3":"status-publish","4":"format-standard","5":"has-post-thumbnail","7":"category-television","8":"tag-anne-sophie-lapix","9":"tag-divertissement","10":"tag-entertainment","11":"tag-euthanasie","12":"tag-fr","13":"tag-france","14":"tag-television","15":"tag-tv"},"share_on_mastodon":{"url":"https:\/\/pubeurope.com\/@fr\/115243151967658361","error":""},"_links":{"self":[{"href":"https:\/\/www.europesays.com\/fr\/wp-json\/wp\/v2\/posts\/407509","targetHints":{"allow":["GET"]}}],"collection":[{"href":"https:\/\/www.europesays.com\/fr\/wp-json\/wp\/v2\/posts"}],"about":[{"href":"https:\/\/www.europesays.com\/fr\/wp-json\/wp\/v2\/types\/post"}],"author":[{"embeddable":true,"href":"https:\/\/www.europesays.com\/fr\/wp-json\/wp\/v2\/users\/2"}],"replies":[{"embeddable":true,"href":"https:\/\/www.europesays.com\/fr\/wp-json\/wp\/v2\/comments?post=407509"}],"version-history":[{"count":0,"href":"https:\/\/www.europesays.com\/fr\/wp-json\/wp\/v2\/posts\/407509\/revisions"}],"wp:featuredmedia":[{"embeddable":true,"href":"https:\/\/www.europesays.com\/fr\/wp-json\/wp\/v2\/media\/407510"}],"wp:attachment":[{"href":"https:\/\/www.europesays.com\/fr\/wp-json\/wp\/v2\/media?parent=407509"}],"wp:term":[{"taxonomy":"category","embeddable":true,"href":"https:\/\/www.europesays.com\/fr\/wp-json\/wp\/v2\/categories?post=407509"},{"taxonomy":"post_tag","embeddable":true,"href":"https:\/\/www.europesays.com\/fr\/wp-json\/wp\/v2\/tags?post=407509"}],"curies":[{"name":"wp","href":"https:\/\/api.w.org\/{rel}","templated":true}]}}