{"id":407518,"date":"2025-09-21T16:12:15","date_gmt":"2025-09-21T16:12:15","guid":{"rendered":"https:\/\/www.europesays.com\/fr\/407518\/"},"modified":"2025-09-21T16:12:15","modified_gmt":"2025-09-21T16:12:15","slug":"mango-signe-son-grand-retour-avec-la-robe-la-plus-tendance-de-lautomne-2025","status":"publish","type":"post","link":"https:\/\/www.europesays.com\/fr\/407518\/","title":{"rendered":"Mango signe son grand retour avec LA robe la plus tendance de l\u2019automne 2025"},"content":{"rendered":"<p>L\u2019automne approche \u00e0 grands pas, avec ses couleurs profondes,<br \/>\nses mati\u00e8res plus chaudes et son cort\u00e8ge de nouvelles envies mode.<br \/>\nMais ce n\u2019est pas pour autant <strong>qu\u2019il faut tirer un trait sur<br \/>\nla robe l\u00e9g\u00e8re.<\/strong><\/p>\n<p>Bien au contraire : certaines pi\u00e8ces <strong>se r\u00e9inventent et<br \/>\nprouvent qu\u2019elles n\u2019ont pas de saison<\/strong>. Et cette robe<br \/>\nvendue par Mango en est l\u2019exemple parfait. Pour cause ? Elle est<br \/>\ncapable de s\u2019imposer aussi bien <strong>lors des soir\u00e9es d\u2019\u00e9t\u00e9 que<br \/>\ndans la fra\u00eecheur de l\u2019automne.<\/strong><\/p>\n<p>La robe nuisette, une pi\u00e8ce qui<br \/>\ntraverse les \u00e9poques<\/p>\n<p data-start=\"874\" data-end=\"1325\">Ic\u00f4ne des ann\u00e9es 90 popularis\u00e9e<br \/>\npar des muses comme Kate Moss, la robe nuisette s\u2019est install\u00e9e<br \/>\ndepuis <strong>dans les dressings f\u00e9minins comme un<br \/>\nincontournable<\/strong>. Fluide, satin\u00e9e et inspir\u00e9e de la<br \/>\nlingerie, elle s\u00e9duit <a href=\"https:\/\/www.mariefrance.fr\/mode\/bella-hadid-fait-carton-robe-boheme-mango-star-ete-2025-1192067.html\" rel=\"nofollow noopener\" target=\"_blank\"><br \/>\npar son \u00e9l\u00e9gance discr\u00e8te et sa sensualit\u00e9 assum\u00e9e<\/a>. Au fil des<br \/>\nsaisons, <strong>elle a prouv\u00e9 qu\u2019elle pouvait d\u00e9fier les<br \/>\ncodes<\/strong> : port\u00e9e seule en \u00e9t\u00e9, r\u00e9chauff\u00e9e d\u2019un pull ou d\u2019un<br \/>\nblazer en hiver, elle se r\u00e9v\u00e8le plus polyvalente qu\u2019il n\u2019y<br \/>\npara\u00eet.<\/p>\n<p data-start=\"1327\" data-end=\"1714\">C\u2019est cette capacit\u00e9 \u00e0 se<br \/>\nr\u00e9inventer qui fait d\u2019elle <strong>une pi\u00e8ce f\u00e9tiche des<br \/>\ncr\u00e9ateurs.<\/strong> Lors des derni\u00e8res Fashion Weeks, on l\u2019a vue<br \/>\nd\u00e9filer chez Valentino, Armani Priv\u00e9 ou encore Stella McCartney. Ce<br \/>\nqui n&rsquo;a fait que confirmer <strong>son statut de basique<br \/>\nrevisit\u00e9<\/strong>. Elle devient l\u2019alli\u00e9e parfaite de la mi-saison,<br \/>\nquand les temp\u00e9ratures oscillent et que l\u2019on cherche <strong>un<br \/>\n\u00e9quilibre entre confort et sophistication.<\/strong><\/p>\n<blockquote class=\"tiktok-embed\" cite=\"https:\/\/www.tiktok.com\/@jarggo.fr\/video\/7218915057235774747#038;t=1758459032400\" data-video-id=\"7218915057235774747\" style=\"max-width: 605px;min-width: 325px;\"><p>\n<a target=\"_blank\" href=\"https:\/\/www.tiktok.com\/@jarggo.fr\/video\/7218915057235774747#038;t=1758459032400\" rel=\"nofollow noopener\"><br \/>\n<img decoding=\"async\" src=\"https:\/\/www.tiktok.com\/img\/logo.png\" alt=\"TikTok Logo\"\/><\/a>\n<\/p><\/blockquote>\n<p>Irina Shayk, muse d\u2019un<br \/>\nautomne en satin<\/p>\n<p data-start=\"1767\" data-end=\"2228\">C\u2019est pr\u00e9cis\u00e9ment ce <a href=\"https:\/\/www.mariefrance.fr\/mode\/irina-shayk-en-culotte-et-adidas-lex-de-bradley-cooper-na-rien-a-cacher-956965.html\" rel=\"nofollow noopener\" target=\"_blank\"><br \/>\nqu\u2019a illustr\u00e9 Irina Shayk \u00e0 New York<\/a>, dans un look rep\u00e9r\u00e9 par<br \/>\nGlamour Espagne. La mannequin a choisi une robe nuisette<br \/>\nissue de la ligne Selection de Mango : <strong>une pi\u00e8ce satin\u00e9e ivoire,<br \/>\norn\u00e9e de dentelle noire sur l\u2019encolure<\/strong> et l\u2019ourlet<br \/>\nasym\u00e9trique, fendue sur les c\u00f4t\u00e9s pour d\u00e9voiler ses jambes. Une<br \/>\nsilhouette audacieuse, sublim\u00e9e par des bottes chaussettes blanches<br \/>\n\u00e0 talons blocs et une veste de cuir tenue n\u00e9gligemment \u00e0 la<br \/>\nmain.<\/p>\n<p data-start=\"2230\" data-end=\"2672\">Le contraste entre la<br \/>\n<strong>d\u00e9licatesse de la nuisette et la modernit\u00e9 des<br \/>\nbottes<\/strong> cr\u00e9e un look imm\u00e9diatement inspirant. Glamour<br \/>\nEspagne rappelle d\u2019ailleurs qu\u2019<strong>\u00ab il n\u2019y a jamais<br \/>\nde mauvais moment pour porter une robe nuisette \u00bb.<\/strong> \u00c0<br \/>\nce titre, la r\u00e9daction souligne la pertinence d\u2019un style qui<br \/>\ns\u2019adapte de jour comme de nuit. Il faut dire que l&rsquo;on imagine ce<br \/>\nmod\u00e8le aussi bien avec des sandales \u00e0 talons pour un d\u00eener que<br \/>\n<strong>mari\u00e9 \u00e0 des accessoires plus d\u00e9contract\u00e9s pour une journ\u00e9e<br \/>\nde bureau.<\/strong><\/p>\n<blockquote class=\"instagram-media\" style=\"background: #ffffff;border: 0;margin: 1px;width: 100%;padding: 0;max-width: 500px;\" data-instgrm-permalink=\"https:\/\/www.instagram.com\/p\/DOaZ0e-jH_7\/\" data-instgrm-version=\"14\"\/>\n<p>Mango, l\u2019art de capter l\u2019air du temps avec cette robe<\/p>\n<p data-start=\"2723\" data-end=\"3170\">Alors en int\u00e9grant cette robe<br \/>\n\u00e0 sa collection, Mango prouve <strong>encore sa ma\u00eetrise des<br \/>\ntendances<\/strong>. Fond\u00e9e \u00e0 Barcelone, la marque s\u2019est impos\u00e9e<br \/>\ndans le paysage international gr\u00e2ce \u00e0 son approche accessible<br \/>\n<a href=\"https:\/\/www.mariefrance.fr\/mode\/bella-hadid-fait-carton-robe-boheme-mango-star-ete-2025-1192067.html\" rel=\"nofollow noopener\" target=\"_blank\"><br \/>\nmais toujours pointue de la mode<\/a>. Et avec cette nuisette, elle<br \/>\noffre aux femmes une alternative chic et abordable aux mod\u00e8les des<br \/>\npodiums. Le tout en s\u2019inscrivant dans l\u2019esprit du moment : un<br \/>\nminimalisme \u00e9l\u00e9gant, <strong>\u00e0 la crois\u00e9e du confort et de la<br \/>\nsensualit\u00e9.<\/strong><\/p>\n<p><img loading=\"lazy\" decoding=\"async\" aria-describedby=\"caption-attachment-1205926\" itemprop=\"thumbnailUrl\" class=\"wp-image-1205926 img-responsive size-full\" src=\"https:\/\/www.europesays.com\/fr\/wp-content\/uploads\/2025\/09\/capture-decran-2025-09-21-a-15.00.25.png\" alt=\"Mango signe son grand retour avec LA robe la plus tendance de l\u2019automne 2025\" width=\"480\" height=\"776\"\/> \u00a9 Mango<\/p>\n<p id=\"caption-attachment-1205926\" class=\"wp-caption-text\">Robe<br \/>\nnuisette en satin, Mango, <a href=\"https:\/\/shop.mango.com\/es\/es\/p\/mujer\/vestidos-y-monos\/vestidos\/vestido-lencero-satinado_17046359\" target=\"_blank\" rel=\"nofollow noopener sponsored\">119,99 \u20ac<\/a><\/p>\n<p data-start=\"3172\" data-end=\"3610\">Alors que la Fashion Week de<br \/>\nParis s\u2019appr\u00eate \u00e0 d\u00e9buter, cette robe <strong>pourrait bien devenir<br \/>\nle symbole de l\u2019automne 2025.<\/strong> Car elle traduit une envie<br \/>\npartag\u00e9e par de nombreuses femmes : <strong>prolonger la l\u00e9g\u00e8ret\u00e9<br \/>\nde l\u2019\u00e9t\u00e9 tout en entrant avec style dans la nouvelle<br \/>\nsaison<\/strong>. Moderne, intemporelle et cam\u00e9l\u00e9on, la robe<br \/>\nnuisette Mango confirme qu\u2019elle est bien plus qu\u2019une tendance<br \/>\npassag\u00e8re. C&rsquo;est une pi\u00e8ce phare qui r\u00e9sume \u00e0 elle seule la mode de<br \/>\ndemain.<\/p>\n<p><script async src=\"\/\/www.instagram.com\/embed.js\"><\/script><script async src=\"\/\/www.tiktok.com\/embed.js\"><\/script><\/p>\n","protected":false},"excerpt":{"rendered":"L\u2019automne approche \u00e0 grands pas, avec ses couleurs profondes, ses mati\u00e8res plus chaudes et son cort\u00e8ge de nouvelles&hellip;\n","protected":false},"author":2,"featured_media":407519,"comment_status":"","ping_status":"","sticky":false,"template":"","format":"standard","meta":{"footnotes":""},"categories":[8],"tags":[58,59,1011,27,48905,987],"class_list":{"0":"post-407518","1":"post","2":"type-post","3":"status-publish","4":"format-standard","5":"has-post-thumbnail","7":"category-divertissement","8":"tag-divertissement","9":"tag-entertainment","10":"tag-fr","11":"tag-france","12":"tag-mango","13":"tag-robe"},"share_on_mastodon":{"url":"https:\/\/pubeurope.com\/@fr\/115243172113448419","error":""},"_links":{"self":[{"href":"https:\/\/www.europesays.com\/fr\/wp-json\/wp\/v2\/posts\/407518","targetHints":{"allow":["GET"]}}],"collection":[{"href":"https:\/\/www.europesays.com\/fr\/wp-json\/wp\/v2\/posts"}],"about":[{"href":"https:\/\/www.europesays.com\/fr\/wp-json\/wp\/v2\/types\/post"}],"author":[{"embeddable":true,"href":"https:\/\/www.europesays.com\/fr\/wp-json\/wp\/v2\/users\/2"}],"replies":[{"embeddable":true,"href":"https:\/\/www.europesays.com\/fr\/wp-json\/wp\/v2\/comments?post=407518"}],"version-history":[{"count":0,"href":"https:\/\/www.europesays.com\/fr\/wp-json\/wp\/v2\/posts\/407518\/revisions"}],"wp:featuredmedia":[{"embeddable":true,"href":"https:\/\/www.europesays.com\/fr\/wp-json\/wp\/v2\/media\/407519"}],"wp:attachment":[{"href":"https:\/\/www.europesays.com\/fr\/wp-json\/wp\/v2\/media?parent=407518"}],"wp:term":[{"taxonomy":"category","embeddable":true,"href":"https:\/\/www.europesays.com\/fr\/wp-json\/wp\/v2\/categories?post=407518"},{"taxonomy":"post_tag","embeddable":true,"href":"https:\/\/www.europesays.com\/fr\/wp-json\/wp\/v2\/tags?post=407518"}],"curies":[{"name":"wp","href":"https:\/\/api.w.org\/{rel}","templated":true}]}}