{"id":407584,"date":"2025-09-21T16:54:25","date_gmt":"2025-09-21T16:54:25","guid":{"rendered":"https:\/\/www.europesays.com\/fr\/407584\/"},"modified":"2025-09-21T16:54:25","modified_gmt":"2025-09-21T16:54:25","slug":"je-naurais-jamais-imagine-jouer-ici-la-supercoupe-de-basket-a-roland-garros-seduit-les-joueurs-et-les-fans","status":"publish","type":"post","link":"https:\/\/www.europesays.com\/fr\/407584\/","title":{"rendered":"\u00ab\u00a0Je n\u2019aurais jamais imagin\u00e9 jouer ici\u00a0\u00bb\u00a0: la SuperCoupe de basket \u00e0 Roland-Garros s\u00e9duit les joueurs et les fans"},"content":{"rendered":"<p class=\"paragraph text_align_left lp-f-body-02\"><a href=\"https:\/\/www.leparisien.fr\/sports\/basket\/le-paris-basketball-est-plus-quun-club-les-premiers-mots-du-nouveau-coach-des-champions-de-france-04-07-2025-IJBVNILQNFFELFNGPC4SIO6ZCY.php?ts=1758389406907\" target=\"_blank\" rel=\"noreferrer nofollow noopener\">Francesco Tabellini<\/a>, le nouveau coach du Paris Basketball, a appel\u00e9 un de ses chiens \u00ab Rafa \u00bb. L\u2019Italien est fan de tennis et quand il a d\u00e9couvert le stade <a href=\"https:\/\/www.leparisien.fr\/sports\/tennis\/\" target=\"_blank\" rel=\"noreferrer nofollow noopener\">Roland-Garros<\/a> pour la premi\u00e8re fois vendredi, il a d\u00fb accomplir une mission au nom des siens. \u00ab Je viens d\u2019une famille mordue de tennis. Alors, tout le monde m\u2019a demand\u00e9 de leur envoyer une photo avec la statue de Rafael Nadal \u00bb, raconte-t-il. Il parle de celle, brillante et argent\u00e9e, qui tr\u00f4ne \u00e0 l\u2019entr\u00e9e des courts. Il n\u2019a pas vu en revanche l\u2019empreinte de pas du Majorquin imprim\u00e9e pour l\u2019\u00e9ternit\u00e9 sur le central.<\/p>\n","protected":false},"excerpt":{"rendered":"Francesco Tabellini, le nouveau coach du Paris Basketball, a appel\u00e9 un de ses chiens \u00ab Rafa \u00bb. L\u2019Italien&hellip;\n","protected":false},"author":2,"featured_media":407585,"comment_status":"","ping_status":"","sticky":false,"template":"","format":"standard","meta":{"footnotes":""},"categories":[1888],"tags":[1111,1928,11,1927,1465,1777,674,1011,27,12,1926,626,1925,25,60],"class_list":{"0":"post-407584","1":"post","2":"type-post","3":"status-publish","4":"format-standard","5":"has-post-thumbnail","7":"category-paris","8":"tag-actu","9":"tag-actu-paris","10":"tag-actualites","11":"tag-actualites-paris","12":"tag-basket","13":"tag-eu","14":"tag-europe","15":"tag-fr","16":"tag-france","17":"tag-news","18":"tag-news-paris","19":"tag-paris","20":"tag-paris-news","21":"tag-republique-francaise","22":"tag-sports"},"share_on_mastodon":{"url":"https:\/\/pubeurope.com\/@fr\/115243336614113582","error":""},"_links":{"self":[{"href":"https:\/\/www.europesays.com\/fr\/wp-json\/wp\/v2\/posts\/407584","targetHints":{"allow":["GET"]}}],"collection":[{"href":"https:\/\/www.europesays.com\/fr\/wp-json\/wp\/v2\/posts"}],"about":[{"href":"https:\/\/www.europesays.com\/fr\/wp-json\/wp\/v2\/types\/post"}],"author":[{"embeddable":true,"href":"https:\/\/www.europesays.com\/fr\/wp-json\/wp\/v2\/users\/2"}],"replies":[{"embeddable":true,"href":"https:\/\/www.europesays.com\/fr\/wp-json\/wp\/v2\/comments?post=407584"}],"version-history":[{"count":0,"href":"https:\/\/www.europesays.com\/fr\/wp-json\/wp\/v2\/posts\/407584\/revisions"}],"wp:featuredmedia":[{"embeddable":true,"href":"https:\/\/www.europesays.com\/fr\/wp-json\/wp\/v2\/media\/407585"}],"wp:attachment":[{"href":"https:\/\/www.europesays.com\/fr\/wp-json\/wp\/v2\/media?parent=407584"}],"wp:term":[{"taxonomy":"category","embeddable":true,"href":"https:\/\/www.europesays.com\/fr\/wp-json\/wp\/v2\/categories?post=407584"},{"taxonomy":"post_tag","embeddable":true,"href":"https:\/\/www.europesays.com\/fr\/wp-json\/wp\/v2\/tags?post=407584"}],"curies":[{"name":"wp","href":"https:\/\/api.w.org\/{rel}","templated":true}]}}