{"id":407608,"date":"2025-09-21T17:10:13","date_gmt":"2025-09-21T17:10:13","guid":{"rendered":"https:\/\/www.europesays.com\/fr\/407608\/"},"modified":"2025-09-21T17:10:13","modified_gmt":"2025-09-21T17:10:13","slug":"atp-laver-cup-roger-federer-lache-une-vraie-information-sur-rafael-nadal-je-lai-vu-cet-ete-et-je-lui-ai-demande-quand-est-ce-quil-avait-joue-au-tennis-pour-la-derniere-fois-il-ma-repondu-que","status":"publish","type":"post","link":"https:\/\/www.europesays.com\/fr\/407608\/","title":{"rendered":"ATP, Laver Cup > Roger Federer l\u00e2che une vraie information sur Rafael Nadal : \u00ab\u00a0Je l&rsquo;ai vu cet \u00e9t\u00e9 et je lui ai demand\u00e9 quand est-ce qu&rsquo;il avait jou\u00e9 au tennis pour la derni\u00e8re fois. Il m&rsquo;a r\u00e9pondu que c&rsquo;\u00e9tait en novembre\u00a0\u00bb"},"content":{"rendered":"<p>Comme pr\u00e9vu, Roger Federer \u00e9tait l\u2019in\u00advit\u00e9 du podcast d\u2019Andy Roddick, Served With Andy Roddick, en marge de la Laver Cup ce samedi.\u00a0<\/p>\n<p>Notamment inter\u00adrog\u00e9 sur l\u2019or\u00adga\u00adni\u00adsa\u00adtion d\u2019une prochaine exhi\u00adbi\u00adtion avec Rafael Nadal, le Suisse a r\u00e9v\u00e9l\u00e9 que l\u2019Espagnol n\u2019\u00e9tait tout simple\u00adment pas pr\u00eat car il n\u2019avait pas touch\u00e9 une raquette depuis novembre, soit le moment exact de sa retraite officielle.\u00a0<\/p>\n<p>Il est en effet assez \u00e9ton\u00adnant de voir \u00e0 quel point l\u2019homme aux 14 Roland\u2010Garros a pu l\u00e2cher prise aussi faci\u00adle\u00adment et pendant aussi longtemps.\u00a0<\/p>\n<blockquote class=\"twitter-tweet\">\n<p lang=\"zxx\" dir=\"ltr\"><a href=\"https:\/\/t.co\/7Qs4XcjHXE\" data-wpel-link=\"external\" target=\"_blank\" rel=\"nofollow external noopener\">pic.twitter.com\/7Qs4XcjHXE<\/a><\/p>\n<p>\u2014 SRF2 (@S_RF_CA_2) <a href=\"https:\/\/twitter.com\/S_RF_CA_2\/status\/1969701587976441906?ref_src=twsrc%5Etfw\" data-wpel-link=\"external\" target=\"_blank\" rel=\"nofollow external noopener\">September 21,\u00a02025<\/a><\/p><\/blockquote>\n<p><strong>\u00ab\u202fEh bien, cela fait un moment que nous discu\u00adtons de la possi\u00adbi\u00adlit\u00e9 de jouer une exhi\u00adbi\u00adtion. Mais je l\u2019ai vu cet \u00e9t\u00e9 et quand je lui ai demand\u00e9 quand est\u2010ce qu\u2019il avait jou\u00e9 au tennis pour la derni\u00e8re fois, c\u2019\u00e9tait en novembre, donc il n\u2019est pas pr\u00eat. Nous devons quand m\u00eame avoir un certain niveau, mais ce serait bien de jouer ensemble sur le court, pas seule\u00adment avec Rafa, mais aussi devant vous (le public) et n\u2019im\u00adporte qui d\u2019autre, car je pense que c\u2019est bien de partager l\u2019amour du tennis, d\u2019ins\u00adpirer la jeune g\u00e9n\u00e9\u00adra\u00adtion, d\u2019\u00eatre entour\u00e9 de\u00a0gens.\u202f\u00bb<\/strong><\/p>\n<p class=\"post-published-date\" style=\"color: silver; font-size: 75%; text-align: left;\">Publi\u00e9 le dimanche 21 septembre 2025 \u00e0 17:45<\/p>\n<p><script async src=\"https:\/\/platform.twitter.com\/widgets.js\" charset=\"utf-8\"><\/script><\/p>\n","protected":false},"excerpt":{"rendered":"Comme pr\u00e9vu, Roger Federer \u00e9tait l\u2019in\u00advit\u00e9 du podcast d\u2019Andy Roddick, Served With Andy Roddick, en marge de la&hellip;\n","protected":false},"author":2,"featured_media":407609,"comment_status":"","ping_status":"","sticky":false,"template":"","format":"standard","meta":{"footnotes":""},"categories":[1415],"tags":[2199,1011,27,1960,60,1467],"class_list":{"0":"post-407608","1":"post","2":"type-post","3":"status-publish","4":"format-standard","5":"has-post-thumbnail","7":"category-tennis","8":"tag-federer","9":"tag-fr","10":"tag-france","11":"tag-nadal","12":"tag-sports","13":"tag-tennis"},"share_on_mastodon":{"url":"https:\/\/pubeurope.com\/@fr\/115243399455594283","error":""},"_links":{"self":[{"href":"https:\/\/www.europesays.com\/fr\/wp-json\/wp\/v2\/posts\/407608","targetHints":{"allow":["GET"]}}],"collection":[{"href":"https:\/\/www.europesays.com\/fr\/wp-json\/wp\/v2\/posts"}],"about":[{"href":"https:\/\/www.europesays.com\/fr\/wp-json\/wp\/v2\/types\/post"}],"author":[{"embeddable":true,"href":"https:\/\/www.europesays.com\/fr\/wp-json\/wp\/v2\/users\/2"}],"replies":[{"embeddable":true,"href":"https:\/\/www.europesays.com\/fr\/wp-json\/wp\/v2\/comments?post=407608"}],"version-history":[{"count":0,"href":"https:\/\/www.europesays.com\/fr\/wp-json\/wp\/v2\/posts\/407608\/revisions"}],"wp:featuredmedia":[{"embeddable":true,"href":"https:\/\/www.europesays.com\/fr\/wp-json\/wp\/v2\/media\/407609"}],"wp:attachment":[{"href":"https:\/\/www.europesays.com\/fr\/wp-json\/wp\/v2\/media?parent=407608"}],"wp:term":[{"taxonomy":"category","embeddable":true,"href":"https:\/\/www.europesays.com\/fr\/wp-json\/wp\/v2\/categories?post=407608"},{"taxonomy":"post_tag","embeddable":true,"href":"https:\/\/www.europesays.com\/fr\/wp-json\/wp\/v2\/tags?post=407608"}],"curies":[{"name":"wp","href":"https:\/\/api.w.org\/{rel}","templated":true}]}}