{"id":407610,"date":"2025-09-21T17:12:28","date_gmt":"2025-09-21T17:12:28","guid":{"rendered":"https:\/\/www.europesays.com\/fr\/407610\/"},"modified":"2025-09-21T17:12:28","modified_gmt":"2025-09-21T17:12:28","slug":"juniorgp-2026-le-calendrier-provisoire-est-sorti","status":"publish","type":"post","link":"https:\/\/www.europesays.com\/fr\/407610\/","title":{"rendered":"JuniorGP 2026 : Le calendrier (provisoire) est sorti"},"content":{"rendered":"<p><strong>La FIM et Dorna Sports ont annonc\u00e9 le calendrier<br \/>\nprovisoire du Championnat du Monde FIM <a href=\"https:\/\/www.fimjuniorgp.com\/\" target=\"_blank\" rel=\"noopener nofollow\">JuniorGP<\/a> \u2122 2026.<\/strong><\/p>\n<p>Fid\u00e8le \u00e0 sa formule, ce passage quasi oblig\u00e9 sur le chemin des<br \/>\nGrand Prix comprend sept rendez-vous dans quatre pays : Espagne,<br \/>\nPortugal, France et Italie.<\/p>\n<p>Rares sont les pilotes MotoGP actuels qui n\u2019y ont pas fait leurs<br \/>\narmes, et regarder la liste des vainqueurs de la cat\u00e9gorie reine de<br \/>\nce championnat (125cc puis JuniorGP Moto) est comme parcourir<br \/>\nl\u2019histoire des deux derni\u00e8res ann\u00e9es de MotoGP.<\/p>\n<p><strong>125:<\/strong><br \/><strong>Hector Barbera (2002)<\/strong><br \/><strong>Alvaro Bautista (2003)<\/strong><br \/><strong>Aleix Espargaro (2004)<\/strong><br \/><strong>Pol Espargaro (2006)<\/strong><br \/><strong>Stefan Bradl (2007)<\/strong><br \/><strong>Efren Vazquez (2008)<\/strong><br \/><strong>Maverick Vinales (2010)<\/strong><br \/><strong>Alex Rins (2011)<\/strong><\/p>\n<p><strong>Moto3:<\/strong><br \/><strong>Alex Marquez (2012)<\/strong><br \/><strong><a href=\"https:\/\/www.paddock-gp.com\/?s=quartararo\" target=\"_blank\" rel=\"noopener nofollow\">Fabio Quartararo<\/a> (2013)<\/strong><br \/><strong><a href=\"https:\/\/www.paddock-gp.com\/?s=quartararo\" target=\"_blank\" rel=\"noopener nofollow\">Fabio Quartararo<\/a> (2014)<\/strong><br \/><strong>Nicolo Bulega (2015)<\/strong><br \/><strong>Lorenzo Dalla Porta (2016)<\/strong><br \/><strong>Dennis Foggia (2017)<\/strong><br \/><strong>Raul Fernandez (2018)<\/strong><br \/><strong>Jeremy Alcoba (2019)<\/strong><br \/><strong>Izan Guevara (2020)<\/strong><br \/><strong>Daniel Holgado (2021)<\/strong><br \/><strong>Jos\u00e9 Antonio Rueda (2022)<\/strong><br \/><strong>Angel Piqueras (2023)<br \/>Alvaro Carpe (2024)<\/strong><\/p>\n<p><strong>Marc Marquez<\/strong> est toutefois l\u2019exception qui<br \/>\nconfirme la r\u00e8gle, l\u2019octuple champion du monde n\u2019ayant jamais \u00e9t\u00e9<br \/>\ncouronn\u00e9 dans ce qui \u00e9tait alors le Championnat d\u2019Espagne de<br \/>\nVitesse.<br \/>Il y a n\u00e9anmoins particip\u00e9 \u00e0 partir de 14 ans, l\u2019\u00e2ge minimum pour<br \/>\ncourir en\u00a0<strong data-start=\"136\" data-end=\"149\">CEV<br \/>\n125cc<\/strong>\u00a0et aussi pour d\u00e9buter<br \/>\nen\u00a0<strong data-start=\"175\" data-end=\"206\">Red Bull<br \/>\nMotoGP.<\/strong><\/p>\n<p>En 2007, avec l\u2019\u00e9quipe Team Monlau Competicion KTM, il ne<br \/>\ndispute pas la saison compl\u00e8te\u00a0car il participe \u00e9galement \u00e0 la<br \/>\nRed Bull MotoGP Rookies Cup. Lest\u00e9 d\u2019une vingtaine de kilos \u00e0 cause<br \/>\nde son faible poids, il remporte toutefois la manche \u00e0 Jerez et<br \/>\ntermine 9e du championnat.<\/p>\n<p>L\u2019ann\u00e9e suivante, il roule d\u00e9j\u00e0 chez Repsol KTM en championnat<br \/>\ndu monde \u00e0 partir du Grand Prix du portugal. Sa carri\u00e8re est<br \/>\nlanc\u00e9e, et presque deux d\u00e9cennies plus tard il est toujours au<br \/>\nsommet\u2026<\/p>\n<p>\u00a0<\/p>\n<p><img loading=\"lazy\" decoding=\"async\" class=\"aligncenter size-full wp-image-1331175\" src=\"https:\/\/www.europesays.com\/fr\/wp-content\/uploads\/2025\/09\/juniorgp.jpg\" alt=\"\" width=\"740\" height=\"419\"  \/><\/p>\n<p>calendrier JuniorGP 2026<br \/>\ncalendrier JuniorGP 2026<\/p>\n","protected":false},"excerpt":{"rendered":"La FIM et Dorna Sports ont annonc\u00e9 le calendrier provisoire du Championnat du Monde FIM JuniorGP \u2122 2026.&hellip;\n","protected":false},"author":2,"featured_media":407611,"comment_status":"","ping_status":"","sticky":false,"template":"","format":"standard","meta":{"footnotes":""},"categories":[1413],"tags":[1011,27,1457,1456,60],"class_list":{"0":"post-407610","1":"post","2":"type-post","3":"status-publish","4":"format-standard","5":"has-post-thumbnail","7":"category-moto","8":"tag-fr","9":"tag-france","10":"tag-moto","11":"tag-motocycle","12":"tag-sports"},"share_on_mastodon":{"url":"https:\/\/pubeurope.com\/@fr\/115243407953495858","error":""},"_links":{"self":[{"href":"https:\/\/www.europesays.com\/fr\/wp-json\/wp\/v2\/posts\/407610","targetHints":{"allow":["GET"]}}],"collection":[{"href":"https:\/\/www.europesays.com\/fr\/wp-json\/wp\/v2\/posts"}],"about":[{"href":"https:\/\/www.europesays.com\/fr\/wp-json\/wp\/v2\/types\/post"}],"author":[{"embeddable":true,"href":"https:\/\/www.europesays.com\/fr\/wp-json\/wp\/v2\/users\/2"}],"replies":[{"embeddable":true,"href":"https:\/\/www.europesays.com\/fr\/wp-json\/wp\/v2\/comments?post=407610"}],"version-history":[{"count":0,"href":"https:\/\/www.europesays.com\/fr\/wp-json\/wp\/v2\/posts\/407610\/revisions"}],"wp:featuredmedia":[{"embeddable":true,"href":"https:\/\/www.europesays.com\/fr\/wp-json\/wp\/v2\/media\/407611"}],"wp:attachment":[{"href":"https:\/\/www.europesays.com\/fr\/wp-json\/wp\/v2\/media?parent=407610"}],"wp:term":[{"taxonomy":"category","embeddable":true,"href":"https:\/\/www.europesays.com\/fr\/wp-json\/wp\/v2\/categories?post=407610"},{"taxonomy":"post_tag","embeddable":true,"href":"https:\/\/www.europesays.com\/fr\/wp-json\/wp\/v2\/tags?post=407610"}],"curies":[{"name":"wp","href":"https:\/\/api.w.org\/{rel}","templated":true}]}}