{"id":407612,"date":"2025-09-21T17:13:12","date_gmt":"2025-09-21T17:13:12","guid":{"rendered":"https:\/\/www.europesays.com\/fr\/407612\/"},"modified":"2025-09-21T17:13:12","modified_gmt":"2025-09-21T17:13:12","slug":"oscar-piastri-reconnait-trop-derreurs-mais-nest-pas-inquiet","status":"publish","type":"post","link":"https:\/\/www.europesays.com\/fr\/407612\/","title":{"rendered":"Oscar Piastri reconna\u00eet \u00ab trop d&rsquo;erreurs \u00bb mais n&rsquo;est pas inquiet"},"content":{"rendered":"<p class=\"c-paragraph\">BAKOU, Azerba\u00efdjan \u2013 L\u2019Australien Oscar Piastri (McLaren), meneur du championnat du monde de Formule 1, a reconnu avoir commis \u00ab trop d\u2019erreurs \u00bb cette fin de semaine en Azerba\u00efdjan mais n\u2019a pas sembl\u00e9 inquiet pour autant.<\/p>\n<p class=\"c-paragraph\">Seulement neuvi\u00e8me sur la grille apr\u00e8s une sortie de piste en qualifications samedi, le natif de Melbourne ne s\u2019est pas rattrap\u00e9 dimanche, bien au contraire.<\/p>\n<p class=\"c-paragraph\">Il a d\u2019abord quasiment cal\u00e9 apr\u00e8s avoir anticip\u00e9 le d\u00e9part et s\u2019est retrouv\u00e9 dernier du peloton, avant de bloquer ses roues au freinage du virage 5 et de foncer droit dans le mur de protection d\u00e8s le premier tour du Grand Prix.<\/p>\n<p class=\"c-paragraph\">\u00ab Malheureusement, il y a eu beaucoup trop d\u2019erreurs du d\u00e9but \u00e0 la fin (de la fin de semaine). Chaque s\u00e9ance a \u00e9t\u00e9 brouillonne (&#8230;) \u00c9videmment, on ne peut pas se sentir au mieux apr\u00e8s une fin de semaine comme celui-ci, mais au final, j\u2019ai trouv\u00e9 que le rythme \u00e9tait bon et je pense qu\u2019il est rare que je commette autant d\u2019erreurs \u00bb, a-t-il expliqu\u00e9.<\/p>\n<p class=\"c-paragraph\">Habituellement appliqu\u00e9 et efficace, Piastri, qui restait sur 34 GP cons\u00e9cutifs achev\u00e9s dans le top-10 et qui avait jusque-l\u00e0 enregistr\u00e9 14 podiums en 16 courses cette saison, n\u2019a pas sembl\u00e9 affect\u00e9 par cette contre-performance.<\/p>\n<p class=\"c-paragraph\">\u00ab Je serais beaucoup plus inquiet si ces erreurs \u00e9taient dues au fait que j\u2019essayais de rattraper du temps ou de faire des choses de ce genre. Je pense donc qu\u2019il s\u2019agit clairement d\u2019erreurs co\u00fbteuses, mais qui peuvent \u00eatre tr\u00e8s facilement corrig\u00e9es \u00bb, a-t-il fait valoir.<\/p>\n<p class=\"c-paragraph\">Par ailleurs, son co\u00e9quipier Lando Norris n\u2019a pas vraiment r\u00e9ussi \u00e0 capitaliser sur ces erreurs puisqu\u2019il n\u2019a termin\u00e9 que septi\u00e8me dimanche \u00e0 Bakou. Le Britannique n\u2019a repris que six points \u00e0 l\u2019Australien, qui le devance encore de 25 longueurs \u00e0 sept manches de la fin de la saison.<\/p>\n<p class=\"c-paragraph\">Gr\u00e2ce \u00e0 ses deux victoires cons\u00e9cutives, le quadruple champion du monde en titre Max Verstappen est revenu \u00e0 respectivement 44 et 69 longueurs de Norris et Piastri au classement du championnat du monde.<\/p>\n<p class=\"c-paragraph\">\u00ab Je ne l\u2019\u00e9carte pas (Verstappen, NDLR) de la course au titre, mais ce n\u2019est pas ce qui me pr\u00e9occupe le plus. Je veux juste rebondir apr\u00e8s cette fin de semaine, piloter \u00e0 mon niveau et si c\u2019est le cas, il n\u2019y aura pas de probl\u00e8me \u00bb, a conclu l\u2019Australien.<\/p>\n","protected":false},"excerpt":{"rendered":"BAKOU, Azerba\u00efdjan \u2013 L\u2019Australien Oscar Piastri (McLaren), meneur du championnat du monde de Formule 1, a reconnu avoir&hellip;\n","protected":false},"author":2,"featured_media":407613,"comment_status":"","ping_status":"","sticky":false,"template":"","format":"standard","meta":{"footnotes":""},"categories":[1412],"tags":[1451,1452,1453,1454,1455,1011,27,2241,60],"class_list":{"0":"post-407612","1":"post","2":"type-post","3":"status-publish","4":"format-standard","5":"has-post-thumbnail","7":"category-f1","8":"tag-f1","9":"tag-formula-1","10":"tag-formula1","11":"tag-formule-1","12":"tag-formule1","13":"tag-fr","14":"tag-france","15":"tag-oscar-piastri","16":"tag-sports"},"share_on_mastodon":{"url":"https:\/\/pubeurope.com\/@fr\/115243411312788768","error":""},"_links":{"self":[{"href":"https:\/\/www.europesays.com\/fr\/wp-json\/wp\/v2\/posts\/407612","targetHints":{"allow":["GET"]}}],"collection":[{"href":"https:\/\/www.europesays.com\/fr\/wp-json\/wp\/v2\/posts"}],"about":[{"href":"https:\/\/www.europesays.com\/fr\/wp-json\/wp\/v2\/types\/post"}],"author":[{"embeddable":true,"href":"https:\/\/www.europesays.com\/fr\/wp-json\/wp\/v2\/users\/2"}],"replies":[{"embeddable":true,"href":"https:\/\/www.europesays.com\/fr\/wp-json\/wp\/v2\/comments?post=407612"}],"version-history":[{"count":0,"href":"https:\/\/www.europesays.com\/fr\/wp-json\/wp\/v2\/posts\/407612\/revisions"}],"wp:featuredmedia":[{"embeddable":true,"href":"https:\/\/www.europesays.com\/fr\/wp-json\/wp\/v2\/media\/407613"}],"wp:attachment":[{"href":"https:\/\/www.europesays.com\/fr\/wp-json\/wp\/v2\/media?parent=407612"}],"wp:term":[{"taxonomy":"category","embeddable":true,"href":"https:\/\/www.europesays.com\/fr\/wp-json\/wp\/v2\/categories?post=407612"},{"taxonomy":"post_tag","embeddable":true,"href":"https:\/\/www.europesays.com\/fr\/wp-json\/wp\/v2\/tags?post=407612"}],"curies":[{"name":"wp","href":"https:\/\/api.w.org\/{rel}","templated":true}]}}