{"id":407636,"date":"2025-09-21T17:27:11","date_gmt":"2025-09-21T17:27:11","guid":{"rendered":"https:\/\/www.europesays.com\/fr\/407636\/"},"modified":"2025-09-21T17:27:11","modified_gmt":"2025-09-21T17:27:11","slug":"vente-immobiliere-a-lautomne-2025-le-levier-inattendu-pour-accelerer-la-transaction","status":"publish","type":"post","link":"https:\/\/www.europesays.com\/fr\/407636\/","title":{"rendered":"Vente immobili\u00e8re \u00e0 l\u2019automne 2025 : le levier inattendu pour acc\u00e9l\u00e9rer la transaction ?"},"content":{"rendered":"<p>\u00c0 l&rsquo;heure o\u00f9 l&rsquo;\u00e9t\u00e9 tire sur sa r\u00e9v\u00e9rence, nombreux sont les propri\u00e9taires qui se demandent s&rsquo;il est r\u00e9ellement judicieux de mettre en vente leur bien immobilier \u00e0 l&rsquo;automne 2025. Le march\u00e9, longtemps secou\u00e9, semble retrouver un souffle nouveau, et l&rsquo;air du temps laisse planer une question intrigante : existe-t-il un levier encore m\u00e9connu qui permettrait d&rsquo;acc\u00e9l\u00e9rer efficacement une transaction ? Entre embellie inattendue, retour des acheteurs et conditions de financement attractives, la saison automnale s&rsquo;annonce pleine de promesses, \u00e0 condition de savoir en saisir les cl\u00e9s.<\/p>\n<p>Automne 2025 : une fen\u00eatre de vente \u00e0 ne pas manquer pour les propri\u00e9taires ambitieux<\/p>\n<p>L&rsquo;automne 2025 met un terme aux doutes qui planaient sur le march\u00e9 immobilier fran\u00e7ais depuis plusieurs semestres. Alors que beaucoup pensaient encore que la fin de l&rsquo;\u00e9t\u00e9 signalait un ralentissement des ventes, la r\u00e9alit\u00e9 est toute autre. Cette p\u00e9riode se r\u00e9v\u00e8le \u00eatre une <strong>aubaine pour toute personne souhaitant vendre rapidement<\/strong> et dans de bonnes conditions.<\/p>\n<p>Le march\u00e9 s&rsquo;est tendu dans le bon sens, <strong>stimul\u00e9 par la stabilisation des taux de cr\u00e9dit et une baisse notable des d\u00e9lais de vente dans plusieurs r\u00e9gions<\/strong>. Si l&rsquo;on ajoute \u00e0 cela un contexte \u00e9conomique rassurant, il n&rsquo;est gu\u00e8re \u00e9tonnant que les propri\u00e9taires les plus ambitieux voient, dans l&rsquo;automne 2025, une v\u00e9ritable fen\u00eatre d&rsquo;opportunit\u00e9.<\/p>\n<p>Contrairement \u00e0 certaines croyances, le climat automnal ne ralentit pas le ballet des acqu\u00e9reurs. La fin du troisi\u00e8me trimestre marque m\u00eame un <strong>retour en force des acheteurs<\/strong>, notamment gr\u00e2ce \u00e0 des conditions de financement devenues exceptionnellement favorables. Qui aurait cru, il y a \u00e0 peine un an, que l&rsquo;automne deviendrait la saison phare pour les transactions immobili\u00e8res ? Ce regain d&rsquo;activit\u00e9, aliment\u00e9 par une app\u00e9tence nouvelle des acheteurs pour la pierre, constitue <strong>un levier inattendu pour tout vendeur soucieux de raccourcir ses d\u00e9lais<\/strong>.<\/p>\n<p>La stabilit\u00e9 des taux d&rsquo;int\u00e9r\u00eat, cet alli\u00e9 discret qui change la donne<\/p>\n<p>Si un vent de confiance souffle en cette rentr\u00e9e 2025, c&rsquo;est en grande partie gr\u00e2ce \u00e0 la stabilisation des taux d&rsquo;int\u00e9r\u00eat. Loin d&rsquo;\u00eatre un simple d\u00e9tail technique, cette <strong>stabilit\u00e9 joue un r\u00f4le majeur<\/strong> dans l&rsquo;appr\u00e9hension et la r\u00e9ussite des ventes.<\/p>\n<p>Des taux stables autour de 3,25% pour les cr\u00e9dits immobiliers rassurent aussi bien les vendeurs que les acqu\u00e9reurs. Pour ces derniers, la visibilit\u00e9 sur le co\u00fbt de leur emprunt l\u00e8ve de nombreux freins et fluidifie la prise de d\u00e9cision. Pour les vendeurs, c&rsquo;est l&rsquo;assurance de voir revenir un volume accru de candidatures s\u00e9rieuses et solvables. En somme, sur un \u00e9chiquier o\u00f9 r\u00e8gne l&rsquo;incertitude, <strong>la stabilit\u00e9 des taux fait office d&rsquo;alli\u00e9 discret et de garantie silencieuse<\/strong>.<\/p>\n<p>Cons\u00e9quence directe de ces conditions favorables, les d\u00e9lais de vente r\u00e9tr\u00e9cissent un peu partout, parfois de plusieurs semaines en comparaison avec 2024. Cette acc\u00e9l\u00e9ration est rendue possible gr\u00e2ce \u00e0 <strong>des financements plus accessibles et une meilleure ad\u00e9quation entre offres et demandes<\/strong>. Pour de nombreux propri\u00e9taires, l&rsquo;automne devient donc synonyme de rapidit\u00e9 et d&rsquo;efficacit\u00e9.<\/p>\n<p>Booster sa visibilit\u00e9 et s\u00e9duire les acqu\u00e9reurs : des strat\u00e9gies sur-mesure pour l&rsquo;automne<\/p>\n<p>Dans ce contexte concurrentiel, la visibilit\u00e9 reste plus que jamais le nerf de la guerre. La cl\u00e9 ? <strong>Valoriser les atouts saisonniers de son bien<\/strong> pour susciter le fameux coup de c\u0153ur. Qu&rsquo;il s&rsquo;agisse d&rsquo;un appartement baign\u00e9 de la lumi\u00e8re orang\u00e9e automnale ou d&rsquo;une maison profitant d&rsquo;un jardin par\u00e9 de mille couleurs, il conviendra d&rsquo;orchestrer chaque visite comme un v\u00e9ritable \u00e9v\u00e9nement.<\/p>\n<p>Pour renforcer cette d\u00e9marche, l&rsquo;annonce elle-m\u00eame doit \u00eatre pens\u00e9e et adapt\u00e9e. La p\u00e9riode o\u00f9 les acqu\u00e9reurs sont pour la plupart revenus de vacances \u2013 et fourmillent de nouveaux projets \u2013 est id\u00e9ale pour frapper les esprits avec des <strong>photos haut de gamme<\/strong>, des descriptions attractives et une valorisation des points forts du bien en fonction de la saison. Les visites doivent \u00eatre soigneusement pr\u00e9par\u00e9es, en misant par exemple sur une atmosph\u00e8re chaleureuse d\u00e8s l&rsquo;entr\u00e9e.<\/p>\n<p>En misant sur des strat\u00e9gies sur-mesure, il est tout \u00e0 fait possible de <strong>capter l&rsquo;attention dans une p\u00e9riode concurrentielle<\/strong> et de devancer, gr\u00e2ce \u00e0 une mise en sc\u00e8ne efficace, les autres offres sur le march\u00e9. L&rsquo;automne, avec ses couleurs et sa lumi\u00e8re, est un alli\u00e9 pr\u00e9cieux pour transformer un simple coup d&rsquo;\u0153il en offre d&rsquo;achat s\u00e9rieuse.<\/p>\n<p> Comment agir efficacement pour acc\u00e9l\u00e9rer la transaction et \u00e9viter les pi\u00e8ges de derni\u00e8re minute<\/p>\n<p>Au-del\u00e0 de l&rsquo;aspect visibilit\u00e9, pr\u00e9parer s\u00e9rieusement sa vente ne s&rsquo;improvise pas. Les vendeurs avertis le savent : <strong>anticiper l&rsquo;administratif permet d&rsquo;\u00e9viter les blocages<\/strong> au moment d\u00e9cisif. D&rsquo;o\u00f9 l&rsquo;importance de r\u00e9unir sans tarder l&rsquo;ensemble des documents essentiels : diagnostics techniques \u00e0 jour, titre de propri\u00e9t\u00e9, r\u00e8glement de copropri\u00e9t\u00e9, et tous justificatifs relatifs \u00e0 d&rsquo;\u00e9ventuels travaux r\u00e9alis\u00e9s. Une pr\u00e9paration minutieuse repr\u00e9sente un v\u00e9ritable booster, permettant aux acheteurs, souvent press\u00e9s, d&rsquo;avancer sans accroc vers la signature.<\/p>\n<p>Autre recommandation : ne pas h\u00e9siter \u00e0 s&rsquo;entourer des bons partenaires, comme une <strong>agence immobili\u00e8re s\u00e9rieuse ou un notaire r\u00e9actif<\/strong>. Cette approche collaborative favorise non seulement la fluidit\u00e9 des \u00e9changes, mais elle permet aussi d&rsquo;optimiser le processus et d&rsquo;\u00e9viter les retards couramment rencontr\u00e9s lors des transactions. Mieux conseill\u00e9e, la vente progresse plus sereinement et rapidement, au b\u00e9n\u00e9fice de toutes les parties.<\/p>\n<p>Ce qu&rsquo;il faut retenir : l&rsquo;automne 2025, une opportunit\u00e9 \u00e0 saisir pour vendre rapidement et au bon prix<\/p>\n<p>L&rsquo;ann\u00e9e 2025 marque une rupture avec le pass\u00e9 r\u00e9cent : <strong>le march\u00e9 immobilier offre aujourd&rsquo;hui de r\u00e9elles opportunit\u00e9s pour qui sait les saisir<\/strong>.<\/p>\n<ul>\n<li><strong>Des taux d&rsquo;int\u00e9r\u00eat stabilis\u00e9s<\/strong> offrant une visibilit\u00e9 accrue aux acqu\u00e9reurs comme aux vendeurs.<\/li>\n<li><strong>Un retour net des acheteurs<\/strong> sur le march\u00e9, dynamisant les transactions.<\/li>\n<li><strong>Des d\u00e9lais de vente raccourcis<\/strong> gr\u00e2ce \u00e0 la fluidit\u00e9 retrouv\u00e9e des financements immobiliers.<\/li>\n<li><strong>Des strat\u00e9gies de pr\u00e9sentation sur-mesure<\/strong> pour maximiser la visibilit\u00e9 et susciter le coup de c\u0153ur.<\/li>\n<li><strong>Une anticipation administrative cl\u00e9<\/strong> pour \u00e9viter les d\u00e9rapages de derni\u00e8re minute.<\/li>\n<\/ul>\n<p>Les vendeurs les plus avis\u00e9s sauront donc tirer parti de cette p\u00e9riode charni\u00e8re. \u00c0 condition de s&rsquo;adapter, de dynamiser la pr\u00e9sentation de leur bien et d&rsquo;avancer main dans la main avec des partenaires experts, l&rsquo;automne 2025 se profile comme le moment id\u00e9al pour concr\u00e9tiser une vente dans les meilleures conditions.<\/p>\n<p>L&rsquo;automne 2025 consacre le retour d&rsquo;un march\u00e9 fluide, o\u00f9 le d\u00e9lai n&rsquo;est plus un frein mais un <strong>atout pour qui agit avec m\u00e9thode<\/strong>. Un contexte \u00e0 ne pas manquer pour acc\u00e9l\u00e9rer la transaction et r\u00e9colter, avant l&rsquo;hiver, les fruits d&rsquo;une vente rondement men\u00e9e.<\/p>\n","protected":false},"excerpt":{"rendered":"\u00c0 l&rsquo;heure o\u00f9 l&rsquo;\u00e9t\u00e9 tire sur sa r\u00e9v\u00e9rence, nombreux sont les propri\u00e9taires qui se demandent s&rsquo;il est r\u00e9ellement&hellip;\n","protected":false},"author":2,"featured_media":407637,"comment_status":"","ping_status":"","sticky":false,"template":"","format":"standard","meta":{"footnotes":""},"categories":[6],"tags":[35,33,34,1011,27,56],"class_list":{"0":"post-407636","1":"post","2":"type-post","3":"status-publish","4":"format-standard","5":"has-post-thumbnail","7":"category-economie","8":"tag-business","9":"tag-economie","10":"tag-economy","11":"tag-fr","12":"tag-france","13":"tag-push"},"share_on_mastodon":{"url":"https:\/\/pubeurope.com\/@fr\/115243466372880537","error":""},"_links":{"self":[{"href":"https:\/\/www.europesays.com\/fr\/wp-json\/wp\/v2\/posts\/407636","targetHints":{"allow":["GET"]}}],"collection":[{"href":"https:\/\/www.europesays.com\/fr\/wp-json\/wp\/v2\/posts"}],"about":[{"href":"https:\/\/www.europesays.com\/fr\/wp-json\/wp\/v2\/types\/post"}],"author":[{"embeddable":true,"href":"https:\/\/www.europesays.com\/fr\/wp-json\/wp\/v2\/users\/2"}],"replies":[{"embeddable":true,"href":"https:\/\/www.europesays.com\/fr\/wp-json\/wp\/v2\/comments?post=407636"}],"version-history":[{"count":0,"href":"https:\/\/www.europesays.com\/fr\/wp-json\/wp\/v2\/posts\/407636\/revisions"}],"wp:featuredmedia":[{"embeddable":true,"href":"https:\/\/www.europesays.com\/fr\/wp-json\/wp\/v2\/media\/407637"}],"wp:attachment":[{"href":"https:\/\/www.europesays.com\/fr\/wp-json\/wp\/v2\/media?parent=407636"}],"wp:term":[{"taxonomy":"category","embeddable":true,"href":"https:\/\/www.europesays.com\/fr\/wp-json\/wp\/v2\/categories?post=407636"},{"taxonomy":"post_tag","embeddable":true,"href":"https:\/\/www.europesays.com\/fr\/wp-json\/wp\/v2\/tags?post=407636"}],"curies":[{"name":"wp","href":"https:\/\/api.w.org\/{rel}","templated":true}]}}