{"id":407658,"date":"2025-09-21T17:43:10","date_gmt":"2025-09-21T17:43:10","guid":{"rendered":"https:\/\/www.europesays.com\/fr\/407658\/"},"modified":"2025-09-21T17:43:10","modified_gmt":"2025-09-21T17:43:10","slug":"meteo-en-seine-maritime-quel-temps-fera-t-il-en-cette-premiere-semaine-dautomne","status":"publish","type":"post","link":"https:\/\/www.europesays.com\/fr\/407658\/","title":{"rendered":"M\u00e9t\u00e9o en Seine-Maritime. Quel temps fera-t-il en cette premi\u00e8re semaine d&rsquo;automne\u00a0?"},"content":{"rendered":"<p>            Par<br \/>\n        <strong><br \/>\n            <a href=\"https:\/\/actu.fr\/auteur\/fmass\" title=\"Consulter tous les articles de Fabien Massin\" target=\"_blank\" rel=\"noopener\">Fabien Massin<\/a><br \/>\n        <\/strong><\/p>\n<p>        Publi\u00e9 le<\/p>\n<p>            21 sept. 2025 \u00e0 16h12        <\/p>\n<p>Voil\u00e0, l\u2019automne est arriv\u00e9 (l\u2019automne astronomique, <a href=\"https:\/\/actu.fr\/lifestyle\/pourquoi-l-automne-commence-t-il-ce-lundi-22-septembre-et-pas-ce-dimanche-21_63188991.html\" target=\"_blank\" rel=\"noopener\">le m\u00e9t\u00e9orologique ayant d\u00e9j\u00e0 d\u00e9marr\u00e9 depuis d\u00e9but septembre<\/a>). \u00c0 quoi s\u2019attendre en <a href=\"https:\/\/actu.fr\/normandie\/seine-maritime_76\" target=\"_blank\" rel=\"noopener\">Seine-Maritime<\/a>, de Rouen au Havre, du pays de Bray au pays de Caux en passant par Dieppe ? Voici quelques pr\u00e9visions d\u2019apr\u00e8s <a href=\"https:\/\/actu.fr\/tag\/meteo-france\" target=\"_blank\" rel=\"noopener\">M\u00e9t\u00e9o France<\/a>.\u00a0<\/p>\n<p class=\" wall-content\">La semaine devrait d\u00e9marrer avec de<strong> belles \u00e9claircies<\/strong> partout dans le d\u00e9partement, avec des temp\u00e9ratures tournant aux alentours de 15 degr\u00e9s.\u00a0<\/p>\n<p>Une alternance d\u2019\u00e9claircies et d\u2019averses<\/p>\n<p class=\" wall-content\">La pluie devrait faire son retour ici ou l\u00e0 mardi, mais les temp\u00e9ratures ne bougeront pas ou peu.\u00a0<\/p>\n<p class=\" wall-content\">Mercredi devrait plus sec et jeudi plus humide, pas de doute, nous serons bien dans une <strong>alternance de temps bien de la r\u00e9gion<\/strong>. Et les temp\u00e9ratures oscilleront peu, <strong>restant dans un entre-deux typiquement de saison<\/strong>.\u00a0<\/p>\n<p>Suivez l\u2019actualit\u00e9 de Rouen sur notre <a href=\"https:\/\/www.whatsapp.com\/channel\/0029VaKfnf99hXF2ddApFB1D\" target=\"_blank\" rel=\"noopener\">cha\u00eene WhatsApp<\/a> et sur notre <a href=\"https:\/\/www.tiktok.com\/@76actu.fr?lang=fr\" target=\"_blank\" rel=\"noopener\">compte TikTok<\/a>Suivez l\u2019actualit\u00e9 du Havre sur notre <a href=\"https:\/\/www.whatsapp.com\/channel\/0029VaFqJYE8aKvLBwVrEe0o\" target=\"_blank\" rel=\"noopener\">cha\u00eene WhatsApp<\/a> et sur notre <a href=\"https:\/\/www.tiktok.com\/@76actu.fr?lang=fr\" target=\"_blank\" rel=\"noopener\">compte TikTok<\/a><\/p>\n<p class=\" wall-content\">Personnalisez votre actualit\u00e9 en ajoutant vos villes et m\u00e9dias en favori avec <a href=\"https:\/\/moncompte.actu.fr\" title=\"D\u00e9couvez Mon Actu\" rel=\"nofollow noopener\" data-trk=\"{&quot;cta&quot;:{&quot;action&quot;:&quot;https:\\\/\\\/moncompte.actu.fr&quot;,&quot;category&quot;:&quot;mon compte&quot;,&quot;from&quot;:&quot;article footer&quot;,&quot;name&quot;:&quot;Mon actu&quot;,&quot;type&quot;:&quot;cta&quot;}}\" target=\"_blank\">Mon Actu<\/a>.<\/p>\n<p>                    <script async src=\"\/\/www.tiktok.com\/embed.js\"><\/script><\/p>\n","protected":false},"excerpt":{"rendered":"Par Fabien Massin Publi\u00e9 le 21 sept. 2025 \u00e0 16h12 Voil\u00e0, l\u2019automne est arriv\u00e9 (l\u2019automne astronomique, le m\u00e9t\u00e9orologique&hellip;\n","protected":false},"author":2,"featured_media":407659,"comment_status":"","ping_status":"","sticky":false,"template":"","format":"standard","meta":{"footnotes":""},"categories":[9587],"tags":[1111,11,1777,674,1011,27,2487,2357,12,5161,25,9590],"class_list":{"0":"post-407658","1":"post","2":"type-post","3":"status-publish","4":"format-standard","5":"has-post-thumbnail","7":"category-rouen","8":"tag-actu","9":"tag-actualites","10":"tag-eu","11":"tag-europe","12":"tag-fr","13":"tag-france","14":"tag-meteo","15":"tag-meteo-france","16":"tag-news","17":"tag-normandie","18":"tag-republique-francaise","19":"tag-rouen"},"share_on_mastodon":{"url":"https:\/\/pubeurope.com\/@fr\/115243529244963751","error":""},"_links":{"self":[{"href":"https:\/\/www.europesays.com\/fr\/wp-json\/wp\/v2\/posts\/407658","targetHints":{"allow":["GET"]}}],"collection":[{"href":"https:\/\/www.europesays.com\/fr\/wp-json\/wp\/v2\/posts"}],"about":[{"href":"https:\/\/www.europesays.com\/fr\/wp-json\/wp\/v2\/types\/post"}],"author":[{"embeddable":true,"href":"https:\/\/www.europesays.com\/fr\/wp-json\/wp\/v2\/users\/2"}],"replies":[{"embeddable":true,"href":"https:\/\/www.europesays.com\/fr\/wp-json\/wp\/v2\/comments?post=407658"}],"version-history":[{"count":0,"href":"https:\/\/www.europesays.com\/fr\/wp-json\/wp\/v2\/posts\/407658\/revisions"}],"wp:featuredmedia":[{"embeddable":true,"href":"https:\/\/www.europesays.com\/fr\/wp-json\/wp\/v2\/media\/407659"}],"wp:attachment":[{"href":"https:\/\/www.europesays.com\/fr\/wp-json\/wp\/v2\/media?parent=407658"}],"wp:term":[{"taxonomy":"category","embeddable":true,"href":"https:\/\/www.europesays.com\/fr\/wp-json\/wp\/v2\/categories?post=407658"},{"taxonomy":"post_tag","embeddable":true,"href":"https:\/\/www.europesays.com\/fr\/wp-json\/wp\/v2\/tags?post=407658"}],"curies":[{"name":"wp","href":"https:\/\/api.w.org\/{rel}","templated":true}]}}