{"id":407678,"date":"2025-09-21T17:55:14","date_gmt":"2025-09-21T17:55:14","guid":{"rendered":"https:\/\/www.europesays.com\/fr\/407678\/"},"modified":"2025-09-21T17:55:14","modified_gmt":"2025-09-21T17:55:14","slug":"la-marche-etait-trop-haute-pour-saint-cyr-face-a-nantes","status":"publish","type":"post","link":"https:\/\/www.europesays.com\/fr\/407678\/","title":{"rendered":"la marche \u00e9tait trop haute pour Saint-Cyr face \u00e0 Nantes"},"content":{"rendered":"<p><strong>EB Saint-Cyr\u00a0&#8211; FC Nantes\u00a0: 0-3<\/strong><\/p>\n<p>L&rsquo;\u00c9toile Bleue de Saint-Cyr et le FC Nantes \u00e9taient sur deux dynamiques oppos\u00e9es en abordant cette rencontre, ce dimanche apr\u00e8s-midi. Les locaux restaient sur trois d\u00e9faites cons\u00e9cutives tandis que les visiteurs entamaient une s\u00e9rie de trois succ\u00e8s. Une diff\u00e9rence de confiance qui s\u2019est ressentie dans les moments cl\u00e9s et qui a conduit Saint-Cyr \u00e0 s\u2019incliner une nouvelle fois, malgr\u00e9 le soutien de la tribune remplie du stade Guy-Drut&#8230;. <\/p>\n<p>    Cet article a \u00e9t\u00e9 tronqu\u00e9. Abonnez-vous pour lire l&rsquo;article complet sur notre site.<\/p>\n<p style=\"margin: 0 !important; padding: 0 !important; font-size: 12px !important;\">Cet article a \u00e9t\u00e9 tronqu\u00e9. Abonnez-vous pour lire l&rsquo;article complet.<\/p>\n<p>    <a href=\"https:\/\/www.lanouvellerepublique.fr\/abonnements\" style=\"display: inline-block; margin-top: 5px !important; padding: 6px 12px !important; background: #cb1c27; color: white; text-decoration: none; border-radius: 4px; font-size: 12px !important;\" target=\"_blank\" rel=\"noopener\"><br \/>\n      S&rsquo;abonner<br \/>\n    <\/a><\/p>\n","protected":false},"excerpt":{"rendered":"EB Saint-Cyr\u00a0&#8211; FC Nantes\u00a0: 0-3 L&rsquo;\u00c9toile Bleue de Saint-Cyr et le FC Nantes \u00e9taient sur deux dynamiques oppos\u00e9es&hellip;\n","protected":false},"author":2,"featured_media":407679,"comment_status":"","ping_status":"","sticky":false,"template":"","format":"standard","meta":{"footnotes":""},"categories":[2818],"tags":[1111,11,1777,674,63,1011,27,1387,766,22485,12,2636,25,22962,60],"class_list":{"0":"post-407678","1":"post","2":"type-post","3":"status-publish","4":"format-standard","5":"has-post-thumbnail","7":"category-nantes","8":"tag-actu","9":"tag-actualites","10":"tag-eu","11":"tag-europe","12":"tag-football","13":"tag-fr","14":"tag-france","15":"tag-indre-et-loire","16":"tag-nantes","17":"tag-nationaux-football","18":"tag-news","19":"tag-pays-de-la-loire","20":"tag-republique-francaise","21":"tag-saint-cyr-sur-loire","22":"tag-sports"},"share_on_mastodon":{"url":"https:\/\/pubeurope.com\/@fr\/115243576584647891","error":""},"_links":{"self":[{"href":"https:\/\/www.europesays.com\/fr\/wp-json\/wp\/v2\/posts\/407678","targetHints":{"allow":["GET"]}}],"collection":[{"href":"https:\/\/www.europesays.com\/fr\/wp-json\/wp\/v2\/posts"}],"about":[{"href":"https:\/\/www.europesays.com\/fr\/wp-json\/wp\/v2\/types\/post"}],"author":[{"embeddable":true,"href":"https:\/\/www.europesays.com\/fr\/wp-json\/wp\/v2\/users\/2"}],"replies":[{"embeddable":true,"href":"https:\/\/www.europesays.com\/fr\/wp-json\/wp\/v2\/comments?post=407678"}],"version-history":[{"count":0,"href":"https:\/\/www.europesays.com\/fr\/wp-json\/wp\/v2\/posts\/407678\/revisions"}],"wp:featuredmedia":[{"embeddable":true,"href":"https:\/\/www.europesays.com\/fr\/wp-json\/wp\/v2\/media\/407679"}],"wp:attachment":[{"href":"https:\/\/www.europesays.com\/fr\/wp-json\/wp\/v2\/media?parent=407678"}],"wp:term":[{"taxonomy":"category","embeddable":true,"href":"https:\/\/www.europesays.com\/fr\/wp-json\/wp\/v2\/categories?post=407678"},{"taxonomy":"post_tag","embeddable":true,"href":"https:\/\/www.europesays.com\/fr\/wp-json\/wp\/v2\/tags?post=407678"}],"curies":[{"name":"wp","href":"https:\/\/api.w.org\/{rel}","templated":true}]}}