{"id":407700,"date":"2025-09-21T18:09:18","date_gmt":"2025-09-21T18:09:18","guid":{"rendered":"https:\/\/www.europesays.com\/fr\/407700\/"},"modified":"2025-09-21T18:09:18","modified_gmt":"2025-09-21T18:09:18","slug":"le-trafic-interrompu-entre-paris-et-goussainville","status":"publish","type":"post","link":"https:\/\/www.europesays.com\/fr\/407700\/","title":{"rendered":"le trafic interrompu entre Paris et Goussainville"},"content":{"rendered":"<p>            Par<br \/>\n        <strong><br \/>\n            <a href=\"https:\/\/actu.fr\/auteur\/redaction-paris\" title=\"Consulter tous les articles de R\u00e9daction Paris\" rel=\"nofollow noopener\" target=\"_blank\">R\u00e9daction Paris<\/a><br \/>\n        <\/strong><\/p>\n<p>        Publi\u00e9 le<\/p>\n<p>            21 sept. 2025 \u00e0 20h02        <\/p>\n<p>C\u2019est un dimanche soir compliqu\u00e9 qui s\u2019annonce pour les usagers du <a href=\"https:\/\/actu.fr\/tag\/rer-d\" rel=\"nofollow noopener\" target=\"_blank\">RER D<\/a>. A la suite d\u2019un <a href=\"https:\/\/actu.fr\/tag\/accident-grave-de-voyageur\" rel=\"nofollow noopener\" target=\"_blank\">accident de personne<\/a> ce dimanche 21 septembre, \u00e0 Saint-Denis (Seine-Saint-Denis), le trafic est interrompu entre <a href=\"https:\/\/actu.fr\/tag\/gare-de-lyon\" rel=\"nofollow noopener\" target=\"_blank\">Paris Gare de Lyon<\/a> et Goussainville (Val-d\u2019Oise) dans les 2 sens jusqu\u2019\u00e0 21h30, annonc\u00e9 le compte X de la ligne \u00e0 19h35.\u00a0<\/p>\n<p class=\" wall-content\">\n<p class=\" wall-content\">A cause de cet accident, le trafic est \u00e9galement ralenti sur l\u2019ensemble de la ligne H sauf entre Pontoise et Creil.\u00a0<\/p>\n<p class=\" wall-content\">Personnalisez votre actualit\u00e9 en ajoutant vos villes et m\u00e9dias en favori avec <a href=\"https:\/\/moncompte.actu.fr\" title=\"D\u00e9couvez Mon Actu\" rel=\"nofollow noopener\" data-trk=\"{&quot;cta&quot;:{&quot;action&quot;:&quot;https:\\\/\\\/moncompte.actu.fr&quot;,&quot;category&quot;:&quot;mon compte&quot;,&quot;from&quot;:&quot;article footer&quot;,&quot;name&quot;:&quot;Mon actu&quot;,&quot;type&quot;:&quot;cta&quot;}}\" target=\"_blank\">Mon Actu<\/a>.<\/p>\n","protected":false},"excerpt":{"rendered":"Par R\u00e9daction Paris Publi\u00e9 le 21 sept. 2025 \u00e0 20h02 C\u2019est un dimanche soir compliqu\u00e9 qui s\u2019annonce pour&hellip;\n","protected":false},"author":2,"featured_media":407701,"comment_status":"","ping_status":"","sticky":false,"template":"","format":"standard","meta":{"footnotes":""},"categories":[1888],"tags":[7757,1111,1928,11,1927,1777,674,118,1011,27,12,1926,626,1925,25,7759,2215],"class_list":{"0":"post-407700","1":"post","2":"type-post","3":"status-publish","4":"format-standard","5":"has-post-thumbnail","7":"category-paris","8":"tag-accident-grave-de-voyageur","9":"tag-actu","10":"tag-actu-paris","11":"tag-actualites","12":"tag-actualites-paris","13":"tag-eu","14":"tag-europe","15":"tag-faits-divers","16":"tag-fr","17":"tag-france","18":"tag-news","19":"tag-news-paris","20":"tag-paris","21":"tag-paris-news","22":"tag-republique-francaise","23":"tag-rer-d","24":"tag-sncf"},"share_on_mastodon":{"url":"https:\/\/pubeurope.com\/@fr\/115243631493541262","error":""},"_links":{"self":[{"href":"https:\/\/www.europesays.com\/fr\/wp-json\/wp\/v2\/posts\/407700","targetHints":{"allow":["GET"]}}],"collection":[{"href":"https:\/\/www.europesays.com\/fr\/wp-json\/wp\/v2\/posts"}],"about":[{"href":"https:\/\/www.europesays.com\/fr\/wp-json\/wp\/v2\/types\/post"}],"author":[{"embeddable":true,"href":"https:\/\/www.europesays.com\/fr\/wp-json\/wp\/v2\/users\/2"}],"replies":[{"embeddable":true,"href":"https:\/\/www.europesays.com\/fr\/wp-json\/wp\/v2\/comments?post=407700"}],"version-history":[{"count":0,"href":"https:\/\/www.europesays.com\/fr\/wp-json\/wp\/v2\/posts\/407700\/revisions"}],"wp:featuredmedia":[{"embeddable":true,"href":"https:\/\/www.europesays.com\/fr\/wp-json\/wp\/v2\/media\/407701"}],"wp:attachment":[{"href":"https:\/\/www.europesays.com\/fr\/wp-json\/wp\/v2\/media?parent=407700"}],"wp:term":[{"taxonomy":"category","embeddable":true,"href":"https:\/\/www.europesays.com\/fr\/wp-json\/wp\/v2\/categories?post=407700"},{"taxonomy":"post_tag","embeddable":true,"href":"https:\/\/www.europesays.com\/fr\/wp-json\/wp\/v2\/tags?post=407700"}],"curies":[{"name":"wp","href":"https:\/\/api.w.org\/{rel}","templated":true}]}}