{"id":407710,"date":"2025-09-21T18:15:16","date_gmt":"2025-09-21T18:15:16","guid":{"rendered":"https:\/\/www.europesays.com\/fr\/407710\/"},"modified":"2025-09-21T18:15:16","modified_gmt":"2025-09-21T18:15:16","slug":"donald-trump-table-sur-plusieurs-milliards-de-dollars-dhonoraires-pour-son-role-dintermediaire","status":"publish","type":"post","link":"https:\/\/www.europesays.com\/fr\/407710\/","title":{"rendered":"Donald Trump table sur plusieurs milliards de dollars d\u2019honoraires pour son r\u00f4le d\u2019interm\u00e9diaire"},"content":{"rendered":"<p>L\u2019administration am\u00e9ricaine devrait monnayer son intervention dans les n\u00e9gociations qui ont permis d\u2019obtenir le feu vert de P\u00e9kin \u00e0 la cession du r\u00e9seau social.<\/p>\n<p class=\"fig-paragraph\">Donald Trump ne perd pas une occasion de jouer les banquiers d\u2019affaires. Alors que la vente de\u00a0<a href=\"https:\/\/www.lefigaro.fr\/tag\/tiktok\" target=\"_blank\" rel=\"sponsored noopener\" data-gtm-custom-categorie=\"navigation\" data-gtm-custom-action=\"crossclick\" data-gtm-custom-label=\"Contextuel\" data-gtm-event=\"customEventSPE\">TikTok<\/a>\u00a0USA\u00a0<a href=\"http:\/\/www.lefigaro.fr\/secteur\/high-tech\/tiktok-la-maison-blanche-affirme-que-les-americains-seront-majoritaires-au-conseil-d-administration-aux-etats-unis-20250920\" data-fig-type=\"NewsFlash\" data-gtm-custom-categorie=\"navigation\" data-gtm-custom-action=\"crossclick\" data-gtm-custom-label=\"Contextuel\" data-gtm-event=\"customEventSPE\" data-fig-domain=\"LEFIGARO\" target=\"_blank\" rel=\"noopener\">entre dans la derni\u00e8re ligne droite<\/a>, le pr\u00e9sident am\u00e9ricain planche d\u00e9j\u00e0 sur&#8230; ses honoraires. L\u2019ancien magnat de l\u2019immobilier entend bien monnayer son r\u00f4le d\u2019interm\u00e9diaire aupr\u00e8s de P\u00e9kin dans la future cession du r\u00e9seau social. \u00abCela n\u2019a pas encore \u00e9t\u00e9 n\u00e9goci\u00e9, mais nous obtiendrons quelque chose\u00bb, a-t-il assur\u00e9 vendredi 19 septembre apr\u00e8s son \u00e9change t\u00e9l\u00e9phonique avec\u00a0<a href=\"https:\/\/www.lefigaro.fr\/tag\/xi-jinping\" target=\"_blank\" rel=\"sponsored noopener\" data-gtm-custom-categorie=\"navigation\" data-gtm-custom-action=\"crossclick\" data-gtm-custom-label=\"Contextuel\" data-gtm-event=\"customEventSPE\">Xi Jinping<\/a>, son homologue chinois.<\/p>\n<p class=\"fig-paragraph\">Selon le Wall Street Journal, l\u2019administration Trump pourrait obtenir \u00abplusieurs milliards de dollars\u00bb d\u2019honoraires des investisseurs am\u00e9ricains qui prendront le contr\u00f4le de la filiale US de TikTok. Il serait ainsi r\u00e9mun\u00e9r\u00e9 pour les bons et loyaux services de son administration en vue de s\u00e9curiser un accord entre P\u00e9kin,\u00a0<a href=\"http:\/\/www.lefigaro.fr\/secteur\/high-tech\/ecouteurs-sans-fil-casque-vr-bytedance-avance-ses-pions-dans-la-course-a-l-ia-20241018\" data-fig-type=\"Article\" data-gtm-custom-categorie=\"navigation\" data-gtm-custom-action=\"crossclick\" data-gtm-custom-label=\"Contextuel\" data-gtm-event=\"customEventSPE\" data-fig-domain=\"LEFIGARO\" target=\"_blank\" rel=\"noopener\">ByteDance<\/a>\u00a0et de nombreux investisseurs. Outre Donald Trump en personne, son vice-pr\u00e9sident\u00a0<a href=\"https:\/\/www.lefigaro.fr\/tag\/j-d-vance\" target=\"_blank\" rel=\"sponsored noopener\" data-gtm-custom-categorie=\"navigation\" data-gtm-custom-action=\"crossclick\" data-gtm-custom-label=\"Contextuel\" data-gtm-event=\"customEventSPE\">JD Vance<\/a>, s\u2019est beaucoup activ\u00e9 en coulisses ces derniers mois sur ce dossier.<\/p>\n<p>                                    <a class=\"fig-a11y-skip a11y-hidden\" href=\"#fig-a11y-skip-main-inarticle\"><br \/>\n        Passer la publicit\u00e9<br \/>\n    <\/a><\/p>\n<p class=\"fig-paragraph\">Si le deal n\u2019est pas encore scell\u00e9, l\u2019administration Trump aurait s\u00e9curis\u00e9 cette semaine le feu vert de P\u00e9kin \u00e0 la vente par ByteDance de TikTok USA. Une loi am\u00e9ricaine vot\u00e9e fin avril 2024 exige, en effet, que le r\u00e9seau social soit c\u00e9d\u00e9 \u00e0 un actionnaire am\u00e9ricain, sous peine d\u2019\u00eatre banni des\u00a0<a href=\"https:\/\/www.lefigaro.fr\/tag\/etats-unis\" target=\"_blank\" rel=\"sponsored noopener\" data-gtm-custom-categorie=\"navigation\" data-gtm-custom-action=\"crossclick\" data-gtm-custom-label=\"Contextuel\" data-gtm-event=\"customEventSPE\">\u00c9tats-Unis<\/a>. Entre-temps, le pr\u00e9sident am\u00e9ricain a repouss\u00e9 \u00e0 quatre reprises la date limite d\u2019une cession, et le dossier TikTok s\u2019est retrouv\u00e9 au c\u0153ur des\u00a0<a href=\"http:\/\/www.lefigaro.fr\/flash-eco\/chine-exportations-et-importations-ont-bondi-en-juillet-depassant-les-previsions-20250807\" data-fig-type=\"NewsFlash\" data-gtm-custom-categorie=\"navigation\" data-gtm-custom-action=\"crossclick\" data-gtm-custom-label=\"Contextuel\" data-gtm-event=\"customEventSPE\" data-fig-domain=\"LEFIGARO\" target=\"_blank\" rel=\"noopener\">tensions sino-am\u00e9ricaines sur les droits de douane<\/a>. Les deux parties ont d\u00e9sormais jusqu\u2019\u00e0 la mi-d\u00e9cembre pour s\u00e9curiser un accord.<\/p>\n<p class=\"fig-body-link\">\n            \u00c0 lire aussi<br \/>\n        <a class=\"fig-body-link__link fig-premium-mark\" href=\"http:\/\/www.lefigaro.fr\/secteur\/high-tech\/en-une-poignee-d-annees-tiktok-s-est-impose-dans-le-quotidien-des-jeunes-francais-20250911\" data-fig-type=\"Article\" data-gtm-custom-categorie=\"navigation\" data-gtm-custom-action=\"crossclick\" data-gtm-custom-label=\"Contextuel\" data-gtm-event=\"customEventSPE\" data-fig-domain=\"LEFIGARO\" target=\"_blank\" rel=\"noopener\">En une poign\u00e9e d\u2019ann\u00e9es, TikTok s\u2019est impos\u00e9 dans le quotidien des jeunes Fran\u00e7ais<br \/>\n    <\/a>\n<\/p>\n<p>Ing\u00e9rence dans les affaires priv\u00e9es<\/p>\n<p class=\"fig-paragraph\">Ce n\u2019est pas la premi\u00e8re fois que le pr\u00e9sident am\u00e9ricain tente de monnayer son r\u00f4le dans ce dossier. En 2020, alors qu\u2019il souhaitait faire interdire TikTok aux \u00c9tats-Unis, il avait tent\u00e9 de favoriser une vente \u00e0 Microsoft et r\u00e9clam\u00e9 des honoraires pour son administration. En vain. Les d\u00e9crets pris \u00e0 l\u2019\u00e9poque par\u00a0<a href=\"https:\/\/www.lefigaro.fr\/tag\/donald-trump\" target=\"_blank\" rel=\"sponsored noopener\" data-gtm-custom-categorie=\"navigation\" data-gtm-custom-action=\"crossclick\" data-gtm-custom-label=\"Contextuel\" data-gtm-event=\"customEventSPE\">Donald Trump<\/a>\u00a0contre TikTok avaient \u00e9t\u00e9 bloqu\u00e9s quelques mois plus tard par un juge f\u00e9d\u00e9ral. Puis, une fois \u00e9lu,\u00a0<a href=\"https:\/\/www.lefigaro.fr\/tag\/joe-biden\" target=\"_blank\" rel=\"sponsored noopener\" data-gtm-custom-categorie=\"navigation\" data-gtm-custom-action=\"crossclick\" data-gtm-custom-label=\"Contextuel\" data-gtm-event=\"customEventSPE\">Joe Biden<\/a>\u00a0les avait annul\u00e9s. Et le \u00abdeal\u00bb \u00e9tait finalement tomb\u00e9 \u00e0 l\u2019eau.<\/p>\n<p class=\"fig-paragraph\">Cet \u00e9pisode est le dernier exemple en date de l\u2019ing\u00e9rence de l\u2019administration Trump II dans les affaires du secteur priv\u00e9. Le pr\u00e9sident am\u00e9ricain n\u2019a cess\u00e9 de faire pression sur Apple afin que l\u2019entreprise relocalise sa production aux \u00c9tats-Unis. Le mois dernier, il a exig\u00e9 la d\u00e9mission du PDG d\u2019Intel dont l\u2019\u00c9tat am\u00e9ricain a fini par devenir actionnaire \u00e0 hauteur de 10%. Trump a \u00e9galement obtenu de\u00a0<a href=\"https:\/\/www.lefigaro.fr\/tag\/nvidia\" target=\"_blank\" rel=\"sponsored noopener\" data-gtm-custom-categorie=\"navigation\" data-gtm-custom-action=\"crossclick\" data-gtm-custom-label=\"Contextuel\" data-gtm-event=\"customEventSPE\">Nvidia<\/a>\u00a0le versement de 15% des recettes provenant de la vente de puces H20 en Chine, en contrepartie de la licence d\u2019exportation accord\u00e9e par Washington.<\/p>\n<p class=\"fig-paragraph\">Des honoraires de l\u2019ordre de plusieurs milliards de dollars dans le dossier TikTok seraient sans pr\u00e9c\u00e9dent. Pour certains juristes, le principe m\u00eame d\u2019une telle r\u00e9mun\u00e9ration serait ill\u00e9gal. Traditionnellement, le gouvernement n\u2019est pas r\u00e9mun\u00e9r\u00e9 par les entreprises pour les autorisations li\u00e9es \u00e0 la s\u00e9curit\u00e9 nationale ou les licences d\u2019exportation. Nul doute que la perception de ces honoraires par l\u2019administration Trump, si elle se confirme dans les prochaines semaines, risque de susciter le d\u00e9bat.<\/p>\n","protected":false},"excerpt":{"rendered":"L\u2019administration am\u00e9ricaine devrait monnayer son intervention dans les n\u00e9gociations qui ont permis d\u2019obtenir le feu vert de P\u00e9kin&hellip;\n","protected":false},"author":2,"featured_media":407711,"comment_status":"","ping_status":"","sticky":false,"template":"","format":"standard","meta":{"footnotes":""},"categories":[1589],"tags":[11,75,73,1866,12,2439,1864,1865,1863,308],"class_list":{"0":"post-407710","1":"post","2":"type-post","3":"status-publish","4":"format-standard","5":"has-post-thumbnail","7":"category-etats-unis","8":"tag-actualites","9":"tag-donald-trump","10":"tag-etats-unis","11":"tag-etats-unis-damerique","12":"tag-news","13":"tag-tiktok","14":"tag-united-states","15":"tag-united-states-of-america","16":"tag-us","17":"tag-usa"},"share_on_mastodon":{"url":"https:\/\/pubeurope.com\/@fr\/115243655291425606","error":""},"_links":{"self":[{"href":"https:\/\/www.europesays.com\/fr\/wp-json\/wp\/v2\/posts\/407710","targetHints":{"allow":["GET"]}}],"collection":[{"href":"https:\/\/www.europesays.com\/fr\/wp-json\/wp\/v2\/posts"}],"about":[{"href":"https:\/\/www.europesays.com\/fr\/wp-json\/wp\/v2\/types\/post"}],"author":[{"embeddable":true,"href":"https:\/\/www.europesays.com\/fr\/wp-json\/wp\/v2\/users\/2"}],"replies":[{"embeddable":true,"href":"https:\/\/www.europesays.com\/fr\/wp-json\/wp\/v2\/comments?post=407710"}],"version-history":[{"count":0,"href":"https:\/\/www.europesays.com\/fr\/wp-json\/wp\/v2\/posts\/407710\/revisions"}],"wp:featuredmedia":[{"embeddable":true,"href":"https:\/\/www.europesays.com\/fr\/wp-json\/wp\/v2\/media\/407711"}],"wp:attachment":[{"href":"https:\/\/www.europesays.com\/fr\/wp-json\/wp\/v2\/media?parent=407710"}],"wp:term":[{"taxonomy":"category","embeddable":true,"href":"https:\/\/www.europesays.com\/fr\/wp-json\/wp\/v2\/categories?post=407710"},{"taxonomy":"post_tag","embeddable":true,"href":"https:\/\/www.europesays.com\/fr\/wp-json\/wp\/v2\/tags?post=407710"}],"curies":[{"name":"wp","href":"https:\/\/api.w.org\/{rel}","templated":true}]}}