{"id":407712,"date":"2025-09-21T18:16:15","date_gmt":"2025-09-21T18:16:15","guid":{"rendered":"https:\/\/www.europesays.com\/fr\/407712\/"},"modified":"2025-09-21T18:16:15","modified_gmt":"2025-09-21T18:16:15","slug":"le-royaume-uni-le-canada-et-laustralie-reconnaissent-letat-palestinien","status":"publish","type":"post","link":"https:\/\/www.europesays.com\/fr\/407712\/","title":{"rendered":"Le Royaume-Uni, le Canada et l\u2019Australie reconnaissent l\u2019\u00c9tat palestinien"},"content":{"rendered":"<p>                                            Monde\n                                                                            <\/p>\n<p>\n                                            Dimanche 21 septembre, les gouvernements du Canada, de l\u2019Australie et du Royaume-Uni ont d\u00e9clar\u00e9 qu\u2019ils reconnaissaient officiellement l\u2019\u00c9tat palestinien. La France va faire de m\u00eame ce lundi.                                        <\/p>\n<p>                                                Publi\u00e9 le 21 septembre 2025 \u00e0 19h32                                                                                            <\/p>\n<p>                                            <img loading=\"lazy\" width=\"1024\" height=\"683\" src=\"https:\/\/www.europesays.com\/fr\/wp-content\/uploads\/2025\/09\/SIPA_01151112_000016-1.jpg\" class=\"attachment-post-thumbnail size-post-thumbnail wp-post-image lazy\" alt=\"Le Royaume-Uni, le Canada et l\u2019Australie reconnaissent l\u2019\u00c9tat palestinien \u00a9 ROBERT\/SIPA\" decoding=\"async\"  data-\/><\/p>\n<p>                                            Le Royaume-Uni, le Canada et l\u2019Australie reconnaissent l\u2019\u00c9tat palestinien \u00a9 ROBERT\/SIPA<\/p>\n<p data-start=\"70\" data-end=\"399\">Ce dimanche 21 septembre, les gouvernements du Canada, de l\u2019Australie et du Royaume-Uni ont annonc\u00e9 la reconnaissance officielle de <a href=\"https:\/\/www.valeursactuelles.com\/societe\/71-des-francais-ne-veulent-pas-hisser-le-drapeau-palestinien-sur-les-mairies\" target=\"_blank\" rel=\"noopener\">l\u2019\u00c9tat palestinien<\/a>. Les dirigeants de ces pays expliquent que cette d\u00e9cision vise \u00e0 relancer la solution \u00e0 deux \u00c9tats, qu\u2019ils estiment compromise par les op\u00e9rations de l\u2019arm\u00e9e isra\u00e9lienne \u00e0 Gaza.<\/p>\n<p><a href=\"https:\/\/www.valeursactuelles.com\/monde\/olivier-faure-demande-a-hisser-des-drapeaux-palestiniens-sur-les-mairies-le-22-septembre-jour-de-la-reconnaissance-de-letat-par-la-france\" class=\"h-flex h-align-items-center h-border-tb h-ptb-15\" target=\"_blank\" rel=\"noopener\">A\u00a0LIRE\u00a0Olivier Faure demande \u00e0 hisser des drapeaux palestiniens sur les mairies le 22 septembre, jour de la reconnaissance de l\u2019\u00c9tat par la France<\/a><\/p>\n<blockquote class=\"twitter-tweet\">\n<p dir=\"ltr\" lang=\"en\">Today, to revive the hope of peace for the Palestinians and Israelis, and a two state solution, the United Kingdom formally recognises the State of Palestine. <a href=\"https:\/\/t.co\/yrg6Lywc1s\">pic.twitter.com\/yrg6Lywc1s<\/a><\/p>\n<p>\u2014 Keir Starmer (@Keir_Starmer) <a href=\"https:\/\/twitter.com\/Keir_Starmer\/status\/1969751392802750719?ref_src=twsrc%5Etfw\" target=\"_blank\" rel=\"noopener\">September 21, 2025<\/a><\/p>\n<\/blockquote>\n<p data-start=\"401\" data-end=\"688\">\u00ab\u202fAujourd\u2019hui, pour raviver l\u2019espoir de paix et d\u2019une solution \u00e0 deux \u00c9tats, je d\u00e9clare clairement en tant que Premier ministre de ce grand pays, que le Royaume-Uni reconna\u00eet officiellement l\u2019\u00c9tat de Palestine\u202f\u00bb, a d\u00e9clar\u00e9 Keir Starmer dans un message publi\u00e9 sur ses r\u00e9seaux sociaux.<\/p>\n<p>Emmanuel Macron doit faire un discours devant l\u2019ONU<a href=\"https:\/\/www.valeursactuelles.com\/monde\/emmanuel-macron-ne-pourra-se-rendre-en-israel-tant-quil-continuera-de-vouloir-reconnaitre-un-etat-palestinien-assure-le-ministre-israelien-des-affaires-etrangeres\" class=\"h-flex h-align-items-center h-border-tb h-ptb-15\" target=\"_blank\" rel=\"noopener\">A\u00a0LIRE\u00a0\u00ab Emmanuel Macron ne pourra se rendre en Isra\u00ebl tant qu\u2019il continuera de vouloir reconna\u00eetre un \u00c9tat palestinien \u00bb, assure le ministre isra\u00e9lien des Affaires \u00e9trang\u00e8res<\/a><\/p>\n<p data-start=\"746\" data-end=\"1163\">Le Premier ministre canadien, Mark Carney, a publi\u00e9 <a href=\"https:\/\/www.pm.gc.ca\/en\/news\/statements\/2025\/09\/21\/statement-prime-minister-carney-on-canada-recognition-state-palestine\" target=\"_blank\" rel=\"noopener\">un communiqu\u00e9<\/a> dans lequel il a affirm\u00e9\u202f: \u00ab\u202fLe Canada reconna\u00eet l\u2019\u00c9tat de Palestine et propose de travailler en partenariat afin de porter la promesse d\u2019un avenir pacifique pour l\u2019\u00c9tat de Palestine et l\u2019\u00c9tat d\u2019Isra\u00ebl. Le Canada inscrit cette mesure dans le cadre d\u2019un effort international concert\u00e9 visant \u00e0 pr\u00e9server la possibilit\u00e9 d\u2019une solution \u00e0 deux \u00c9tats\u202f\u00bb.<\/p>\n<p>                    <img class=\"lazy\" decoding=\"async\" src=\"https:\/\/www.europesays.com\/fr\/wp-content\/uploads\/2025\/09\/1758478575_16_maxresdefault.jpg\" alt=\"Vid\u00e9o YouTube\" style=\"width: 100%; height: auto; display: block;\"\/><\/p>\n<p>                        Chargement\u2026                    <\/p>\n<p data-start=\"1165\" data-end=\"1378\">\u00ab\u202fL\u2019Australie reconna\u00eet les aspirations l\u00e9gitimes et de longue date du peuple de Palestine \u00e0 un \u00c9tat qui lui soit propre\u202f\u00bb, a soulign\u00e9 le Premier ministre australien, Anthony Albanese, \u00e0 travers <a href=\"https:\/\/x.com\/AlboMP\/status\/1969781076185747594\" target=\"_blank\" rel=\"noopener\">un communiqu\u00e9<\/a>. Ce lundi 22 septembre, la France fera de m\u00eame \u00e0 l\u2019ONU. Le pr\u00e9sident de la R\u00e9publique, Emmanuel Macron, officialisera cette reconnaissance lors d\u2019un discours qu\u2019il prononcera \u00e0 l\u2019occasion d\u2019une conf\u00e9rence qu\u2019il copr\u00e9sidera avec le prince h\u00e9ritier d\u2019Arabie saoudite, Mohammed Ben Salman.<\/p>\n<p>                                                                    <script async src=\"https:\/\/platform.twitter.com\/widgets.js\" charset=\"utf-8\"><\/script><\/p>\n","protected":false},"excerpt":{"rendered":"Monde Dimanche 21 septembre, les gouvernements du Canada, de l\u2019Australie et du Royaume-Uni ont d\u00e9clar\u00e9 qu\u2019ils reconnaissaient officiellement&hellip;\n","protected":false},"author":2,"featured_media":407713,"comment_status":"","ping_status":"","sticky":false,"template":"","format":"standard","meta":{"footnotes":""},"categories":[1588],"tags":[11,5035,574,1777,674,27,12,3518,473,1853,1851,1850,1852],"class_list":{"0":"post-407712","1":"post","2":"type-post","3":"status-publish","4":"format-standard","5":"has-post-thumbnail","7":"category-royaume-uni","8":"tag-actualites","9":"tag-australie","10":"tag-canada","11":"tag-eu","12":"tag-europe","13":"tag-france","14":"tag-news","15":"tag-palestine","16":"tag-royaume-uni","17":"tag-royaume-uni-de-grande-bretagne-et-dirlande-du-nord","18":"tag-uk","19":"tag-united-kingdom","20":"tag-united-kingdom-of-great-britain-and-northern-ireland"},"share_on_mastodon":{"url":"https:\/\/pubeurope.com\/@fr\/115243659166080071","error":""},"_links":{"self":[{"href":"https:\/\/www.europesays.com\/fr\/wp-json\/wp\/v2\/posts\/407712","targetHints":{"allow":["GET"]}}],"collection":[{"href":"https:\/\/www.europesays.com\/fr\/wp-json\/wp\/v2\/posts"}],"about":[{"href":"https:\/\/www.europesays.com\/fr\/wp-json\/wp\/v2\/types\/post"}],"author":[{"embeddable":true,"href":"https:\/\/www.europesays.com\/fr\/wp-json\/wp\/v2\/users\/2"}],"replies":[{"embeddable":true,"href":"https:\/\/www.europesays.com\/fr\/wp-json\/wp\/v2\/comments?post=407712"}],"version-history":[{"count":0,"href":"https:\/\/www.europesays.com\/fr\/wp-json\/wp\/v2\/posts\/407712\/revisions"}],"wp:featuredmedia":[{"embeddable":true,"href":"https:\/\/www.europesays.com\/fr\/wp-json\/wp\/v2\/media\/407713"}],"wp:attachment":[{"href":"https:\/\/www.europesays.com\/fr\/wp-json\/wp\/v2\/media?parent=407712"}],"wp:term":[{"taxonomy":"category","embeddable":true,"href":"https:\/\/www.europesays.com\/fr\/wp-json\/wp\/v2\/categories?post=407712"},{"taxonomy":"post_tag","embeddable":true,"href":"https:\/\/www.europesays.com\/fr\/wp-json\/wp\/v2\/tags?post=407712"}],"curies":[{"name":"wp","href":"https:\/\/api.w.org\/{rel}","templated":true}]}}