{"id":407714,"date":"2025-09-21T18:17:13","date_gmt":"2025-09-21T18:17:13","guid":{"rendered":"https:\/\/www.europesays.com\/fr\/407714\/"},"modified":"2025-09-21T18:17:13","modified_gmt":"2025-09-21T18:17:13","slug":"allemagne-francfort-chute-leverkusen-pietine-deux-rivaux-du-bayern-au-ralenti","status":"publish","type":"post","link":"https:\/\/www.europesays.com\/fr\/407714\/","title":{"rendered":"Allemagne: Francfort chute, Leverkusen pi\u00e9tine, deux rivaux du Bayern au ralenti"},"content":{"rendered":"<p class=\"ap-StoryElement ap-StoryElement--mb ap-StoryText\">Parmi les concurrents du Bayern attendus avant le d\u00e9but de la saison, Francfort a enregistr\u00e9 son deuxi\u00e8me revers de rang dimanche apr\u00e8s-midi sur sa pelouse.<\/p>\n<p><a href=\"https:\/\/www.dhnet.be\/sports\/football\/europe\/championnatsetrangers\/2025\/09\/21\/ligue-1-monaco-sen-sort-contre-metz-grace-a-double-dansu-fati-Q4NLGPS27NC3NCSSQMFMNTIY54\/\" target=\"_blank\" rel=\"noopener noreferrer\" class=\"ap-StoryInterstitialLink ap-StoryElement ap-StoryElement--mb\">Ligue 1: Monaco s&rsquo;en sort contre Metz gr\u00e2ce \u00e0 doubl\u00e9 d&rsquo;Ansu Fati<\/a><\/p>\n<p class=\"ap-StoryElement ap-StoryElement--mb ap-StoryText\">De l&rsquo;aveu m\u00eame du capitaine Robin Koch, l&rsquo;Eintracht fait trop d&rsquo;erreurs et s&rsquo;est inclin\u00e9 contre l&rsquo;Union Berlin 4 \u00e0 3, une semaine apr\u00e8s \u00eatre tomb\u00e9 \u00e0 Leverkusen (2-1) malgr\u00e9 une sup\u00e9riorit\u00e9 num\u00e9rique pendant plus d&rsquo;une demi-heure.<\/p>\n<p class=\"ap-StoryElement ap-StoryElement--mb ap-StoryText\">Dimanche, pour les 100 ans de leur Waldstadion c\u00e9l\u00e9br\u00e9s par un immense tifo des ultras de l&rsquo;Eintracht, les joueurs de Dino Toppm\u00f6ller ont \u00e9t\u00e9 men\u00e9s de trois buts (4-1) dans le dernier quart d&rsquo;heure, puis ont tent\u00e9 une remont\u00e9e inachev\u00e9e (4-3) dans les dix derni\u00e8res minutes.<\/p>\n<p>Leverkusen perd encore des points <\/p>\n<p class=\"ap-StoryElement ap-StoryElement--mb ap-StoryText\">\u00ab\u00a0Quand on encaisse quatre buts \u00e0 domicile, peu importe l&rsquo;adversaire, \u00e7a sera tr\u00e8s tr\u00e8s dur. L&rsquo;Union a \u00e9t\u00e9 terriblement efficace\u00a0\u00bb, a estim\u00e9 l&rsquo;attaquant Jonathan Burkardt, auteur du troisi\u00e8me but de Francfort, au micro du diffuseur DAZN.<\/p>\n<p class=\"ap-StoryElement ap-StoryElement--mb ap-StoryText\">Ce revers intervient moins de 72 heures apr\u00e8s la victoire contre Galatasaray (4-1) en Ligue des champions. Ces \u00ab\u00a0semaines anglaises\u00a0\u00bb, avec deux matches par semaines (Ligue des champions puis Bundesliga le week-end) va servir de r\u00e9v\u00e9lateur aux ambitions nationales de l&rsquo;Eintracht.<\/p>\n<p class=\"ap-StoryElement ap-StoryElement--mb ap-StoryText\">Dans sa BayArena, le Bayer Leverkusen de Kasper Hjulmand a une nouvelle fois c\u00e9d\u00e9 des points en cours de rencontre contre le Borussia M\u00f6nchengladbach, c\u00e9dant le match nul dans le temps additionnel.<\/p>\n<p><a href=\"https:\/\/www.dhnet.be\/sports\/football\/europe\/championnatsetrangers\/2025\/09\/21\/angleterre-arsenal-arrache-le-match-nul-contre-manchester-city-1-1-MW753B6RBFDLTEXT5TUHKPCFWE\/\" target=\"_blank\" rel=\"noopener noreferrer\" class=\"ap-StoryInterstitialLink ap-StoryElement ap-StoryElement--mb\">Angleterre: Arsenal arrache le match nul contre Manchester City (1-1)<\/a><\/p>\n<p class=\"ap-StoryElement ap-StoryElement--mb ap-StoryText\">Gr\u00e2ce \u00e0 un but de Malick Tillman, le Werkself (le \u00ab\u00a0onze de l&rsquo;usine\u00a0\u00bb, surnom de l&rsquo;\u00e9quipe du club fond\u00e9 en 1904 par le chimiste Bayer) avait pourtant pris les commandes en milieu de seconde p\u00e9riode (70e).<\/p>\n<p class=\"ap-StoryElement ap-StoryElement--mb ap-StoryText\">Le champion d&rsquo;Allemagne 2024 a ainsi c\u00e9d\u00e9 ses 6e et 7e points (l&rsquo;actuel \u00e9cart avec le Bayern Munich, 5 points contre 12) apr\u00e8s avoir men\u00e9 au score, apr\u00e8s la d\u00e9faite contre Hoffenheim (2-1) et le match nul conc\u00e9d\u00e9 \u00e0 Br\u00eame (3-2), deux r\u00e9sultats qui avaient abouti \u00e0 la mise \u00e0 l&rsquo;\u00e9cart de l&rsquo;entra\u00eeneur Erik ten Hag, remplac\u00e9 par Hjumand.<\/p>\n","protected":false},"excerpt":{"rendered":"Parmi les concurrents du Bayern attendus avant le d\u00e9but de la saison, Francfort a enregistr\u00e9 son deuxi\u00e8me revers&hellip;\n","protected":false},"author":2,"featured_media":407715,"comment_status":"","ping_status":"","sticky":false,"template":"","format":"standard","meta":{"footnotes":""},"categories":[1587],"tags":[11,672,1804,1805,1803,1777,674,2257,3021,1801,12,1802],"class_list":{"0":"post-407714","1":"post","2":"type-post","3":"status-publish","4":"format-standard","5":"has-post-thumbnail","7":"category-allemagne","8":"tag-actualites","9":"tag-allemagne","10":"tag-bundesrepublik-deutschland","11":"tag-de","12":"tag-deutschland","13":"tag-eu","14":"tag-europe","15":"tag-foot","16":"tag-ger","17":"tag-germany","18":"tag-news","19":"tag-republique-federale-dallemagne"},"share_on_mastodon":{"url":"https:\/\/pubeurope.com\/@fr\/115243663250930872","error":""},"_links":{"self":[{"href":"https:\/\/www.europesays.com\/fr\/wp-json\/wp\/v2\/posts\/407714","targetHints":{"allow":["GET"]}}],"collection":[{"href":"https:\/\/www.europesays.com\/fr\/wp-json\/wp\/v2\/posts"}],"about":[{"href":"https:\/\/www.europesays.com\/fr\/wp-json\/wp\/v2\/types\/post"}],"author":[{"embeddable":true,"href":"https:\/\/www.europesays.com\/fr\/wp-json\/wp\/v2\/users\/2"}],"replies":[{"embeddable":true,"href":"https:\/\/www.europesays.com\/fr\/wp-json\/wp\/v2\/comments?post=407714"}],"version-history":[{"count":0,"href":"https:\/\/www.europesays.com\/fr\/wp-json\/wp\/v2\/posts\/407714\/revisions"}],"wp:featuredmedia":[{"embeddable":true,"href":"https:\/\/www.europesays.com\/fr\/wp-json\/wp\/v2\/media\/407715"}],"wp:attachment":[{"href":"https:\/\/www.europesays.com\/fr\/wp-json\/wp\/v2\/media?parent=407714"}],"wp:term":[{"taxonomy":"category","embeddable":true,"href":"https:\/\/www.europesays.com\/fr\/wp-json\/wp\/v2\/categories?post=407714"},{"taxonomy":"post_tag","embeddable":true,"href":"https:\/\/www.europesays.com\/fr\/wp-json\/wp\/v2\/tags?post=407714"}],"curies":[{"name":"wp","href":"https:\/\/api.w.org\/{rel}","templated":true}]}}