{"id":407718,"date":"2025-09-21T18:19:18","date_gmt":"2025-09-21T18:19:18","guid":{"rendered":"https:\/\/www.europesays.com\/fr\/407718\/"},"modified":"2025-09-21T18:19:18","modified_gmt":"2025-09-21T18:19:18","slug":"la-hongrie-dorban-veut-que-bruxelles-saligne-sur-trump-contre-le-mouvement-antifa-2","status":"publish","type":"post","link":"https:\/\/www.europesays.com\/fr\/407718\/","title":{"rendered":"La Hongrie d\u2019Orban veut que Bruxelles s\u2019aligne sur Trump contre le mouvement \u00ab\u00a0Antifa\u00a0\u00bb"},"content":{"rendered":"<p>La Hongrie de <a href=\"https:\/\/www.20minutes.fr\/dossier\/viktor_orban\" target=\"_blank\" class=\"c-link c-link--is-underlined\" rel=\"nofollow noopener\">Viktor Orb\u00e1n<\/a> est une nouvelle fois en phase avec une croisade tr\u00e8s controvers\u00e9e de <a href=\"https:\/\/www.20minutes.fr\/dossier\/donald_trump\" target=\"_blank\" class=\"c-link c-link--is-underlined\" rel=\"nofollow noopener\">Donald Trump<\/a>. Le chef de la diplomatie hongroise a ainsi exhort\u00e9 samedi l\u2019Union europ\u00e9enne \u00e0 suivre l\u2019exemple du pr\u00e9sident am\u00e9ricain et classer comme organisation \u00ab\u00a0terroriste\u00a0\u00bb le mouvement \u00ab\u00a0Antifa\u00a0\u00bb, qui rassemble des groupes d\u2019extr\u00eame gauche se r\u00e9clamant de l\u2019antifascisme.<\/p>\n<p>\u00ab\u00a0La <a href=\"https:\/\/www.20minutes.fr\/dossier\/hongrie\" target=\"_blank\" class=\"c-link c-link--is-underlined\" rel=\"nofollow noopener\">Hongrie<\/a> est convaincue que, sur une question aussi cruciale, l\u2019Europe doit aligner ses actions sur celles des <a href=\"https:\/\/www.20minutes.fr\/monde\/etats-unis\/\" target=\"_blank\" class=\"c-link c-link--is-underlined\" rel=\"nofollow noopener\">\u00c9tats-Unis<\/a>\u00a0\u00bb, a affirm\u00e9 sur X le ministre hongrois des Affaires \u00e9trang\u00e8res, Peter Szijjarto, publiant sa lettre \u00e0 la cheffe de la diplomatie europ\u00e9enne Kaja Kallas.<\/p>\n<p>Un bras de fer entre Budapest et l\u2019UE<\/p>\n<p>Le mouvement Antifa, \u00ab\u00a0ce r\u00e9seau violent d\u2019extr\u00eame gauche a men\u00e9 des attaques brutales \u00e0 travers l\u2019Europe, y compris \u00e0 Budapest\u00a0\u00bb, a affirm\u00e9 le ministre. \u00ab\u00a0\u00c0 notre grand regret, les suspects ont ensuite \u00e9chapp\u00e9 \u00e0 la justice en trouvant refuge dans des \u00c9tats membres de l\u2019<a href=\"https:\/\/www.20minutes.fr\/dossier\/ue\" target=\"_blank\" class=\"c-link c-link--is-underlined\" rel=\"nofollow noopener\">UE<\/a>, qui ont refus\u00e9 de les extrader vers la Hongrie\u00a0\u00bb, \u00e9crit-il dans sa lettre.<\/p>\n<\/p>\n<p>Sur X, Peter Szijjarto mentionne le cas de la militante antifasciste italienne Ilaria Salis qui \u00ab\u00a0a obtenu l\u2019immunit\u00e9 apr\u00e8s \u00eatre devenue d\u00e9put\u00e9e europ\u00e9enne\u00a0\u00bb. Ilaria Salis avait \u00e9t\u00e9 arr\u00eat\u00e9e en f\u00e9vrier\u00a02023 avec d\u2019autres militants, comme l\u2019activiste allemand Maja T., \u00e0 Budapest, qui protestaient contre le \u00ab\u00a0Jour de l\u2019Honneur\u00a0\u00bb, comm\u00e9moration annuelle organis\u00e9e par les milieux n\u00e9onazis. Son \u00e9lection au parlement europ\u00e9en en juin\u00a02024 avait entra\u00een\u00e9 la lev\u00e9e de son assignation \u00e0 r\u00e9sidence en Hongrie o\u00f9 elle avait \u00e9t\u00e9 incarc\u00e9r\u00e9e auparavant pendant plus d\u2019un an.<\/p>\n<p><a href=\"https:\/\/www.20minutes.fr\/monde\/etats-unis\/\" target=\"_blank\" class=\"c-link c-btn c-btn--primary\" rel=\"nofollow noopener\">Notre dossier sur les Etats-Unis<\/a><\/p>\n<p>Mercredi, une semaine apr\u00e8s l\u2019assassinat du militant ultraconservateur Charlie Kirk, Donald Trump avait d\u00e9sign\u00e9 comme organisation \u00ab\u00a0terroriste\u00a0\u00bb le mouvement \u00ab\u00a0Antifa\u00a0\u00bb. Apparu aux Etats-Unis apr\u00e8s l\u2019\u00e9lection de Donald Trump en\u00a02016, ce mouvement s\u2019apparente davantage \u00e0 une mouvance qu\u2019\u00e0 un groupe organis\u00e9. D\u00e9pourvu de dirigeants, comme d\u2019une structure formelle, il d\u00e9signe plut\u00f4t des groupes informels fonctionnant de fa\u00e7on ind\u00e9pendante, selon l\u2019historien am\u00e9ricain Mark Bray, auteur d\u2019un livre de r\u00e9f\u00e9rence sur le sujet.<\/p>\n","protected":false},"excerpt":{"rendered":"La Hongrie de Viktor Orb\u00e1n est une nouvelle fois en phase avec une croisade tr\u00e8s controvers\u00e9e de Donald&hellip;\n","protected":false},"author":2,"featured_media":407719,"comment_status":"","ping_status":"","sticky":false,"template":"","format":"standard","meta":{"footnotes":""},"categories":[1586],"tags":[47,11,75,73,1777,674,1779,1076,9384,1011,27,804,74,12,25,1778,364,555,133,7247],"class_list":{"0":"post-407718","1":"post","2":"type-post","3":"status-publish","4":"format-standard","5":"has-post-thumbnail","7":"category-europe","8":"tag-actualite","9":"tag-actualites","10":"tag-donald-trump","11":"tag-etats-unis","12":"tag-eu","13":"tag-europe","14":"tag-european-union","15":"tag-extreme-droite","16":"tag-extreme-gauche","17":"tag-fr","18":"tag-france","19":"tag-hongrie","20":"tag-monde","21":"tag-news","22":"tag-republique-francaise","23":"tag-ue","24":"tag-union-europeenne","25":"tag-union-europeenne-ue","26":"tag-video","27":"tag-viktor-orban"},"share_on_mastodon":{"url":"https:\/\/pubeurope.com\/@fr\/115243670836490064","error":""},"_links":{"self":[{"href":"https:\/\/www.europesays.com\/fr\/wp-json\/wp\/v2\/posts\/407718","targetHints":{"allow":["GET"]}}],"collection":[{"href":"https:\/\/www.europesays.com\/fr\/wp-json\/wp\/v2\/posts"}],"about":[{"href":"https:\/\/www.europesays.com\/fr\/wp-json\/wp\/v2\/types\/post"}],"author":[{"embeddable":true,"href":"https:\/\/www.europesays.com\/fr\/wp-json\/wp\/v2\/users\/2"}],"replies":[{"embeddable":true,"href":"https:\/\/www.europesays.com\/fr\/wp-json\/wp\/v2\/comments?post=407718"}],"version-history":[{"count":0,"href":"https:\/\/www.europesays.com\/fr\/wp-json\/wp\/v2\/posts\/407718\/revisions"}],"wp:featuredmedia":[{"embeddable":true,"href":"https:\/\/www.europesays.com\/fr\/wp-json\/wp\/v2\/media\/407719"}],"wp:attachment":[{"href":"https:\/\/www.europesays.com\/fr\/wp-json\/wp\/v2\/media?parent=407718"}],"wp:term":[{"taxonomy":"category","embeddable":true,"href":"https:\/\/www.europesays.com\/fr\/wp-json\/wp\/v2\/categories?post=407718"},{"taxonomy":"post_tag","embeddable":true,"href":"https:\/\/www.europesays.com\/fr\/wp-json\/wp\/v2\/tags?post=407718"}],"curies":[{"name":"wp","href":"https:\/\/api.w.org\/{rel}","templated":true}]}}