{"id":407730,"date":"2025-09-21T18:28:20","date_gmt":"2025-09-21T18:28:20","guid":{"rendered":"https:\/\/www.europesays.com\/fr\/407730\/"},"modified":"2025-09-21T18:28:20","modified_gmt":"2025-09-21T18:28:20","slug":"motogp-carlo-pernat-reste-fidele-a-lui-meme-le-championnat-est-plie-signe-marquez-et-bagnaia-doit-quitter-ducati","status":"publish","type":"post","link":"https:\/\/www.europesays.com\/fr\/407730\/","title":{"rendered":"MotoGP, Carlo Pernat reste fid\u00e8le \u00e0 lui-m\u00eame : \u00ab\u00a0le championnat est pli\u00e9, sign\u00e9 Marquez, et Bagnaia doit QUITTER Ducati\u00a0\u00bb"},"content":{"rendered":"<p><strong>L\u2019incontournable chroniqueur et ancien manager Carlo<br \/>\nPernat a livr\u00e9 une analyse explosive du Grand Prix de Saint Marin \u00e0<br \/>\nMisano, sortant l\u2019artillerie lourde : une pr\u00e9diction pour le titre,<br \/>\nun \u00e9loge sans pr\u00e9c\u00e9dent pour Bezzecchi, et une id\u00e9e de transfert<br \/>\nqui va faire grincer des dents \u00e0 Borgo Panigale.<\/strong><\/p>\n<p>Pour <strong>Pernat<\/strong>, ce qui s\u2019est jou\u00e9 \u00e0 <a href=\"https:\/\/www.paddock-gp.com\/motogp-misano-course-live-4\/\" rel=\"nofollow noopener\" target=\"_blank\"><strong>Misano<\/strong><\/a><br \/>\nn\u2019\u00e9tait rien de moins que la cons\u00e9cration du nouveau roi et la<br \/>\nr\u00e9v\u00e9lation d\u2019un futur champion.<\/p>\n<p>\u00ab Deux vainqueurs : <strong>Marc Marquez, le vrai. Et Marco<br \/>\nBezzecchi, le vainqueur moral<\/strong>. Marc a gagn\u00e9 parce qu\u2019il a<br \/>\nrefus\u00e9 de perdre. Il \u00e9tait partout, il a tout tent\u00e9, et il n\u2019a<br \/>\njamais l\u00e2ch\u00e9 un dixi\u00e8me ! C\u2019\u00e9tait du pur g\u00e9nie. Mais Bezzecchi ?<br \/>\nLui, il est devenu champion \u00e0 Misano. \u00bb<\/p>\n<p><strong>Pernat<\/strong> ass\u00e8ne un verdict sans appel sur la<br \/>\nbataille mondiale :<\/p>\n<p>\u00ab <strong>Le Championnat du Monde se termine au Japon. Point<br \/>\nfinal<\/strong>. Marc premier \u00e0 99%, Alex deuxi\u00e8me.<br \/>\n<strong>Un Mondial estampill\u00e9 famille Marquez<\/strong>. Et c\u2019est<br \/>\namplement m\u00e9rit\u00e9. Les autres ? <strong>Ils ne sont simplement pas<br \/>\nau niveau<\/strong>. \u00bb<\/p>\n<p>Alors que <strong>Ducati<\/strong> a plac\u00e9 cinq motos dans le top<br \/>\n6, <strong>Pernat<\/strong> vise directement le double champion<br \/>\nDucati, <a href=\"https:\/\/www.paddock-gp.com\/motogp-bagnaia-face-a-lui-meme-pourquoi-ducati-ne-peut-plus-rien-pour-son-champion\/\" rel=\"nofollow noopener\" target=\"_blank\"><br \/>\n<strong>Pecco Bagnaia<\/strong><\/a>, avec une id\u00e9e de transfert qui<br \/>\nva faire pol\u00e9mique\u2026<\/p>\n<p><img loading=\"lazy\" decoding=\"async\" class=\"aligncenter\" src=\"https:\/\/www.europesays.com\/fr\/wp-content\/uploads\/2025\/09\/avatar.jpg\" width=\"1196\" height=\"626\"\/><\/p>\n<p><strong>Carlo Pernat\u00a0:<br \/>\n\u00ab\u00a0si les choses continuent mal pour Bagnaia et Martin\u2026<br \/>\npourquoi pas un \u00e9change ?\u00a0\u00bb<\/strong><\/p>\n<p>\u00ab R\u00e9fl\u00e9chissez-y : si les choses continuent mal pour Bagnaia<br \/>\net Martin\u2026 pourquoi pas un \u00e9change ? Bagnaia chez Aprilia, Martin<br \/>\nchez Ducati en usine ! <strong>Cela n\u2019a aucun sens que Bagnaia<br \/>\nreste chez Ducati<\/strong>. Marti voulait d\u00e9j\u00e0 partir. Alors,<br \/>\npourquoi pas ? C\u2019est une id\u00e9e folle, mais il faut y penser.<br \/>\n\u00bb<\/p>\n<p><strong>Pernat<\/strong> salue les immenses progr\u00e8s<br \/>\nd\u2019<strong>Aprilia<\/strong>, tout en pointant l\u2019absence cruelle de<br \/>\n<strong>Jorge Martin<\/strong> dans son d\u00e9veloppement. \u00ab Sans la<br \/>\nblessure de Martin, Aprilia serait encore plus forte. <strong>La<br \/>\nRS-GP est devenue une arme de guerre, et Bezzecchi le<br \/>\nprouve<\/strong>. \u00bb<\/p>\n<p>En revanche, le bilan est sans appel pour <a href=\"https:\/\/www.paddock-gp.com\/motogp-misano-j3-ktm-en-crise-technique-trois-chaines-brisees-et-la-colere-de-pit-beirer\/\" rel=\"nofollow noopener\" target=\"_blank\"><br \/>\n<strong>KTM<\/strong><\/a> et son ph\u00e9nom\u00e8ne <strong>Pedro<br \/>\nAcosta<\/strong>, victime d\u2019un abandon cruel :<\/p>\n<p>\u00ab <strong>C\u2019est une honte pour KTM<\/strong>. Avec<br \/>\nAcosta, le podium \u00e9tait possible. La piste ne leur convenait pas,<br \/>\nc\u2019est tout. Mais ils doivent revoir leur fiabilit\u00e9 de fond en<br \/>\ncomble s\u2019ils veulent rivaliser. \u00bb<\/p>\n<p>Le message sur <a href=\"https:\/\/www.motosan.es\/motogp\/pernat-dos-ganadores-en-misano-el-verdadero-marc-marquez-el-moral-marco-bezzecchi\/\" rel=\"nofollow noopener\" target=\"_blank\"><br \/>\nmotosan<\/a> de <strong>Pernat<\/strong> est clair : l\u2019\u00e8re <a href=\"https:\/\/www.paddock-gp.com\/motogp-tardozzi-et-domenicali-defendent-marc-marquez-la-reponse-de-ducati-aux-huees-de-misano\/\" rel=\"nofollow noopener\" target=\"_blank\"><br \/>\n<strong>Marquez<\/strong><\/a> a recommenc\u00e9, et le paddock doit se<br \/>\npr\u00e9parer \u00e0 un s\u00e9isme sur le march\u00e9 des transferts.<\/p>\n<p><img decoding=\"async\" class=\"aligncenter\" src=\"https:\/\/www.europesays.com\/fr\/wp-content\/uploads\/2025\/09\/54786900868_45339e5d1d_c.jpg\"\/><\/p>\n","protected":false},"excerpt":{"rendered":"L\u2019incontournable chroniqueur et ancien manager Carlo Pernat a livr\u00e9 une analyse explosive du Grand Prix de Saint Marin&hellip;\n","protected":false},"author":2,"featured_media":407731,"comment_status":"","ping_status":"","sticky":false,"template":"","format":"standard","meta":{"footnotes":""},"categories":[1413],"tags":[1011,27,1457,1456,60],"class_list":{"0":"post-407730","1":"post","2":"type-post","3":"status-publish","4":"format-standard","5":"has-post-thumbnail","7":"category-moto","8":"tag-fr","9":"tag-france","10":"tag-moto","11":"tag-motocycle","12":"tag-sports"},"share_on_mastodon":{"url":"https:\/\/pubeurope.com\/@fr\/115243707119029697","error":""},"_links":{"self":[{"href":"https:\/\/www.europesays.com\/fr\/wp-json\/wp\/v2\/posts\/407730","targetHints":{"allow":["GET"]}}],"collection":[{"href":"https:\/\/www.europesays.com\/fr\/wp-json\/wp\/v2\/posts"}],"about":[{"href":"https:\/\/www.europesays.com\/fr\/wp-json\/wp\/v2\/types\/post"}],"author":[{"embeddable":true,"href":"https:\/\/www.europesays.com\/fr\/wp-json\/wp\/v2\/users\/2"}],"replies":[{"embeddable":true,"href":"https:\/\/www.europesays.com\/fr\/wp-json\/wp\/v2\/comments?post=407730"}],"version-history":[{"count":0,"href":"https:\/\/www.europesays.com\/fr\/wp-json\/wp\/v2\/posts\/407730\/revisions"}],"wp:featuredmedia":[{"embeddable":true,"href":"https:\/\/www.europesays.com\/fr\/wp-json\/wp\/v2\/media\/407731"}],"wp:attachment":[{"href":"https:\/\/www.europesays.com\/fr\/wp-json\/wp\/v2\/media?parent=407730"}],"wp:term":[{"taxonomy":"category","embeddable":true,"href":"https:\/\/www.europesays.com\/fr\/wp-json\/wp\/v2\/categories?post=407730"},{"taxonomy":"post_tag","embeddable":true,"href":"https:\/\/www.europesays.com\/fr\/wp-json\/wp\/v2\/tags?post=407730"}],"curies":[{"name":"wp","href":"https:\/\/api.w.org\/{rel}","templated":true}]}}