{"id":407737,"date":"2025-09-21T18:32:14","date_gmt":"2025-09-21T18:32:14","guid":{"rendered":"https:\/\/www.europesays.com\/fr\/407737\/"},"modified":"2025-09-21T18:32:14","modified_gmt":"2025-09-21T18:32:14","slug":"je-madresse-quand-meme-a-une-majorite-de-michel-drucker-ne-se-fait-plus-dillusion-sur-son-public","status":"publish","type":"post","link":"https:\/\/www.europesays.com\/fr\/407737\/","title":{"rendered":"\u00ab\u00a0Je m&rsquo;adresse quand m\u00eame \u00e0 une majorit\u00e9 de\u2026\u00a0\u00bb Michel Drucker ne se fait plus d&rsquo;illusion sur son public"},"content":{"rendered":"<p class=\"app_entry_lead\">\n<p>                    <a title=\"\u00a0\u00a9\u00a0CYRIL PECQUENARD\/SIPA (publi\u00e9e le 19\/09\/2025)\" href=\"https:\/\/www.europesays.com\/fr\/wp-content\/uploads\/2025\/09\/80430743.jpg\" class=\"fancy\"><\/p>\n<p>                            <img loading=\"lazy\" decoding=\"async\" src=\"https:\/\/www.europesays.com\/fr\/wp-content\/uploads\/2025\/09\/80430743.jpg\" alt=\"&quot;Je m'adresse quand m\u00eame \u00e0 une majorit\u00e9 de\u2026&quot; Michel Drucker ne se fait plus d'illusion sur son public\" width=\"1500\" height=\"1000\"\/><\/p>\n<p>                    <\/a><\/p>\n<p>                Alors qu&rsquo;il vient de f\u00eater ses 83\u00a0ans, Michel Drucker s&rsquo;est confi\u00e9 sans d\u00e9tour sur lui et sur la t\u00e9l\u00e9vision.<\/p>\n<p>Le 12\u00a0septembre dernier, Michel Drucker a franchi un nouveau cap dans sa vie et sa longue carri\u00e8re\u00a0: l&rsquo;infatigable animateur\u00a0a f\u00eat\u00e9 ses 83\u00a0ans. A cet \u00e2ge pourtant avanc\u00e9 et malgr\u00e9 les graves probl\u00e8mes de coeur qu&rsquo;il a connus ces derni\u00e8res ann\u00e9es, le v\u00e9t\u00e9ran\u00a0du PAF reste ind\u00e9tr\u00f4nable et ind\u00e9boulonnable sur France\u00a03, avec son \u00e9mission phare Vivement Dimanche. Et pas question pour lui de raccrocher\u00a0: alors que beaucoup ont pu le donner\u00a0sur le d\u00e9part ces derniers mois, il a mis les points sur les \u00ab\u00a0i\u00a0\u00bb en se confiant comme rarement, dans un entretien accord\u00e9 \u00e0 France Info.<\/p>\n<p>D&rsquo;abord, celui qui est une v\u00e9ritable b\u00eate de t\u00e9l\u00e9vision depuis des d\u00e9cennies explique sa difficult\u00e9 \u00e0 d\u00e9crocher avec transparence et sinc\u00e9rit\u00e9, avouant\u00a0que son m\u00e9tier est devenu une forme d'\u00a0\u00bbaddiction\u00a0\u00bb. \u00ab\u00a0Ce n&rsquo;est pas la coca\u00efne pour moi, mais la t\u00e9l\u00e9 et le sport. Ce n&rsquo;est pas dangereux\u00a0\u00bb, se justifie-t-il. Pourtant, Michel Drucker est bien conscient que sa long\u00e9vit\u00e9 peut interroger. \u00ab\u00a0Ce n&rsquo;est pas normal, \u00e0 83\u00a0ans, d&rsquo;\u00eatre encore \u00e0 l&rsquo;antenne\u00a0\u00bb, reconnait l&rsquo;ic\u00f4ne de la t\u00e9l\u00e9, avant de livrer une anecdote\u00a0:\u00a0\u00ab\u00a0Johnny m&rsquo;a dit un jour\u00a0: &lsquo;Tu sais, pr\u00e9senter une \u00e9mission de vari\u00e9t\u00e9s \u00e0 75\u00a0ans, est-ce que ce n&rsquo;est pas trop vieux alors que les chanteurs pourraient \u00eatre tes enfants\u00a0?'\u00a0\u00bb.<\/p>\n<p><img decoding=\"async\" alt=\"\" src=\"https:\/\/www.europesays.com\/fr\/wp-content\/uploads\/2025\/09\/80430780.jpg\"\/><\/p>\n<p>L&rsquo;animateur estime n\u00e9anmoins avoir toujours sa place \u00e0 l&rsquo;antenne, car il\u00a0touche\u00a0un public de\u00a0fid\u00e8les qui appr\u00e9cie\u00a0son rythme plus lent que les \u00e9missions actuelles. \u00ab\u00a0Maintenant, tout va trop vite, tellement vite qu&rsquo;on n&rsquo;a plus le temps de r\u00e9fl\u00e9chir. Donc c&rsquo;est pour \u00e7a que sur mon canap\u00e9, je prends encore mon temps. On me laisse prendre mon temps\u00a0\u00bb, souligne-t-il. Un tempo qui s\u00e9duit, selon lui, d&rsquo;autres g\u00e9n\u00e9ration par ricochet.<\/p>\n<p>\u00ab\u00a0Il y a pr\u00e8s d&rsquo;un million de gens qui tournent \u00e0 mon rythme encore parce que je m&rsquo;adresse quand m\u00eame \u00e0 une majorit\u00e9 de seniors\u00a0\u00bb, note Michel Drucker sans se faire d&rsquo;illusion. \u00ab\u00a0Mais leurs petits enfants et leurs enfants me connaissent parce qu&rsquo;il y a des gens qui me disent, &lsquo;Ah bah, vous savez, mon grand-p\u00e8re, qui n&rsquo;est plus l\u00e0, vous aimait bien comme commentateur de foot. Et puis ma grande fille vous a d\u00e9couvert le dimanche apr\u00e8s-midi.'\u00a0\u00bb, d\u00e9fend-il.<\/p>\n<p>S&rsquo;il vit avec \u00ab\u00a0toujours cette inqui\u00e9tude\u00a0\u00bb du temps qui passe et qui vieillit les corps, pas question donc pour Michel Drucker de passer la main. \u00ab\u00a0Je ne me pose pas de questions parce que je me dis que Claude Lelouch a 88\u00a0ans, c&rsquo;est un de mes meilleurs amis et \u00e0 88\u00a0ans, il commence un nouveau film. Hugues Aufray, \u00e0 96\u00a0ans, il chante encore, Line Renaud est toujours l\u00e0, Michel Bouquet \u00e9tait au th\u00e9\u00e2tre jusqu&rsquo;\u00e0 90\u00a0ans. Bon, je me dis que finalement, avoir 83\u00a0ans, finalement, c&rsquo;est encore jeune\u00a0\u00bb, conclut-il. A bon entendeur.<\/p>\n","protected":false},"excerpt":{"rendered":"Alors qu&rsquo;il vient de f\u00eater ses 83\u00a0ans, Michel Drucker s&rsquo;est confi\u00e9 sans d\u00e9tour sur lui et sur la&hellip;\n","protected":false},"author":2,"featured_media":407738,"comment_status":"","ping_status":"","sticky":false,"template":"","format":"standard","meta":{"footnotes":""},"categories":[1359],"tags":[53929,51761,58,59,51763,1011,27,51979,51767,973,3287],"class_list":{"0":"post-407737","1":"post","2":"type-post","3":"status-publish","4":"format-standard","5":"has-post-thumbnail","7":"category-people","8":"tag-cms-linternaute-8833510","9":"tag-controller-content","10":"tag-divertissement","11":"tag-entertainment","12":"tag-format-papier","13":"tag-fr","14":"tag-france","15":"tag-les-histoires-de-linternaute","16":"tag-parallaxeinfeed","17":"tag-people","18":"tag-stars"},"share_on_mastodon":{"url":"https:\/\/pubeurope.com\/@fr\/115243722843091242","error":""},"_links":{"self":[{"href":"https:\/\/www.europesays.com\/fr\/wp-json\/wp\/v2\/posts\/407737","targetHints":{"allow":["GET"]}}],"collection":[{"href":"https:\/\/www.europesays.com\/fr\/wp-json\/wp\/v2\/posts"}],"about":[{"href":"https:\/\/www.europesays.com\/fr\/wp-json\/wp\/v2\/types\/post"}],"author":[{"embeddable":true,"href":"https:\/\/www.europesays.com\/fr\/wp-json\/wp\/v2\/users\/2"}],"replies":[{"embeddable":true,"href":"https:\/\/www.europesays.com\/fr\/wp-json\/wp\/v2\/comments?post=407737"}],"version-history":[{"count":0,"href":"https:\/\/www.europesays.com\/fr\/wp-json\/wp\/v2\/posts\/407737\/revisions"}],"wp:featuredmedia":[{"embeddable":true,"href":"https:\/\/www.europesays.com\/fr\/wp-json\/wp\/v2\/media\/407738"}],"wp:attachment":[{"href":"https:\/\/www.europesays.com\/fr\/wp-json\/wp\/v2\/media?parent=407737"}],"wp:term":[{"taxonomy":"category","embeddable":true,"href":"https:\/\/www.europesays.com\/fr\/wp-json\/wp\/v2\/categories?post=407737"},{"taxonomy":"post_tag","embeddable":true,"href":"https:\/\/www.europesays.com\/fr\/wp-json\/wp\/v2\/tags?post=407737"}],"curies":[{"name":"wp","href":"https:\/\/api.w.org\/{rel}","templated":true}]}}