{"id":407739,"date":"2025-09-21T18:33:17","date_gmt":"2025-09-21T18:33:17","guid":{"rendered":"https:\/\/www.europesays.com\/fr\/407739\/"},"modified":"2025-09-21T18:33:17","modified_gmt":"2025-09-21T18:33:17","slug":"le-musee-dorsay-revele-les-annees-parisiennes-de-john-singer-sargent","status":"publish","type":"post","link":"https:\/\/www.europesays.com\/fr\/407739\/","title":{"rendered":"Le mus\u00e9e d&rsquo;Orsay r\u00e9v\u00e8le les ann\u00e9es parisiennes de John Singer Sargent"},"content":{"rendered":"<p class=\"editor-content__paragraph\">La France le conna\u00eet mal, et pourtant son histoire est celle d\u2019un <strong>Am\u00e9ricain \u00e0 Paris<\/strong>\u00a0; celle, surtout, de l\u2019un des plus grands peintres \u00e9tats-uniens du XIXe si\u00e8cle. <a href=\"https:\/\/www.beauxarts.com\/grand-format\/john-singer-sargent-en-2-minutes\/\" target=\"_blank\" rel=\"noopener\">John Singer Sargent<\/a>, une <strong>ic\u00f4ne pour le monde anglo-saxon<\/strong>, un <strong>outsider mondain<\/strong> aux yeux des amateurs d\u2019art fran\u00e7ais. Le <strong>mus\u00e9e d\u2019Orsay<\/strong> s\u2019appr\u00eate heureusement \u00e0 r\u00e9viser enfin ce pr\u00e9jug\u00e9. En \u00e9clairant<strong> ses ann\u00e9es de formation, parisiennes<\/strong>, l\u2019institution permet de plonger dans l\u2019univers de ce nomade qui connut \u00e0 peine son pays d\u2019origine et, contemporain des <a href=\"https:\/\/www.beauxarts.com\/grand-format\/limpressionnisme-en-3-minutes\/\" target=\"_blank\" rel=\"noopener\">impressionnistes<\/a>, sut allier les influences de <a href=\"https:\/\/www.beauxarts.com\/grand-format\/diego-velasquez-en-2-minutes\/\" target=\"_blank\" rel=\"noopener\">V\u00e9lasquez<\/a> et de <a href=\"https:\/\/www.beauxarts.com\/grand-format\/edouard-manet-en-2-minutes\/\" target=\"_blank\" rel=\"noopener\">Manet<\/a>.<\/p>\n<p class=\"editor-content__paragraph\">\u00ab\u00a0Cette d\u00e9cennie parisienne s\u2019av\u00e8re remarquablement<strong> diverse et audacieuse<\/strong>, souligne Stephanie L. Herdrich, qui a orchestr\u00e9 l\u2019exposition d\u00e9voil\u00e9e <strong>d\u2019abord au <a href=\"https:\/\/www.beauxarts.com\/lifestyle\/le-metropolitan-de-new-york-une-collection-dementielle-en-plein-central-park\/\" target=\"_blank\" rel=\"noopener\">Metropolitan Museum of Art de New York<\/a><\/strong> au printemps dernier, aux c\u00f4t\u00e9s de la conservatrice Caroline Corbeau-Parsons pour le mus\u00e9e d\u2019Orsay. Au-del\u00e0 de ses <strong>talents de portraitiste<\/strong>, Sargent fait preuve d\u2019une <strong>incroyable connaissance de la tradition picturale<\/strong> au fil de ces ann\u00e9es durant lesquelles il aiguise son \u0153il et sa compr\u00e9hension du temps pr\u00e9sent.\u00a0\u00bb<\/p>\n<p>    <img loading=\"lazy\" decoding=\"async\" class=\"image__img\" src=\"https:\/\/www.europesays.com\/fr\/wp-content\/uploads\/2025\/09\/websargent_-_capri-964x754.jpg\" alt=\"John Singer Sargent, Capri Girl on a Rooftop [Capri, Rosina Ferrara dansant une tarentelle sur un toit]\" width=\"964\" height=\"754\"\/><\/p>\n<p>John Singer Sargent, Capri Girl on a Rooftop [Capri, Rosina Ferrara dansant une tarentelle sur un toit], 1878<\/p>\n<p>    i<\/p>\n<p class=\"legende__cartel\">huile sur toile \u2022 50,8 \u00d7 63,5\u00a0cm \u2022 Coll. et \u00a9 Crystal Bridges Museum of American Art, Bentonville<\/p>\n<p class=\"editor-content__paragraph editor-content__paragraph--is-hidden\">Mais c\u2019est<strong> \u00e0 Florence<\/strong> qu\u2019il \u00e9duqua d\u2019abord son regard. Il y na\u00eet en 1856, au hasard des <strong>p\u00e9riples de sa famille am\u00e9ricaine<\/strong>. Plut\u00f4t boh\u00e8mes bien que d\u2019extraction fortun\u00e9e, ses parents, Fitz William Sargent et Mary Newbold Singer, cherchent, en circulant \u00e0 travers l\u2019Europe, \u00e0 surmonter le deuil de leur fille, morte \u00e0 ses 2\u00a0ans. Nice, Rome, la Toscane et les Alpes, ils<strong> ne cessent de voyager<\/strong>. Parlant couramment le fran\u00e7ais, l\u2019italien et l\u2019allemand, ils <strong>\u00e9cument les mus\u00e9es<\/strong>. D\u00e8s l\u2019enfance, familiaris\u00e9 avec les grands ma\u00eetres de la Renaissance, le petit John montre de <strong>remarquables talents de dessinateur<\/strong>. Sa m\u00e8re, qui peint en amateur, l\u2019encourage.<\/p>\n<p>            <strong>Continuez votre lecture<\/strong><\/p>\n<p>\n                et acc\u00e9dez \u00e0 Beaux Arts Magazine<br \/>et \u00e0 tous les contenus web<br \/><strong>en illimit\u00e9 \u00e0 partir de 5,75\u20ac \/ mois<\/strong>\n            <\/p>\n<p class=\"cta-abonnement__log-in\">\n        D\u00e9j\u00e0 abonn\u00e9 ?        <a data-id=\"aHR0cHM6Ly93d3cuYmVhdXhhcnRzLmNvbS9tb24tY29tcHRlLw==\">Connectez-vous<\/a>\n    <\/p>\n<p>            <img data-vllblanksrc=\"https:\/\/www.beauxarts.com\/expos\/john-singer-sargent-le-portraitiste-etrange-du-tout-paris-se-revele-au-musee-dorsay\/1\" data-vllsrc=\"https:\/\/www.europesays.com\/fr\/wp-content\/uploads\/2025\/09\/couv-bam-496-232x300.png\" alt=\"\"\/><img data-vllblanksrc=\"https:\/\/www.beauxarts.com\/expos\/john-singer-sargent-le-portraitiste-etrange-du-tout-paris-se-revele-au-musee-dorsay\/1\" data-vllsrc=\"https:\/\/www.europesays.com\/fr\/wp-content\/uploads\/2025\/08\/bam495_ciouv_page_001-232x300.jpg\" alt=\"\"\/>        <\/p>\n","protected":false},"excerpt":{"rendered":"La France le conna\u00eet mal, et pourtant son histoire est celle d\u2019un Am\u00e9ricain \u00e0 Paris\u00a0; celle, surtout, de&hellip;\n","protected":false},"author":2,"featured_media":407740,"comment_status":"","ping_status":"","sticky":false,"template":"","format":"standard","meta":{"footnotes":""},"categories":[1358],"tags":[12870,1348,1384,1385,1386,58,59,1011,27,1651,1585],"class_list":{"0":"post-407739","1":"post","2":"type-post","3":"status-publish","4":"format-standard","5":"has-post-thumbnail","7":"category-arts-et-design","8":"tag-art-moderne","9":"tag-arts","10":"tag-arts-and-design","11":"tag-arts-et-design","12":"tag-design","13":"tag-divertissement","14":"tag-entertainment","15":"tag-fr","16":"tag-france","17":"tag-musee-dorsay","18":"tag-peinture"},"share_on_mastodon":{"url":"https:\/\/pubeurope.com\/@fr\/115243726413428608","error":""},"_links":{"self":[{"href":"https:\/\/www.europesays.com\/fr\/wp-json\/wp\/v2\/posts\/407739","targetHints":{"allow":["GET"]}}],"collection":[{"href":"https:\/\/www.europesays.com\/fr\/wp-json\/wp\/v2\/posts"}],"about":[{"href":"https:\/\/www.europesays.com\/fr\/wp-json\/wp\/v2\/types\/post"}],"author":[{"embeddable":true,"href":"https:\/\/www.europesays.com\/fr\/wp-json\/wp\/v2\/users\/2"}],"replies":[{"embeddable":true,"href":"https:\/\/www.europesays.com\/fr\/wp-json\/wp\/v2\/comments?post=407739"}],"version-history":[{"count":0,"href":"https:\/\/www.europesays.com\/fr\/wp-json\/wp\/v2\/posts\/407739\/revisions"}],"wp:featuredmedia":[{"embeddable":true,"href":"https:\/\/www.europesays.com\/fr\/wp-json\/wp\/v2\/media\/407740"}],"wp:attachment":[{"href":"https:\/\/www.europesays.com\/fr\/wp-json\/wp\/v2\/media?parent=407739"}],"wp:term":[{"taxonomy":"category","embeddable":true,"href":"https:\/\/www.europesays.com\/fr\/wp-json\/wp\/v2\/categories?post=407739"},{"taxonomy":"post_tag","embeddable":true,"href":"https:\/\/www.europesays.com\/fr\/wp-json\/wp\/v2\/tags?post=407739"}],"curies":[{"name":"wp","href":"https:\/\/api.w.org\/{rel}","templated":true}]}}