{"id":407761,"date":"2025-09-21T18:44:10","date_gmt":"2025-09-21T18:44:10","guid":{"rendered":"https:\/\/www.europesays.com\/fr\/407761\/"},"modified":"2025-09-21T18:44:10","modified_gmt":"2025-09-21T18:44:10","slug":"blocages-manifestations-ce-que-reserve-la-grande-journee-daction-de-septembre","status":"publish","type":"post","link":"https:\/\/www.europesays.com\/fr\/407761\/","title":{"rendered":"blocages, manifestations\u2026 ce que r\u00e9serve la \u00ab\u00a0grande journ\u00e9e d&rsquo;action\u00a0\u00bb de septembre"},"content":{"rendered":"<p>            Par<br \/>\n        <strong><br \/>\n            <a href=\"https:\/\/actu.fr\/auteur\/timotheelangevin\" title=\"Consulter tous les articles de Timoth\u00e9e L&#039;Angevin\" target=\"_blank\" rel=\"noopener\">Timoth\u00e9e L&rsquo;Angevin<\/a><br \/>\n        <\/strong><\/p>\n<p>        Publi\u00e9 le<\/p>\n<p>            21 sept. 2025 \u00e0 19h26        <\/p>\n<p>Ce mois de<strong> septembre 2025<\/strong> est d\u00e9cid\u00e9ment un cauchemar pour l\u2019ex\u00e9cutif. Apr\u00e8s <a href=\"https:\/\/actu.fr\/societe\/direct-greve-du-18-septembre-perturbations-blocages-manifestations-suivez-cette-journee-de-mobilisation_63172627.html\" target=\"_blank\" rel=\"noopener\"><strong>\u00ab\u00a0Bloquons tout\u00a0\u00bb<\/strong><\/a> le 10 septembre et<a href=\"https:\/\/actu.fr\/societe\/direct-greve-du-18-septembre-perturbations-blocages-manifestations-suivez-cette-journee-de-mobilisation_63172627.html\" target=\"_blank\" rel=\"noopener\"><strong> la mobilisation des syndicats<\/strong><\/a> le 18, <a href=\"https:\/\/actu.fr\/societe\/bientot-une-nouvelle-greve-massive-des-agriculteurs-la-fnsea-appelle-a-une-journee-d-action-le-25-septembre_63159480.html\" target=\"_blank\" rel=\"noopener\">place aux <strong>agriculteurs<\/strong><\/a><strong>.<\/strong> Exc\u00e9d\u00e9s par les difficult\u00e9s qu\u2019ils rencontrent au quotidien, la concurrence internationale qu\u2019ils jugent d\u00e9loyale et les normes toujours plus complexes,<a href=\"https:\/\/actu.fr\/tag\/agriculture\" target=\"_blank\" rel=\"noopener\"> \u00e9leveurs, c\u00e9r\u00e9aliers et autres mara\u00eechers<\/a> appellent \u00e0 <strong>une \u00ab\u00a0grande journ\u00e9e d\u2019action\u00a0\u00bb ce vendredi 26 septembre.<\/strong>\u00a0<\/p>\n<p class=\" wall-content\">C\u2019est la <strong>FNSEA,<\/strong> syndicat agricole majoritaire, de concert avec les<strong> Jeunes Agriculteurs (JA),<\/strong> qui sont derri\u00e8re cette mobilisation nationale. La Coordination rurale n\u2019a pas officiellement pris position, mais les antennes locales du deuxi\u00e8me syndicat agricole appellent \u00e9galement \u00e0 se mobiliser. \u00c0 l\u2019inverse, la <a href=\"https:\/\/confederationpaysanne.fr\/rp_article.php?id=15965\" target=\"_blank\" rel=\"noopener\">Conf\u00e9d\u00e9ration paysanne<\/a>, troisi\u00e8me syndicat (class\u00e9 \u00e0 gauche), se d\u00e9solidarise de ce mouvement, d\u00e9plorant \u00ab\u00a0les fausses promesses de l\u2019appel du 26 septembre port\u00e9 par les dirigeants de la FNSEA\u00a0\u00bb.\u00a0<\/p>\n<p>\u0152ufs ukrainiens, accord UE-Mercosur, taxes Trump\u2026<\/p>\n<p class=\" wall-content\"><a href=\"https:\/\/actu.fr\/economie\/leclerc-carrefour-comment-des-oeufs-ukrainiens-non-reglementaires-se-retrouvent-ils-dans-nos-rayons_63094135.html\" target=\"_blank\" rel=\"noopener\">\u0152ufs ukrainiens<\/a> vendus en France qui ne respectent pas les normes, <a href=\"https:\/\/actu.fr\/societe\/mercosur-c-est-quoi-ce-traite-de-libre-echange-au-coeur-de-la-colere-des-agriculteurs_61876440.html\" target=\"_blank\" rel=\"noopener\">accord UE-Mercosur<\/a> qui doit faciliter l\u2019entr\u00e9e de viande, sucre, riz, miel ou soja sud-am\u00e9ricains, au risque de fragiliser certaines fili\u00e8res agricoles europ\u00e9ennes, <a href=\"https:\/\/actu.fr\/politique\/taxes-trump-la-chaine-agro-alimentaire-ne-doit-pas-etre-la-variable-dajustement_62468418.html\" target=\"_blank\" rel=\"noopener\">taxes de Donald Trump<\/a>\u2026 les agriculteurs entendent ainsi prot\u00e9ger leur profession des d\u00e9rives li\u00e9es \u00e0 la mondialisation.\u00a0<\/p>\n<blockquote class=\"ac-article-quote wall-content\">\n<p>Nous attendons une date de rendez-vous avec (le nouveau Premier ministre) S\u00e9bastien Lecornu dans les prochains jours.<\/p>\n<p>    <strong>Arnaud Rousseau<\/strong><br \/>\n        Pr\u00e9sident de la FNSEA    <\/p><\/blockquote>\n<p>\u00ab\u00a0\u00c0 chacun sa fa\u00e7on d\u2019exprimer sa col\u00e8re\u00a0\u00bb<\/p>\n<p class=\" wall-content\">Reste \u00e0 savoir quels modes d\u2019action seront d\u00e9ploy\u00e9s en France. \u00ab\u2009La p\u00e9riode n\u2019est pas facile sur les exploitations, entre la fin des r\u00e9coltes et le d\u00e9but des semis, mais il y a urgence\u00a0\u00bb, a indiqu\u00e9 Arnaud Rousseau, qui appelle, comme les Jeunes Agriculteurs, tous les d\u00e9partements \u00e0 se mobiliser, selon notre r\u00e9daction Terra.\u00a0<\/p>\n<p class=\" wall-content\">\u00ab\u2009\u00c0 chacun sa fa\u00e7on d\u2019exprimer sa col\u00e8re. Dans un premier temps, nous voulons interpeller les d\u00e9cideurs et l\u2019opinion. Mais ce n\u2019est qu\u2019une premi\u00e8re \u00e9tape.\u00a0\u00bb La volont\u00e9 des agriculteurs : \u00ab\u00a0remettre l\u2019agriculture au c\u0153ur des politiques publiques et de la PAC.\u00a0\u00bb<\/p>\n<p>Votre r\u00e9gion, votre actu !<\/p>\n<p>Recevez chaque jour les infos qui comptent pour vous.<\/p>\n<p>\t<a href=\"https:\/\/actu.fr\/newsletter\" class=\"ac-btn ac-btn--corner ac-btn--medium ac-btn--blue800\" target=\"_blank\" rel=\"noopener\">S&rsquo;incrire<\/a><\/p>\n<p class=\" wall-content\">Rencontre avec les parlementaires, descentes dans les grandes surfaces, blocages de routes et de ronds-points\u2026 pour le moment, rien n\u2019est vraiment act\u00e9, et les actions seront d\u00e9finies localement selon les branches d\u00e9partementales des syndicats.\u00a0<\/p>\n<p class=\" wall-content\">Dans la Manche, par exemple, la profession envisage d\u2019aller dans les supermarch\u00e9s \u00ab\u00a0v\u00e9rifier les provenances des produits\u00a0\u00bb, a indiqu\u00e9 la FDSEA \u00e0 <a href=\"https:\/\/actu.fr\/societe\/quelle-sera-la-mobilisation-des-agriculteurs-dans-la-manche-fin-septembre_63165050.html\" target=\"_blank\" rel=\"noopener\">La Presse de la Manche<\/a>.<\/p>\n<p class=\" wall-content\">En Haute-Garonne, une manifestation nationale est pr\u00e9vue le 26 septembre 2025, rapporte <a href=\"https:\/\/actu.fr\/societe\/haute-garonne-les-agriculteurs-preparent-une-journee-de-mobilisation-ce-qui-est-prevu-dans-le-departement_63193299.html\" target=\"_blank\" rel=\"noopener\">actu Toulouse<\/a>. \u00ab Des actions de blocages et des regroupements par canton \u00bb sont pr\u00e9vues.\u00a0<\/p>\n<p>Pr\u00e8s de deux ans de col\u00e8re<\/p>\n<p class=\" wall-content\">Pour rappel, <a href=\"https:\/\/actu.fr\/societe\/direct-agriculteurs-en-colere-blocages-manifestations-suivez-la-mobilisation-ce-jeudi_60608239.html\" target=\"_blank\" rel=\"noopener\">la col\u00e8re des agriculteurs<\/a> s\u2019est <a href=\"https:\/\/actu.fr\/societe\/direct-agriculteurs-en-colere-autoroutes-bloquees-manifestations-suivez-la-mobilisation_60598555.html\" target=\"_blank\" rel=\"noopener\">surtout manifest\u00e9e d\u00e9but 2024<\/a>, avec des actions d\u2019ampleur <a href=\"https:\/\/actu.fr\/societe\/agriculteurs-en-colere-blocus-paris-assiege-suivez-la-mobilisation-ce-lundi-en-direct_60624983.html\" target=\"_blank\" rel=\"noopener\">partout en France<\/a> (blocages de routes, op\u00e9rations p\u00e9ages gratuits, \u00e9pandage de lisier sur des pr\u00e9fectures et des permanences parlementaires, actions envers la grande distribution\u2026). Le mouvement s\u2019est calm\u00e9 au moment des annonces du gouvernement, d\u00e9but f\u00e9vrier, allant dans le sens des revendications des agriculteurs. Mais la col\u00e8re ne s\u2019est pas \u00e9teinte pour autant depuis.\u00a0<\/p>\n<p class=\" wall-content\">En quasiment deux ans, la profession a multipli\u00e9 les actions dans tout le pays, notamment lors de l\u00a0\u00bbacte 2\u2033, en novembre 2024, contre <a href=\"https:\/\/actu.fr\/economie\/agriculteurs-en-colere-radars-baches-panneaux-arraches-feux-la-mobilisation-generale-s-organise_61862316.html\" target=\"_blank\" rel=\"noopener\">la signature du trait\u00e9 UE-Mercosur<\/a>.\u00a0<\/p>\n<p class=\" wall-content\">En 2025, la mobilisation a repris, notamment <a href=\"https:\/\/actu.fr\/societe\/les-agriculteurs-manifestent-dans-toute-la-france-ce-lundi-26-mai-faut-il-s-attendre-au-blocage-du-pays_62685270.html\" target=\"_blank\" rel=\"noopener\">pour exiger la signature de la loi Duplomb<\/a>.<\/p>\n<p class=\" wall-content\">Les agriculteurs ont prouv\u00e9 qu\u2019ils avaient des moyens d\u2019action efficaces pour faire plier l\u2019ex\u00e9cutif, et il y a fort \u00e0 parier qu\u2019ils n\u2019h\u00e9siteront pas \u00e0 montrer leurs muscles au nouveau Premier ministre.\u00a0<\/p>\n<p class=\" wall-content\">Personnalisez votre actualit\u00e9 en ajoutant vos villes et m\u00e9dias en favori avec <a href=\"https:\/\/moncompte.actu.fr\" title=\"D\u00e9couvez Mon Actu\" rel=\"nofollow noopener\" data-trk=\"{&quot;cta&quot;:{&quot;action&quot;:&quot;https:\\\/\\\/moncompte.actu.fr&quot;,&quot;category&quot;:&quot;mon compte&quot;,&quot;from&quot;:&quot;article footer&quot;,&quot;name&quot;:&quot;Mon actu&quot;,&quot;type&quot;:&quot;cta&quot;}}\" target=\"_blank\">Mon Actu<\/a>.<\/p>\n","protected":false},"excerpt":{"rendered":"Par Timoth\u00e9e L&rsquo;Angevin Publi\u00e9 le 21 sept. 2025 \u00e0 19h26 Ce mois de septembre 2025 est d\u00e9cid\u00e9ment un&hellip;\n","protected":false},"author":2,"featured_media":407762,"comment_status":"","ping_status":"","sticky":false,"template":"","format":"standard","meta":{"footnotes":""},"categories":[4],"tags":[11,327,1011,27,1272,12,25,104],"class_list":{"0":"post-407761","1":"post","2":"type-post","3":"status-publish","4":"format-standard","5":"has-post-thumbnail","7":"category-france","8":"tag-actualites","9":"tag-agriculture","10":"tag-fr","11":"tag-france","12":"tag-manifestations","13":"tag-news","14":"tag-republique-francaise","15":"tag-societe"},"share_on_mastodon":{"url":"https:\/\/pubeurope.com\/@fr\/115243769191174389","error":""},"_links":{"self":[{"href":"https:\/\/www.europesays.com\/fr\/wp-json\/wp\/v2\/posts\/407761","targetHints":{"allow":["GET"]}}],"collection":[{"href":"https:\/\/www.europesays.com\/fr\/wp-json\/wp\/v2\/posts"}],"about":[{"href":"https:\/\/www.europesays.com\/fr\/wp-json\/wp\/v2\/types\/post"}],"author":[{"embeddable":true,"href":"https:\/\/www.europesays.com\/fr\/wp-json\/wp\/v2\/users\/2"}],"replies":[{"embeddable":true,"href":"https:\/\/www.europesays.com\/fr\/wp-json\/wp\/v2\/comments?post=407761"}],"version-history":[{"count":0,"href":"https:\/\/www.europesays.com\/fr\/wp-json\/wp\/v2\/posts\/407761\/revisions"}],"wp:featuredmedia":[{"embeddable":true,"href":"https:\/\/www.europesays.com\/fr\/wp-json\/wp\/v2\/media\/407762"}],"wp:attachment":[{"href":"https:\/\/www.europesays.com\/fr\/wp-json\/wp\/v2\/media?parent=407761"}],"wp:term":[{"taxonomy":"category","embeddable":true,"href":"https:\/\/www.europesays.com\/fr\/wp-json\/wp\/v2\/categories?post=407761"},{"taxonomy":"post_tag","embeddable":true,"href":"https:\/\/www.europesays.com\/fr\/wp-json\/wp\/v2\/tags?post=407761"}],"curies":[{"name":"wp","href":"https:\/\/api.w.org\/{rel}","templated":true}]}}