{"id":407768,"date":"2025-09-21T18:49:32","date_gmt":"2025-09-21T18:49:32","guid":{"rendered":"https:\/\/www.europesays.com\/fr\/407768\/"},"modified":"2025-09-21T18:49:32","modified_gmt":"2025-09-21T18:49:32","slug":"ligue-2-fc-annecy-le-parc-des-sports-presque-pret-un-attaquant-espere-les-dernieres-infos-avant-nancy","status":"publish","type":"post","link":"https:\/\/www.europesays.com\/fr\/407768\/","title":{"rendered":"Ligue 2. FC Annecy : le Parc des Sports presque pr\u00eat, un attaquant esp\u00e9r\u00e9&#8230; Les derni\u00e8res infos avant Nancy"},"content":{"rendered":"<p>  Le contexte\u00a0: l\u2019heure de la confirmation<\/p>\n<p>Apr\u00e8s avoir survol\u00e9 le derby des Alpes <a href=\"https:\/\/www.ledauphine.com\/sport\/2025\/09\/19\/malgre-un-excellent-mamadou-diop-le-fc-annecy-humilie-le-gf38\" target=\"_blank\" rel=\"noopener\">face \u00e0 Grenoble (3-1)<\/a> ce vendredi, le FC Annecy va savoir s\u2019il a pass\u00e9 un cap en ce d\u00e9but de saison o\u00f9 s\u2019il a seulement su profiter de l\u2019indigence du GF38. Avec la r\u00e9ception ce mardi (20h30, \u00e0 Dijon) du promu Nancy, pas simple \u00e0 man\u0153uvrer, puis un d\u00e9placement tr\u00e8s d\u00e9licat \u00e0 Troyes (vendredi, 20h) qui r\u00e9gale par sa force offensive, les Haut-Savoyards vont en savoir un peu plus sur leurs progr\u00e8s.<\/p>\n<p>\u00ab\u00a0\u00c7a va \u00eatre une semaine charg\u00e9e. On sait que \u00e7a va \u00eatre dur, on part pour deux vrais combats\u00a0\u00bb, annonce l\u2019attaquant Quentin Paris. Vendredi, le FCA est revenu dans la premi\u00e8re partie de tableau en signant sa deuxi\u00e8me victoire de la saison. Les Ann\u00e9ciens doivent maintenant s\u2019y accrocher. \u00ab\u00a0Restons humbles car ce match contre Nancy d\u00e8s mardi sera \u00e9videmment tr\u00e8s disput\u00e9. On a huit points en six matchs, c\u2019est une bonne chose car le championnat reste tr\u00e8s serr\u00e9\u00a0\u00bb, mesure l\u2019entra\u00eeneur <a href=\"https:\/\/www.ledauphine.com\/p\/laurent-guyot\" target=\"_blank\" rel=\"noopener\">Laurent Guyot<\/a>. Ce sera le troisi\u00e8me match de la saison au stade Gaston-G\u00e9rard et il ne faudra pas s\u2019attendre \u00e0 des records d\u2019affluence en semaine, alors que seulement un demi-millier de personnes est venu <a href=\"https:\/\/www.ledauphine.com\/sport\/2025\/08\/16\/apres-avoir-mene-2-0-le-fc-annecy-laisse-echapper-la-victoire-face-a-dunkerque\" target=\"_blank\" rel=\"noopener\">contre Dunkerque (2-2)<\/a> puis <a href=\"https:\/\/www.ledauphine.com\/sport\/2025\/09\/13\/le-fc-annecy-repris-sur-le-fil-par-reims\" target=\"_blank\" rel=\"noopener\">contre Reims (1-1)<\/a> , \u00e0 chaque fois un samedi apr\u00e8s-midi.<\/p>\n<p>\u00ab\u00a0C\u2019est toujours particulier d\u2019\u00eatre \u00e0 Dijon. En plus, un mardi soir, \u00e7a le sera sans doute encore plus, craint le milieu Vincent Pajot. Ce sera \u00e0 nous d\u2019\u00eatre capables de mettre le rythme qu\u2019on a mis contre Grenoble et jouer sur nos points forts.\u00a0\u00bb Pour ce deuxi\u00e8me match d\u2019une s\u00e9rie de trois en sept jours, Guyot devrait op\u00e9rer un l\u00e9ger turnover.<\/p>\n<p>  L\u2019adversaire\u00a0: Nancy, sept ans plus tard<\/p>\n<p>Cela fait pr\u00e8s de sept ans que les deux formations se sont affront\u00e9es pour la derni\u00e8re fois, au hasard d\u2019un 7e tour de Coupe de France remport\u00e9 tr\u00e8s difficilement par Nancy (1-0), le 17\u00a0novembre 2018, face \u00e0 des Ann\u00e9ciens qui n\u2019\u00e9voluaient qu\u2019en National 2 et r\u00e9duits \u00e0 dix d\u00e8s la 45e minute. Depuis, les deux \u00e9quipes n\u2019ont fait que se croiser quand le FCA est mont\u00e9 en L2, l\u2019ann\u00e9e ou les Lorrains tombaient en National pour la premi\u00e8re fois de leur histoire (2022). L\u2019ASNL est donc de retour en L2 depuis cet \u00e9t\u00e9 gr\u00e2ce au retour \u00e0 la t\u00eate de l\u2019\u00e9quipe du monument Pablo Correa, ex-entra\u00eeneur de l\u2019ETG en 2012. Apr\u00e8s huit points pris lors des quatre premi\u00e8res journ\u00e9es (2v, 2n), Nancy reste sur deux d\u00e9faites contre Troyes (3-0) et le Red Star (1-0) dont la derni\u00e8re marqu\u00e9e par l\u2019expulsion du gardien Enzo Basilio qui sera suspendu ce mardi.<\/p>\n<p>  La phrase\u00a0: \u00ab\u00a0Une remise en question permanente\u00a0\u00bb<\/p>\n<p>Vincent Pajot, milieu de terrain du FC Annecy, apr\u00e8s la victoire contre Grenoble (3-1) vendredi\u00a0: \u00ab\u00a0Il faut continuer dans ce sens. On va savourer mais il ne faut pas tomber dans la suffisance. C\u2019est \u00e7a le football, une remise en question permanente.\u00a0\u00bb<\/p>\n<p>  Le fait\u00a0: les travaux du Parc des Sports bient\u00f4t termin\u00e9s\u00a0?<\/p>\n<p>Les travaux au Parc des Sports d\u2019Annecy semblent toucher \u00e0 leur fin, \u00e0 condition qu\u2019aucun accroc inattendu ne survienne. En effet, les m\u00e2ts pour l\u2019\u00e9clairage, qui devaient arriver de Chine cet \u00e9t\u00e9 et ont finalement \u00e9t\u00e9 command\u00e9s en Pologne, sont enfin arriv\u00e9s et devraient \u00eatre lev\u00e9s ce lundi. Toutefois, l\u2019infime chance de voir la rencontre FCA &#8211; Laval du vendredi 3\u00a0octobre (20h, J9) se jouer \u00e0 Annecy ne devrait pas aboutir car il faudra obtenir toutes les homologations n\u00e9cessaires, d\u2019abord par la commission s\u00e9curit\u00e9 \u00e9lectrique puis par la FFF et la LFP, ce qui rallonge les d\u00e9lais.<\/p>\n<p>  L\u2019effectif\u00a0: Paris reste incertain<\/p>\n<p>Touch\u00e9 aux ischio-jambiers de la cuisse gauche comme en juillet lors de la pr\u00e9paration, l\u2019attaquant Quentin Paris a d\u00fb sortir peu apr\u00e8s avoir ouvert le score au Stade des Alpes contre Grenoble. La blessure crainte semblait moins grave que pr\u00e9vue, s\u2019apparentant plut\u00f4t \u00e0 une contracture \u00e0 la sortie des vestiaires mais il n\u2019est pas encore compl\u00e8tement certain que le jeune buteur (18 ans) puisse tenir sa place mardi. C\u00e9dric Makutungu (cuisse), Fran\u00e7ois Lajugie (cuisse), Fabrice Nsakala (genou) et Kilyan Jusseron (cheville) devraient tous \u00eatre trop justes pour envisager un retour cette semaine.<\/p>\n","protected":false},"excerpt":{"rendered":"Le contexte\u00a0: l\u2019heure de la confirmation Apr\u00e8s avoir survol\u00e9 le derby des Alpes face \u00e0 Grenoble (3-1) ce&hellip;\n","protected":false},"author":2,"featured_media":407769,"comment_status":"","ping_status":"","sticky":false,"template":"","format":"standard","meta":{"footnotes":""},"categories":[9635],"tags":[1111,11,3853,3854,3855,3856,1777,674,20116,1701,63,1011,27,775,4638,12636,1702,12,25,517,1947],"class_list":{"0":"post-407768","1":"post","2":"type-post","3":"status-publish","4":"format-standard","5":"has-post-thumbnail","7":"category-nancy","8":"tag-actu","9":"tag-actualites","10":"tag-annecy","11":"tag-annecy-bassin","12":"tag-annecy-region","13":"tag-edition-annecy-rumilly-les-aravis","14":"tag-eu","15":"tag-europe","16":"tag-fc-annecy","17":"tag-fil-info-sport","18":"tag-football","19":"tag-fr","20":"tag-france","21":"tag-grand-est","22":"tag-haute-savoie","23":"tag-ligue-2-football","24":"tag-nancy","25":"tag-news","26":"tag-republique-francaise","27":"tag-sport","28":"tag-sport-national"},"share_on_mastodon":{"url":"https:\/\/pubeurope.com\/@fr\/115243788782394879","error":""},"_links":{"self":[{"href":"https:\/\/www.europesays.com\/fr\/wp-json\/wp\/v2\/posts\/407768","targetHints":{"allow":["GET"]}}],"collection":[{"href":"https:\/\/www.europesays.com\/fr\/wp-json\/wp\/v2\/posts"}],"about":[{"href":"https:\/\/www.europesays.com\/fr\/wp-json\/wp\/v2\/types\/post"}],"author":[{"embeddable":true,"href":"https:\/\/www.europesays.com\/fr\/wp-json\/wp\/v2\/users\/2"}],"replies":[{"embeddable":true,"href":"https:\/\/www.europesays.com\/fr\/wp-json\/wp\/v2\/comments?post=407768"}],"version-history":[{"count":0,"href":"https:\/\/www.europesays.com\/fr\/wp-json\/wp\/v2\/posts\/407768\/revisions"}],"wp:featuredmedia":[{"embeddable":true,"href":"https:\/\/www.europesays.com\/fr\/wp-json\/wp\/v2\/media\/407769"}],"wp:attachment":[{"href":"https:\/\/www.europesays.com\/fr\/wp-json\/wp\/v2\/media?parent=407768"}],"wp:term":[{"taxonomy":"category","embeddable":true,"href":"https:\/\/www.europesays.com\/fr\/wp-json\/wp\/v2\/categories?post=407768"},{"taxonomy":"post_tag","embeddable":true,"href":"https:\/\/www.europesays.com\/fr\/wp-json\/wp\/v2\/tags?post=407768"}],"curies":[{"name":"wp","href":"https:\/\/api.w.org\/{rel}","templated":true}]}}