{"id":407781,"date":"2025-09-21T18:56:20","date_gmt":"2025-09-21T18:56:20","guid":{"rendered":"https:\/\/www.europesays.com\/fr\/407781\/"},"modified":"2025-09-21T18:56:20","modified_gmt":"2025-09-21T18:56:20","slug":"saint-martin-dheres-reprise-des-cours-de-theatre-de-la-troupe-emouvance","status":"publish","type":"post","link":"https:\/\/www.europesays.com\/fr\/407781\/","title":{"rendered":"Saint-Martin-d&rsquo;H\u00e8res. Reprise des cours de th\u00e9\u00e2tre de la troupe Emouvance"},"content":{"rendered":"<p>Les cours de la troupe de th\u00e9\u00e2tre amateur Emouvance reprennent \u00e0 la maison de quartier Paul-Bert, tous les mercredis de 19\u00a0h\u00a030 \u00e0 21 heures. Ces ateliers et cours de th\u00e9\u00e2tre sont anim\u00e9s par le cr\u00e9ateur de la troupe Fran\u00e7ois Montagne, qui base sa formation sur le mouvement, la gestuelle, le rythme, la musique et la voix. Il associe les mouvements de danse, la voix parl\u00e9e, la voix chant\u00e9e et l\u2019improvisation pour incarner un personnage et amener les \u00e9motions. Ces cours sont destin\u00e9s aux adultes mais \u00e9galement aux adolescents.<\/p>\n<p class=\"note\">Possibilit\u00e9 de tester cette formation avec des s\u00e9ances gratuites.<\/p>\n","protected":false},"excerpt":{"rendered":"Les cours de la troupe de th\u00e9\u00e2tre amateur Emouvance reprennent \u00e0 la maison de quartier Paul-Bert, tous les&hellip;\n","protected":false},"author":2,"featured_media":407782,"comment_status":"","ping_status":"","sticky":false,"template":"","format":"standard","meta":{"footnotes":""},"categories":[9566],"tags":[1111,11,2430,1687,112,1777,674,1011,27,2731,12,25,9448,11264],"class_list":{"0":"post-407781","1":"post","2":"type-post","3":"status-publish","4":"format-standard","5":"has-post-thumbnail","7":"category-grenoble","8":"tag-actu","9":"tag-actualites","10":"tag-auvergne-rhone-alpes","11":"tag-culture-loisirs","12":"tag-edition-grenoble-agglomeration","13":"tag-eu","14":"tag-europe","15":"tag-fr","16":"tag-france","17":"tag-grenoble","18":"tag-news","19":"tag-republique-francaise","20":"tag-saint-martin-dheres","21":"tag-saint-martin-dheres-bassin"},"share_on_mastodon":{"url":"https:\/\/pubeurope.com\/@fr\/115243816428362748","error":""},"_links":{"self":[{"href":"https:\/\/www.europesays.com\/fr\/wp-json\/wp\/v2\/posts\/407781","targetHints":{"allow":["GET"]}}],"collection":[{"href":"https:\/\/www.europesays.com\/fr\/wp-json\/wp\/v2\/posts"}],"about":[{"href":"https:\/\/www.europesays.com\/fr\/wp-json\/wp\/v2\/types\/post"}],"author":[{"embeddable":true,"href":"https:\/\/www.europesays.com\/fr\/wp-json\/wp\/v2\/users\/2"}],"replies":[{"embeddable":true,"href":"https:\/\/www.europesays.com\/fr\/wp-json\/wp\/v2\/comments?post=407781"}],"version-history":[{"count":0,"href":"https:\/\/www.europesays.com\/fr\/wp-json\/wp\/v2\/posts\/407781\/revisions"}],"wp:featuredmedia":[{"embeddable":true,"href":"https:\/\/www.europesays.com\/fr\/wp-json\/wp\/v2\/media\/407782"}],"wp:attachment":[{"href":"https:\/\/www.europesays.com\/fr\/wp-json\/wp\/v2\/media?parent=407781"}],"wp:term":[{"taxonomy":"category","embeddable":true,"href":"https:\/\/www.europesays.com\/fr\/wp-json\/wp\/v2\/categories?post=407781"},{"taxonomy":"post_tag","embeddable":true,"href":"https:\/\/www.europesays.com\/fr\/wp-json\/wp\/v2\/tags?post=407781"}],"curies":[{"name":"wp","href":"https:\/\/api.w.org\/{rel}","templated":true}]}}