{"id":407797,"date":"2025-09-21T19:05:14","date_gmt":"2025-09-21T19:05:14","guid":{"rendered":"https:\/\/www.europesays.com\/fr\/407797\/"},"modified":"2025-09-21T19:05:14","modified_gmt":"2025-09-21T19:05:14","slug":"deux-rave-party-rassemblent-entre-200-et-250-personnes-en-loire-atlantique-ce-week-end","status":"publish","type":"post","link":"https:\/\/www.europesays.com\/fr\/407797\/","title":{"rendered":"Deux rave party rassemblent entre 200 et 250\u00a0personnes en Loire-Atlantique ce week-end"},"content":{"rendered":"<p>Le premier rassemblement a commenc\u00e9 vers minuit, dans la nuit de ce vendredi\u00a019 au samedi 20\u00a0septembre. Une centaine de personnes s\u2019\u00e9taient r\u00e9unies au lieu-dit Berg-Op-Zoom, dans la commune de Saint-Viaud, pr\u00e8s de Saint-Nazaire. Au plus fort, il y aurait eu environ 200\u00a0personnes.<\/p>\n<p>Le second rassemblement a eu lieu dans la nuit suivante, du samedi\u00a020 au dimanche 21\u00a0septembre, au lieu-dit Dastres, en bordure de la for\u00eat du Gavre, \u00e0 Gu\u00e9men\u00e9-Penfao, au nord de Nantes. Environ 250\u00a0personnes y ont particip\u00e9.<\/p>\n<p>Les deux \u00e9v\u00e9nements ont mobilis\u00e9 une centaine de gendarmes durant les deux jours, dont une vingtaine toute la nuit. <strong>\u00ab\u00a0Le dispositif mis en place a probablement dissuad\u00e9 d\u2019autres participants\u00a0\u00bb,<\/strong> analyse une source proche du dossier.<\/p>\n<p>Ce dimanche soir, il ne restait qu\u2019une petite poign\u00e9e de participants sur place.<\/p>\n<p>\u00a0<\/p>\n","protected":false},"excerpt":{"rendered":"Le premier rassemblement a commenc\u00e9 vers minuit, dans la nuit de ce vendredi\u00a019 au samedi 20\u00a0septembre. Une centaine&hellip;\n","protected":false},"author":2,"featured_media":407798,"comment_status":"","ping_status":"","sticky":false,"template":"","format":"standard","meta":{"footnotes":""},"categories":[2818],"tags":[10546,7096,1111,11,1777,674,1011,27,3047,766,12,44986,2636,3744,22237,38544,25,4064],"class_list":{"0":"post-407797","1":"post","2":"type-post","3":"status-publish","4":"format-standard","5":"has-post-thumbnail","7":"category-nantes","8":"tag-10546","9":"tag-7096","10":"tag-actu","11":"tag-actualites","12":"tag-eu","13":"tag-europe","14":"tag-fr","15":"tag-france","16":"tag-loire-atlantique","17":"tag-nantes","18":"tag-news","19":"tag-party","20":"tag-pays-de-la-loire","21":"tag-personnes","22":"tag-rassemblent","23":"tag-rave","24":"tag-republique-francaise","25":"tag-week-end"},"share_on_mastodon":{"url":"https:\/\/pubeurope.com\/@fr\/115243851752725162","error":""},"_links":{"self":[{"href":"https:\/\/www.europesays.com\/fr\/wp-json\/wp\/v2\/posts\/407797","targetHints":{"allow":["GET"]}}],"collection":[{"href":"https:\/\/www.europesays.com\/fr\/wp-json\/wp\/v2\/posts"}],"about":[{"href":"https:\/\/www.europesays.com\/fr\/wp-json\/wp\/v2\/types\/post"}],"author":[{"embeddable":true,"href":"https:\/\/www.europesays.com\/fr\/wp-json\/wp\/v2\/users\/2"}],"replies":[{"embeddable":true,"href":"https:\/\/www.europesays.com\/fr\/wp-json\/wp\/v2\/comments?post=407797"}],"version-history":[{"count":0,"href":"https:\/\/www.europesays.com\/fr\/wp-json\/wp\/v2\/posts\/407797\/revisions"}],"wp:featuredmedia":[{"embeddable":true,"href":"https:\/\/www.europesays.com\/fr\/wp-json\/wp\/v2\/media\/407798"}],"wp:attachment":[{"href":"https:\/\/www.europesays.com\/fr\/wp-json\/wp\/v2\/media?parent=407797"}],"wp:term":[{"taxonomy":"category","embeddable":true,"href":"https:\/\/www.europesays.com\/fr\/wp-json\/wp\/v2\/categories?post=407797"},{"taxonomy":"post_tag","embeddable":true,"href":"https:\/\/www.europesays.com\/fr\/wp-json\/wp\/v2\/tags?post=407797"}],"curies":[{"name":"wp","href":"https:\/\/api.w.org\/{rel}","templated":true}]}}