{"id":407801,"date":"2025-09-21T19:08:41","date_gmt":"2025-09-21T19:08:41","guid":{"rendered":"https:\/\/www.europesays.com\/fr\/407801\/"},"modified":"2025-09-21T19:08:41","modified_gmt":"2025-09-21T19:08:41","slug":"sebastien-cazenave-un-bordelais-au-centre-des-accusations-visant-la-gaza-humanitarian-foundation","status":"publish","type":"post","link":"https:\/\/www.europesays.com\/fr\/407801\/","title":{"rendered":"S\u00e9bastien Cazenave, un Bordelais au centre des accusations visant la Gaza Humanitarian Foundation"},"content":{"rendered":"<p class=\"wp-block-post-excerpt__excerpt\">Une action s\u2019est tenue ce samedi \u00e0 Bordeaux pour d\u00e9noncer l\u2019implication d\u2019un Bordelais, S\u00e9bastien Cazenave, au sein de la Gaza Humanitarian Foundation. Cette ONG est accus\u00e9e de violer les principes du droit international humanitaire et de soutenir le gouvernement isra\u00e9lien dans le g\u00e9nocide en cours dans l\u2019enclave palestinienne. <\/p>\n<p><a href=\"https:\/\/rue89bordeaux.com\/category\/kiosque-abonne\/\" rel=\"tag noopener\" target=\"_blank\">\u00c9dition abonn\u00e9s<\/a>, <a href=\"https:\/\/rue89bordeaux.com\/category\/polemique\/\" rel=\"tag noopener\" target=\"_blank\">Pol\u00e9mique<\/a><\/p>\n<p>Walid Salem<\/p>\n<p>Publi\u00e9 le 20 septembre 2025\u00a0\u00a0\u00b7\u00a0\u00a0<\/p>\n<p>Imprim\u00e9 le 21 septembre 2025 \u00e0 21h08\u00a0\u00a0\u00b7\u00a0\u00a0<\/p>\n<p>\t\t\t\t\t5\u00a0minutes\n<\/p>\n<p>L\u2019attroupement devant le salon de toilettage Au Beau Chien, \u00e0 Bordeaux, n\u2019avait rien d\u2019une file d\u2019attente de clients venus offrir une mise en beaut\u00e9 \u00e0 leur toutou. Ce samedi 20 septembre \u00e0 14h, \u00e0 l\u2019initiative d\u2019un collectif parisien, une trentaine d\u2019activistes locaux pro-Palestine sont r\u00e9unis, indign\u00e9s par <a href=\"https:\/\/www.rfi.fr\/fr\/moyen-orient\/20250701-gaza-des-ong-appellent-%C3%A0-mettre-fin-au-syst%C3%A8me-d-aide-soutenu-par-les-%C3%A9tats-unis\" target=\"_blank\" rel=\"noreferrer noopener\">le r\u00f4le suppos\u00e9 de la Gaza Humanitarian Foundation (GHF) dans le massacre des palestiniens \u00e0 Gaza<\/a>.<\/p>\n<p><a href=\"https:\/\/www.sudouest.fr\/gironde\/bordeaux\/bordeaux-quand-les-chiens-et-chats-se-font-une-beaute-avec-des-produits-regionaux-19162862.php\" target=\"_blank\" rel=\"noreferrer noopener nofollow\">Le g\u00e9rant de la boutique \u2013 rest\u00e9e ferm\u00e9e durant ce rassemblement \u2013 n\u2019est autre que S\u00e9bastien Cazenave<\/a>, directeur de la cha\u00eene d\u2019approvisionnement humanitaire de l\u2019association controvers\u00e9e.<\/p>\n<blockquote class=\"wp-block-quote is-layout-flow wp-block-quote-is-layout-flow\">\n<p>\u00ab\u00a0La France ne peut pas tol\u00e9rer qu\u2019un de ses ressortissants soit impliqu\u00e9 dans le g\u00e9nocide des palestiniens et faire comme si de rien n\u2019\u00e9tait. La place de ce monsieur est devant la Cour internationale de La Haye\u00a0\u00bb, d\u00e9clare Marin* (*pseudonyme) \u00e0 Rue89 Bordeaux, porte-parole de cette action qui a dur\u00e9 une heure avant sa dispersion par la police. <\/p>\n<\/blockquote>\n<p>La GHF \u00e0 choisi pour ce poste strat\u00e9gique le Bordelais de 49 ans, et a annonc\u00e9 sa nomination le 23 juin 2025, le pr\u00e9sentant comme \u00ab\u00a0un v\u00e9t\u00e9ran des missions humanitaires \u00e0 travers le monde\u00a0\u00bb, <a href=\"https:\/\/www.liberation.fr\/checknews\/la-tres-controversee-gaza-humanitarian-foundation-nomme-le-francais-sebastien-cazenave-en-charge-de-sa-logistique-20250626_C66AKDIMI5GVTL2VABWW6VBOQY\/\" target=\"_blank\" rel=\"noreferrer noopener\">rapporte Lib\u00e9ration<\/a>. Son premier directeur ex\u00e9cutif, Jake Wood, avait d\u2019ailleurs claqu\u00e9 la porte d\u00e8s le 25 mai, jugeant impossible de concilier distribution d\u2019aide et respect strict des principes humanitaires.<\/p>\n<p>\t\tUn profil attendu comme un gage de s\u00e9rieux<\/p>\n<p>Dans les cercles humanitaires, S\u00e9bastien Cazenave n\u2019est pas un inconnu. Ancien logisticien pour plusieurs grandes ONG (\u00e0 en croire ses divers pages de profil sur internet) \u2013 T\u00e9l\u00e9coms sans fronti\u00e8res, Premi\u00e8re urgence internationale, Aide m\u00e9dicale internationale, ONG Solidarit\u00e9s, International Medical Corps, Catholice Relief Services, Mines Advisory group\u2026 \u2013, il s\u2019est forg\u00e9 une r\u00e9putation sur des terrains complexes, de l\u2019Afrique subsaharienne au Moyen-Orient. Son exp\u00e9rience est cens\u00e9e apporter de la rigueur \u00e0 une structure, cr\u00e9\u00e9e sous l\u2019impulsion d\u2019Isra\u00ebl et des \u00c9tats-Unis et enregistr\u00e9e \u00e0 Gen\u00e8ve. Mais elle est min\u00e9e par les critiques et les soup\u00e7ons d\u2019opacit\u00e9.<\/p>\n<p>Rue89 Bordeaux a besoin de vos dons<\/p>\n<p>Mille mercis \u00e0 nos 131 donateurs ! Gr\u00e2ce \u00e0 vous, nous avons atteint notre objectif initial de 10\u202f000\u202f\u20ac. Ce soutien va nous permettre de renflouer notre tr\u00e9sorerie, apr\u00e8s le d\u00e9sengagement en 2025 d\u2019un annonceur important \u2013 Bordeaux M\u00e9tropole \u2013 et de r\u00e9gler nos factures en attente.<br \/>Cependant, la cagnotte reste ouverte jusqu\u2019\u00e0 fin septembre afin de vous laisser l\u2019occasion de continuer \u00e0 soutenir votre m\u00e9dia ind\u00e9pendant. Chaque don est d\u00e9ductible des imp\u00f4ts \u00e0 hauteur de 66\u202f%. En recevoir davantage nous permettra de consolider nos finances, d\u2019envisager une rentr\u00e9e sereine, et surtout, d\u2019enrichir nos contenus et de renforcer notre r\u00e9daction.<\/p>\n<p><\/p>\n<p class=\"has-warning-color has-text-color\">\n\t\t\t<strong> Cet article fait partie de l\u2019\u00e9dition abonn\u00e9s.<\/strong><br \/>\n\t\t\t| D\u00e9j\u00e0 abonn\u00e9\u00a0?<br \/>\n\t\t\t<a href=\"https:\/\/rue89bordeaux.com\/user\/login\/\" data-type=\"page\" data-id=\"26256\" target=\"_blank\" rel=\"noopener\">Connectez-vous<\/a>\n\t\t<\/p>\n<p>Abonnez-vous maintenant pour poursuivre votre lecture<\/p>\n<p><img loading=\"lazy\" decoding=\"async\" width=\"607\" height=\"480\" src=\"https:\/\/www.europesays.com\/fr\/wp-content\/uploads\/2025\/04\/1744387698_768_04-paywall.png\" alt=\"Abonnez-vous\" class=\"wp-image-128438\"  \/><\/p>\n<p>\t\t\t<a href=\"https:\/\/rue89bordeaux.com\/\" class=\"custom-logo-link\" rel=\"home noopener\" target=\"_blank\"><img loading=\"lazy\" decoding=\"async\" width=\"290\" height=\"49\" src=\"https:\/\/www.europesays.com\/fr\/wp-content\/uploads\/2025\/04\/logo.png\" class=\"custom-logo\" alt=\"Rue89Bordeaux Enqu\u00eates et informations de proximit\u00e9\"  \/><\/a><\/p>\n<p>\n\t\t\t\tAbonnez-vous maintenant pour suivre l\u2019actualit\u00e9 locale.\t\t\t<\/p>\n<p class=\"font-bold font-serif-heading mb-2 text-4xl\">\n\t\t\t\t\t\tL\u2019investigation locale \u00e0 port\u00e9e de main.\n\t\t\t\t\t<\/p>\n<p>\n\t\t\t\t\t\tAbonnez-vous et profitez d\u2019un acc\u00e8s illimit\u00e9 \u00e0 Rue89Bordeaux. Annulez quand vous voulez.\n\t\t\t\t\t<\/p>\n<p class=\"xl:text-sm\">\n\t\t\t\t\tD\u00e9j\u00e0 abonn\u00e9\u00a0?<br \/>\n\t\t\t\t\t<a class=\"border border-transparent text-center transition-colors duration-instant focus:border-info focus:rounded focus:shadow-focus cursor-pointer text-black hover:text-gray-700 active:bg-black-700 font-semibold inline-block\" href=\"https:\/\/rue89bordeaux.com\/user\/login\/?redirect=\/2025\/09\/sebastien-cazenave-un-bordelais-au-centre-des-accusations-visant-la-gaza-humanitarian-foundation\/\" target=\"_blank\" rel=\"noopener\">Connectez-vous<\/a>\t\t\t\t<\/p>\n<p>\n\t\t\t\tChoisissez votre formule\u00a0:\n\t\t\t<\/p>\n<p>\t\t\t\tFermer<\/p>\n","protected":false},"excerpt":{"rendered":"Une action s\u2019est tenue ce samedi \u00e0 Bordeaux pour d\u00e9noncer l\u2019implication d\u2019un Bordelais, S\u00e9bastien Cazenave, au sein de&hellip;\n","protected":false},"author":2,"featured_media":407802,"comment_status":"","ping_status":"","sticky":false,"template":"","format":"standard","meta":{"footnotes":""},"categories":[2817],"tags":[1111,11,1997,1777,674,1011,27,664,12,2219,3518,25],"class_list":{"0":"post-407801","1":"post","2":"type-post","3":"status-publish","4":"format-standard","5":"has-post-thumbnail","7":"category-bordeaux","8":"tag-actu","9":"tag-actualites","10":"tag-bordeaux","11":"tag-eu","12":"tag-europe","13":"tag-fr","14":"tag-france","15":"tag-israel","16":"tag-news","17":"tag-nouvelle-aquitaine","18":"tag-palestine","19":"tag-republique-francaise"},"share_on_mastodon":{"url":"https:\/\/pubeurope.com\/@fr\/115243864227155816","error":""},"_links":{"self":[{"href":"https:\/\/www.europesays.com\/fr\/wp-json\/wp\/v2\/posts\/407801","targetHints":{"allow":["GET"]}}],"collection":[{"href":"https:\/\/www.europesays.com\/fr\/wp-json\/wp\/v2\/posts"}],"about":[{"href":"https:\/\/www.europesays.com\/fr\/wp-json\/wp\/v2\/types\/post"}],"author":[{"embeddable":true,"href":"https:\/\/www.europesays.com\/fr\/wp-json\/wp\/v2\/users\/2"}],"replies":[{"embeddable":true,"href":"https:\/\/www.europesays.com\/fr\/wp-json\/wp\/v2\/comments?post=407801"}],"version-history":[{"count":0,"href":"https:\/\/www.europesays.com\/fr\/wp-json\/wp\/v2\/posts\/407801\/revisions"}],"wp:featuredmedia":[{"embeddable":true,"href":"https:\/\/www.europesays.com\/fr\/wp-json\/wp\/v2\/media\/407802"}],"wp:attachment":[{"href":"https:\/\/www.europesays.com\/fr\/wp-json\/wp\/v2\/media?parent=407801"}],"wp:term":[{"taxonomy":"category","embeddable":true,"href":"https:\/\/www.europesays.com\/fr\/wp-json\/wp\/v2\/categories?post=407801"},{"taxonomy":"post_tag","embeddable":true,"href":"https:\/\/www.europesays.com\/fr\/wp-json\/wp\/v2\/tags?post=407801"}],"curies":[{"name":"wp","href":"https:\/\/api.w.org\/{rel}","templated":true}]}}