{"id":407803,"date":"2025-09-21T19:09:13","date_gmt":"2025-09-21T19:09:13","guid":{"rendered":"https:\/\/www.europesays.com\/fr\/407803\/"},"modified":"2025-09-21T19:09:13","modified_gmt":"2025-09-21T19:09:13","slug":"girondins-thierry-debes-suivi-mathieu-chabert-plait-aussi-a-bordeaux","status":"publish","type":"post","link":"https:\/\/www.europesays.com\/fr\/407803\/","title":{"rendered":"Girondins : Thierry Deb\u00e8s suivi, Mathieu Chabert pla\u00eet aussi \u00e0 Bordeaux"},"content":{"rendered":"<p><img decoding=\"async\" src=\"https:\/\/www.europesays.com\/fr\/wp-content\/uploads\/2025\/09\/671_84e6708a6fa62f259246a975c538c46b.jpg\" alt=\"Girondins : Thierry Deb\u00e8s suivi, Mathieu Chabert pla\u00eet aussi \u00e0 Bordeaux\" class=\"img-responsive mt-3\"\/><\/p>\n<p class=\"text-center mb-3\" style=\"font-size: 14px\">\u00a9 Iconsport<\/p>\n<p>      <strong>Les Girondins sondent des entraineurs pour remplacer Bruno Irl\u00e8s<\/strong><\/p>\n<p style=\"text-align: justify;\"><a href=\"https:\/\/footamateur.ouest-france.fr\/national-2-clap-de-fin-ce-lundi-pour-damien-ott-et-bruno-irles\/?fbclid=IwY2xjawM9GwxleHRuA2FlbQIxMQABHqS6M-aTcr3bHAC7XEEgI-9_pcKxLOYOYoNAs4yHjGo9v1NaoE_NfnlXJmCO_aem_s3L_vptbqOjFeJgKxzu9uQ\" target=\"_blank\" rel=\"noopener\">Footamateur<\/a> indique que le nom de Thierry Debes revient avec insistance du c\u00f4t\u00e9 des Girondins pour remplacer Bruno Irl\u00e8s. L&rsquo;entraineur de 51 ans est libre depuis son d\u00e9part d&rsquo;Ajaccio cet \u00e9t\u00e9. Ancien gardien de but pass\u00e9 par Strasbourg, Guingamp et Ajaccio, il a embrass\u00e9 une carri\u00e8re d&rsquo;entraineur des gardiens, d&rsquo;entra\u00eeneur adjoint, et plus r\u00e9cemment d&rsquo;entraineur principal depuis le mois de janvier 2025. Il a aussi assur\u00e9 un int\u00e9rim de plusieurs jours comme entra\u00eeneur principal de l&rsquo;ACA en 2014.<\/p>\n<p><strong>Chabert et l&rsquo;exp\u00e9rience des mont\u00e9es<\/strong><\/p>\n<p style=\"text-align: justify;\">Les Girondins ont aussi d&rsquo;autres pistes. En effet, selon nos informations Bordeaux est s\u00e9duit par le profil de Mathieu Chabert (46 ans), sp\u00e9cialiste des mont\u00e9es. Le Biterrois, est libre depuis sa fin de contrat avec l&rsquo;AC Ajaccio en janvier 2025 il a men\u00e9 plusieurs clubs \u00e0 la mont\u00e9e : l&rsquo;AS B\u00e9zier de N1 vers Ligue 2 en 2018, et du SC Bastia de National 2 vers National 1 en 2020, et de National 1 vers Ligue 2 en 2021. Il est aussi mont\u00e9 de National 1 vers Ligue 2 avec Dunkerque.\u00a0 Nous avons \u00e9voqu\u00e9 ses faits d&rsquo;armes dans notre article r\u00e9cent : \u00ab\u00a0<strong><a href=\"https:\/\/www.webgirondins.com\/actualite-mercato-girondins-les-pistes-d-entraineurs-pour-remplacer-bruno-irles-sur-la-sellette-130479\" target=\"_blank\" rel=\"noopener\">Les pistes d\u2019entra\u00eeneurs pour remplacer Bruno Irl\u00e8s sur la sellette\u00a0\u00bb.<\/a><\/strong><\/p>\n<p>Une direction qui s&rsquo;active pour rassurer les supporters face aux r\u00e9sultats mitig\u00e9s en d\u00e9but de saison, les Girondins de Bordeaux voudrait agir vite. Trouver un entra\u00eeneur capable de relever le d\u00e9fi de cette saison, monter en National 1.<\/p>\n<p style=\"text-align: justify;\">\u00c0 lire aussi &gt;&gt;\u00a0<strong><a href=\"https:\/\/www.webgirondins.com\/actualite-girondins-girondins-bruno-irles-s-agace-un-mensonge-de-dire-que-j-ai-recu-un-ultimatum-130510\" target=\"_blank\" rel=\"noopener\">Bruno Irl\u00e8s s\u2019agace : \u00ab\u00a0Un mensonge de dire que j\u2019ai re\u00e7u un ultimatum\u00a0\u00bb<\/a><br \/><\/strong><\/p>\n<p>\u00a0<\/p>\n","protected":false},"excerpt":{"rendered":"\u00a9 Iconsport Les Girondins sondent des entraineurs pour remplacer Bruno Irl\u00e8s Footamateur indique que le nom de Thierry&hellip;\n","protected":false},"author":2,"featured_media":407804,"comment_status":"","ping_status":"","sticky":false,"template":"","format":"standard","meta":{"footnotes":""},"categories":[2817],"tags":[1111,11,150,3475,1997,3211,53936,53934,1869,22797,1994,1777,674,1011,30659,27,1987,6407,3212,53935,12,2219,5536,53937,25,3242,9620,10221,5993],"class_list":{"0":"post-407803","1":"post","2":"type-post","3":"status-publish","4":"format-standard","5":"has-post-thumbnail","7":"category-bordeaux","8":"tag-actu","9":"tag-actualites","10":"tag-apres","11":"tag-aussi","12":"tag-bordeaux","13":"tag-bruno","14":"tag-chabert","15":"tag-debes","16":"tag-debut","17":"tag-decevant","18":"tag-entraineur","19":"tag-eu","20":"tag-europe","21":"tag-fr","22":"tag-fragilise","23":"tag-france","24":"tag-girondins","25":"tag-grogne","26":"tag-irles","27":"tag-mathieu","28":"tag-news","29":"tag-nouvelle-aquitaine","30":"tag-place","31":"tag-plait","32":"tag-republique-francaise","33":"tag-saison","34":"tag-suivi","35":"tag-supporters","36":"tag-thierry"},"share_on_mastodon":{"url":"https:\/\/pubeurope.com\/@fr\/115243867435845538","error":""},"_links":{"self":[{"href":"https:\/\/www.europesays.com\/fr\/wp-json\/wp\/v2\/posts\/407803","targetHints":{"allow":["GET"]}}],"collection":[{"href":"https:\/\/www.europesays.com\/fr\/wp-json\/wp\/v2\/posts"}],"about":[{"href":"https:\/\/www.europesays.com\/fr\/wp-json\/wp\/v2\/types\/post"}],"author":[{"embeddable":true,"href":"https:\/\/www.europesays.com\/fr\/wp-json\/wp\/v2\/users\/2"}],"replies":[{"embeddable":true,"href":"https:\/\/www.europesays.com\/fr\/wp-json\/wp\/v2\/comments?post=407803"}],"version-history":[{"count":0,"href":"https:\/\/www.europesays.com\/fr\/wp-json\/wp\/v2\/posts\/407803\/revisions"}],"wp:featuredmedia":[{"embeddable":true,"href":"https:\/\/www.europesays.com\/fr\/wp-json\/wp\/v2\/media\/407804"}],"wp:attachment":[{"href":"https:\/\/www.europesays.com\/fr\/wp-json\/wp\/v2\/media?parent=407803"}],"wp:term":[{"taxonomy":"category","embeddable":true,"href":"https:\/\/www.europesays.com\/fr\/wp-json\/wp\/v2\/categories?post=407803"},{"taxonomy":"post_tag","embeddable":true,"href":"https:\/\/www.europesays.com\/fr\/wp-json\/wp\/v2\/tags?post=407803"}],"curies":[{"name":"wp","href":"https:\/\/api.w.org\/{rel}","templated":true}]}}