{"id":407805,"date":"2025-09-21T19:10:11","date_gmt":"2025-09-21T19:10:11","guid":{"rendered":"https:\/\/www.europesays.com\/fr\/407805\/"},"modified":"2025-09-21T19:10:11","modified_gmt":"2025-09-21T19:10:11","slug":"digitalfit-lance-commun-agent-un-chatbot-pour-communes","status":"publish","type":"post","link":"https:\/\/www.europesays.com\/fr\/407805\/","title":{"rendered":"DigitalFit lance \u00ab\u00a0Comm\u2019un Agent\u00a0\u00bb, un chatbot pour communes"},"content":{"rendered":"<p>Permettre aux administr\u00e9s d\u2019avoir des r\u00e9ponses \u00e0 leurs questions \u00e0 toute heure\u00a0: voil\u00e0 la promesse du nouvel agent conversationnel \u00ab\u00a0Comm\u2019un Agent\u00a0\u00bb, d\u00e9voil\u00e9 cet \u00e9t\u00e9 par l\u2019entreprise gardoise DigitalFit, bas\u00e9e \u00e0 Verg\u00e8ze et sp\u00e9cialis\u00e9e dans l\u2019\u00e9dition de solutions num\u00e9riques pour les collectivit\u00e9s locales. \u00ab\u00a0Cet agent est d\u00e9velopp\u00e9 sans intelligence artificielle. Nous le concevons, avec les collectivit\u00e9s, en r\u00e9unissant toutes les informations que connaissent les agents municipaux, pour qu\u2019elles deviennent accessibles aux administr\u00e9s 24 heures sur 24, et 7 jours sur 7\u00a0\u00bb, pr\u00e9cise \u00e0 Toul\u00c9co Bruno Pineda, g\u00e9rant de DigitalFit.<\/p>\n<p>Filiale de la soci\u00e9t\u00e9 de services N-Gine Innovation, DigitalFit d\u00e9veloppe, commercialise et maintient des outils con\u00e7us pour faciliter la relation entre les collectivit\u00e9s et leurs habitants. Cette nouveaut\u00e9 vient en compl\u00e9ment de son application d\u00e9j\u00e0 existante Comm\u2019une Actu. Cet outil relaie en temps r\u00e9el l\u2019actualit\u00e9 locale, les horaires de la mairie, les d\u00e9cisions municipales. \u00ab\u00a0Nous travaillons \u00e9galement aux c\u00f4t\u00e9s de l\u2019Association des maires de France de l\u2019H\u00e9rault. Notre application fonctionne pour tous les EPCI. Fin septembre, nous serons pr\u00e9sents au salon de l\u2019AMF 34\u00a0\u00bb, glisse Bruno Pineda. L\u2019application fonctionne par abonnement. \u00ab\u00a0Selon la taille de la commune, et ses moyens, nous avons trois tarifs diff\u00e9rents, qui vont d\u2019une vingtaine d\u2019euros \u00e0 70 euros par mois. On a l\u2019ambition de rester accessibles\u00a0\u00bb, indique Bruno Pineda.<\/p>\n<p>Une vigilance accrue en p\u00e9riode \u00e9lectorale<\/p>\n<p>L\u2019entreprise a d\u00e9j\u00e0 s\u00e9duit plus d\u2019une dizaine de communes telles que Clarensac, Les Angles, Le Cailar, dans le Gard, ou Balaruc-les-Bains, Cournonsec ou Montagnac, dans l\u2019H\u00e9rault. \u00ab\u00a0Les deux derniers villages qui nous ont sollicit\u00e9s nous utilisent comme un syst\u00e8me d\u2019alerte. Si une alerte canicule tombe un vendredi \u00e0 18 heures, elle peut \u00eatre diffus\u00e9e, m\u00eame si tous les agents sont partis en week-end\u00a0\u00bb, souligne Bruno Pineda. DigitalFit r\u00e9alise entre 50 et 60.000 euros de chiffre d\u2019affaires pour l\u2019ann\u00e9e 2025, et emploie quatre personnes. N-Gine Innovation, autre soci\u00e9t\u00e9 g\u00e9r\u00e9e par Bruno Pineda, compte cinq collaborateurs. \u00ab\u00a0En p\u00e9riode \u00e9lectorale, nous devons faire attention \u00e0 ne pas diffuser de contenu qui pourrait plaider en faveur du candidat sortant, en vue des \u00e9lections municipales \u00e0 venir. Diffuser les horaires de la m\u00e9diath\u00e8que, ou des comptes-rendus de conseil municipal, \u00e7a ne pose pas de probl\u00e8me\u00a0\u00bb, ajoute-t-il.<br class=\"autobr\"\/><br \/>\nJules Mestre<\/p>\n<p>Sur la photo\u00a0: Le nouvel outil d\u00e9velopp\u00e9 par DigitalFit doit aider les communes et collectivit\u00e9s \u00e0 r\u00e9pondre aux interrogations des habitants. Cr\u00e9dit\u00a0: DR. <\/p>\n","protected":false},"excerpt":{"rendered":"Permettre aux administr\u00e9s d\u2019avoir des r\u00e9ponses \u00e0 leurs questions \u00e0 toute heure\u00a0: voil\u00e0 la promesse du nouvel agent&hellip;\n","protected":false},"author":2,"featured_media":407806,"comment_status":"","ping_status":"","sticky":false,"template":"","format":"standard","meta":{"footnotes":""},"categories":[2816],"tags":[1111,11,3588,1777,674,1011,27,12,4125,2680,25,2312],"class_list":{"0":"post-407805","1":"post","2":"type-post","3":"status-publish","4":"format-standard","5":"has-post-thumbnail","7":"category-toulouse","8":"tag-actu","9":"tag-actualites","10":"tag-collectivites","11":"tag-eu","12":"tag-europe","13":"tag-fr","14":"tag-france","15":"tag-news","16":"tag-numerique","17":"tag-occitanie","18":"tag-republique-francaise","19":"tag-toulouse"},"share_on_mastodon":{"url":"https:\/\/pubeurope.com\/@fr\/115243871431066483","error":""},"_links":{"self":[{"href":"https:\/\/www.europesays.com\/fr\/wp-json\/wp\/v2\/posts\/407805","targetHints":{"allow":["GET"]}}],"collection":[{"href":"https:\/\/www.europesays.com\/fr\/wp-json\/wp\/v2\/posts"}],"about":[{"href":"https:\/\/www.europesays.com\/fr\/wp-json\/wp\/v2\/types\/post"}],"author":[{"embeddable":true,"href":"https:\/\/www.europesays.com\/fr\/wp-json\/wp\/v2\/users\/2"}],"replies":[{"embeddable":true,"href":"https:\/\/www.europesays.com\/fr\/wp-json\/wp\/v2\/comments?post=407805"}],"version-history":[{"count":0,"href":"https:\/\/www.europesays.com\/fr\/wp-json\/wp\/v2\/posts\/407805\/revisions"}],"wp:featuredmedia":[{"embeddable":true,"href":"https:\/\/www.europesays.com\/fr\/wp-json\/wp\/v2\/media\/407806"}],"wp:attachment":[{"href":"https:\/\/www.europesays.com\/fr\/wp-json\/wp\/v2\/media?parent=407805"}],"wp:term":[{"taxonomy":"category","embeddable":true,"href":"https:\/\/www.europesays.com\/fr\/wp-json\/wp\/v2\/categories?post=407805"},{"taxonomy":"post_tag","embeddable":true,"href":"https:\/\/www.europesays.com\/fr\/wp-json\/wp\/v2\/tags?post=407805"}],"curies":[{"name":"wp","href":"https:\/\/api.w.org\/{rel}","templated":true}]}}