{"id":407810,"date":"2025-09-21T19:14:12","date_gmt":"2025-09-21T19:14:12","guid":{"rendered":"https:\/\/www.europesays.com\/fr\/407810\/"},"modified":"2025-09-21T19:14:12","modified_gmt":"2025-09-21T19:14:12","slug":"a-la-porte-daix-avec-ceux-qui-nont-pas-quitte-gaza-des-yeux","status":"publish","type":"post","link":"https:\/\/www.europesays.com\/fr\/407810\/","title":{"rendered":"\u00e0 la Porte d&rsquo;Aix, avec ceux qui n&rsquo;ont \u00ab\u00a0pas quitt\u00e9 Gaza des yeux\u00a0\u00bb"},"content":{"rendered":"<p>\u00ab\u00a0La justice l\u2019emportera, l\u2019Histoire jugera ceux qui ont regard\u00e9 ailleurs.\u00a0\u00bb Comme chaque dimanche depuis deux ans, Fadela El Miri, pilier du mouvement Urgence Palestine Marseille, tient le m\u00e9gaphone \u00e0 la Porte d\u2019Aix. En part toutes les semaines un cort\u00e8ge demandant le <a href=\"https:\/\/www.laprovence.com\/article\/france-monde\/3396625069640514\/larmee-israelienne-va-frapper-gaza-ville-avec-une-force-sans-precedent-appelle-la-population-a-evacuer\" target=\"_blank\" rel=\"noopener\">cessez-le-feu \u00e0 Gaza<\/a>, \u00ab\u00a0o\u00f9 les bombes continuent \u00e0 tuer, \u00e0 mutiler\u00a0\u00bb.<\/p>\n<p>Alors que la Grande-Bretagne, le Canada et l\u2019Australie viennent de <a href=\"https:\/\/www.laprovence.com\/article\/france-monde\/1674446052746814\/l-etat-de-palestine-c-est-la-fin-du-hamas-decrypte-jean-noel-barrot-qui-accompagnera-emmanuel-macron-a-lonu\" target=\"_blank\" rel=\"noopener\">reconna\u00eetre formellement l\u2019\u00c9tat de Palestine<\/a>, et qu\u2019Emmanuel Macron le fera lundi 22\u00a0septembre \u00e0 la tribune de l\u2019ONU, \u00e0 New York, la militante marseillaise est attentive \u00e0 ce que \u00ab\u00a0chacun parle avec les mots justes. Macron n\u2019a toujours pas dit le mot g\u00e9nocide\u00a0\u00bb, regrette-t-elle.<\/p>\n<p>Elle d\u00e9plore aussi que Beno\u00eet Payan n\u2019ait pas, comme son collectif lui en fait la demande, <a href=\"https:\/\/www.laprovence.com\/article\/region\/5641269454364814\/lunion-pour-la-palestine-marseille-exige-de-benoit-payan-le-dejumelage-avec-la-ville-israelienne-de-haifa\" target=\"_blank\" rel=\"noopener\">rompu le jumelage qui lie Marseille \u00e0 la ville isra\u00e9lienne de Ha\u00cffa<\/a>. \u00ab\u00a0Que contiennent ces accords de coop\u00e9ration qu\u2019on nous dit symboliques\u00a0? Nous allons saisir la Cada (la Commission d\u2019acc\u00e8s aux documents administratifs est une autorit\u00e9 administrative, NDLR) pour le savoir.\u00a0\u00bb<\/p>\n<p>Plusieurs flottilles vers Gaza<\/p>\n<p>\u00ab\u00a0Gaza, Marseille est avec toi !\u00a0\u00bb, reprennent les 200 personnes pr\u00e9sentes malgr\u00e9 la pluie. Florence, coordinatrice locale de la <a href=\"https:\/\/www.laprovence.com\/article\/france-monde\/44916021534269\/la-flottille-pour-gaza-quitte-la-tunisie-direction-le-territoire-palestinien\" target=\"_blank\" rel=\"noopener\">Global Sumud Flotilla<\/a>, donne des nouvelles de cette flotte d\u2019une cinquantaine de bateaux partis de Barcelone, Tunis et de Gr\u00e8ce pour tenter de percer le blocus humanitaire impos\u00e9 aux Palestiniens et arr\u00eater la guerre.<\/p>\n<p>Apr\u00e8s bien des d\u00e9boires, ils viennent de reprendre la mer\u00a0: \u00ab\u00a0Il leur faudra encore huit \u00e0 dix jours pour arriver \u00e0 Gaza. C\u2019est la plus grande flottille humanitaire de l\u2019Histoire, elle est pacifique et s\u2019inscrit dans le droit international.\u00a0\u00bb \u00c0 son bord, des militants, d\u00e9put\u00e9s, m\u00e9decins ou personnalit\u00e9s de 47 pays, telles l\u2019actrice Ad\u00e8le Haenel ou Mandla Mandela, le petit-fils de Nelson Mandela. Ils retrouveront aussi au large les bateaux de <a href=\"https:\/\/www.laprovence.com\/article\/societe\/5740160438310614\/flottille-de-la-liberte-de-barcelone-a-marseille-une-vague-de-solidarite-pour-gaza\" target=\"_blank\" rel=\"noopener\">Thousand Madleens to Gaza<\/a>, une autre armada dont le grand d\u00e9part aura lieu de Catane, en Sicile, mercredi.<\/p>\n<p>\u00ab\u00a0Nous avons besoin de soutien diplomatique, pour garantir leur s\u00e9curit\u00e9 mais aussi de chacun d\u2019entre vous. En ne les quittant pas des yeux, vous \u00eates leur bouclier\u00a0\u00bb, exhorte Florence. Plusieurs syndicats europ\u00e9ens ont aussi apport\u00e9 leur soutien \u00e0 l\u2019initiative, comme la CGT, dont l\u2019un des militants s\u2019est \u00e9galement embarqu\u00e9. En Italie, ce lundi 22\u00a0septembre, le monde du travail sera particuli\u00e8rement mobilis\u00e9, avec une gr\u00e8ve g\u00e9n\u00e9rale, des manifestations et le blocage des ports &#8211; les dockers \u00e9tant en pointe du mouvement. \u00ab\u00a0Il faut bloquer le commerce avec un \u00e9tat g\u00e9nocidaire\u00a0\u00bb, souffle Mick Flynn, membre de l\u2019Union locale CGT de Marseille.<\/p>\n","protected":false},"excerpt":{"rendered":"\u00ab\u00a0La justice l\u2019emportera, l\u2019Histoire jugera ceux qui ont regard\u00e9 ailleurs.\u00a0\u00bb Comme chaque dimanche depuis deux ans, Fadela El&hellip;\n","protected":false},"author":2,"featured_media":407811,"comment_status":"","ping_status":"","sticky":false,"template":"","format":"standard","meta":{"footnotes":""},"categories":[2814],"tags":[17,1111,11,3396,9069,13636,1777,674,1011,27,884,26058,12,5396,882,3583,25,104],"class_list":{"0":"post-407810","1":"post","2":"type-post","3":"status-publish","4":"format-standard","5":"has-post-thumbnail","7":"category-marseille","8":"tag-17","9":"tag-actu","10":"tag-actualites","11":"tag-avec","12":"tag-ceux","13":"tag-daix","14":"tag-eu","15":"tag-europe","16":"tag-fr","17":"tag-france","18":"tag-marseille","19":"tag-nont","20":"tag-news","21":"tag-porte","22":"tag-provence-alpes-cote-dazur","23":"tag-qui","24":"tag-republique-francaise","25":"tag-societe"},"share_on_mastodon":{"url":"https:\/\/pubeurope.com\/@fr\/115243887366667182","error":""},"_links":{"self":[{"href":"https:\/\/www.europesays.com\/fr\/wp-json\/wp\/v2\/posts\/407810","targetHints":{"allow":["GET"]}}],"collection":[{"href":"https:\/\/www.europesays.com\/fr\/wp-json\/wp\/v2\/posts"}],"about":[{"href":"https:\/\/www.europesays.com\/fr\/wp-json\/wp\/v2\/types\/post"}],"author":[{"embeddable":true,"href":"https:\/\/www.europesays.com\/fr\/wp-json\/wp\/v2\/users\/2"}],"replies":[{"embeddable":true,"href":"https:\/\/www.europesays.com\/fr\/wp-json\/wp\/v2\/comments?post=407810"}],"version-history":[{"count":0,"href":"https:\/\/www.europesays.com\/fr\/wp-json\/wp\/v2\/posts\/407810\/revisions"}],"wp:featuredmedia":[{"embeddable":true,"href":"https:\/\/www.europesays.com\/fr\/wp-json\/wp\/v2\/media\/407811"}],"wp:attachment":[{"href":"https:\/\/www.europesays.com\/fr\/wp-json\/wp\/v2\/media?parent=407810"}],"wp:term":[{"taxonomy":"category","embeddable":true,"href":"https:\/\/www.europesays.com\/fr\/wp-json\/wp\/v2\/categories?post=407810"},{"taxonomy":"post_tag","embeddable":true,"href":"https:\/\/www.europesays.com\/fr\/wp-json\/wp\/v2\/tags?post=407810"}],"curies":[{"name":"wp","href":"https:\/\/api.w.org\/{rel}","templated":true}]}}