{"id":407812,"date":"2025-09-21T19:15:13","date_gmt":"2025-09-21T19:15:13","guid":{"rendered":"https:\/\/www.europesays.com\/fr\/407812\/"},"modified":"2025-09-21T19:15:13","modified_gmt":"2025-09-21T19:15:13","slug":"marseille-confidentiels-et-revoila-said-ahamada","status":"publish","type":"post","link":"https:\/\/www.europesays.com\/fr\/407812\/","title":{"rendered":"Marseille Confidentiels : et revoil\u00e0 Sa\u00efd Ahamada"},"content":{"rendered":"<p>On l&rsquo;avait aper\u00e7u le 13\u00a0septembre aux Halles de la Major, venu en \u00ab\u00a0observateur\u00a0\u00bb assister \u00e0 la <a href=\"https:\/\/www.laprovence.com\/article\/elections\/4853112438642614\/municipales-2026-a-marseille-martine-vassal-annonce-sa-candidature\" target=\"_blank\" rel=\"noopener\">d\u00e9claration de candidature de Martine Vassal<\/a>. Ancien d\u00e9put\u00e9 LREM des quartiers Nord de Marseille, un temps candidat aux municipales de\u00a02020, <a href=\"https:\/\/www.laprovence.com\/article\/elections\/104590955380115\/municipales-2026-a-marseille-said-ahamada-veut-porter-le-besoin-dunite-des-marseillais\" target=\"_blank\" rel=\"noopener\">Sa\u00efd Ahamada<\/a> va faire son retour dans le jeu politique marseillais ce lundi 22 septembre.<\/p>\n<p>Il pr\u00e9sentera dans un caf\u00e9 du centre-ville sa \u00ab\u00a0vision de la situation actuelle\u00a0\u00bb et les \u00ab\u00a0grands axes\u00a0\u00bb de ses propositions au nom de D\u00e9mocrates et progressistes, l&rsquo;aile gauche de la macronie. L&rsquo;occasion de clarifier la position de ce macroniste historique vis-\u00e0-vis des vell\u00e9it\u00e9s de rapprochement de Renaissance, dont il fait partie, avec Martine Vassal et son union de la droite et du centre.<\/p>\n","protected":false},"excerpt":{"rendered":"On l&rsquo;avait aper\u00e7u le 13\u00a0septembre aux Halles de la Major, venu en \u00ab\u00a0observateur\u00a0\u00bb assister \u00e0 la d\u00e9claration de&hellip;\n","protected":false},"author":2,"featured_media":407813,"comment_status":"","ping_status":"","sticky":false,"template":"","format":"standard","meta":{"footnotes":""},"categories":[2814],"tags":[17983,17,1111,11,17984,2826,1777,674,1011,27,884,12,882,16,25,53938],"class_list":{"0":"post-407812","1":"post","2":"type-post","3":"status-publish","4":"format-standard","5":"has-post-thumbnail","7":"category-marseille","8":"tag-said","9":"tag-17","10":"tag-actu","11":"tag-actualites","12":"tag-ahamada","13":"tag-confidentiels","14":"tag-eu","15":"tag-europe","16":"tag-fr","17":"tag-france","18":"tag-marseille","19":"tag-news","20":"tag-provence-alpes-cote-dazur","21":"tag-region","22":"tag-republique-francaise","23":"tag-revoila"},"share_on_mastodon":{"url":"https:\/\/pubeurope.com\/@fr\/115243891084086776","error":""},"_links":{"self":[{"href":"https:\/\/www.europesays.com\/fr\/wp-json\/wp\/v2\/posts\/407812","targetHints":{"allow":["GET"]}}],"collection":[{"href":"https:\/\/www.europesays.com\/fr\/wp-json\/wp\/v2\/posts"}],"about":[{"href":"https:\/\/www.europesays.com\/fr\/wp-json\/wp\/v2\/types\/post"}],"author":[{"embeddable":true,"href":"https:\/\/www.europesays.com\/fr\/wp-json\/wp\/v2\/users\/2"}],"replies":[{"embeddable":true,"href":"https:\/\/www.europesays.com\/fr\/wp-json\/wp\/v2\/comments?post=407812"}],"version-history":[{"count":0,"href":"https:\/\/www.europesays.com\/fr\/wp-json\/wp\/v2\/posts\/407812\/revisions"}],"wp:featuredmedia":[{"embeddable":true,"href":"https:\/\/www.europesays.com\/fr\/wp-json\/wp\/v2\/media\/407813"}],"wp:attachment":[{"href":"https:\/\/www.europesays.com\/fr\/wp-json\/wp\/v2\/media?parent=407812"}],"wp:term":[{"taxonomy":"category","embeddable":true,"href":"https:\/\/www.europesays.com\/fr\/wp-json\/wp\/v2\/categories?post=407812"},{"taxonomy":"post_tag","embeddable":true,"href":"https:\/\/www.europesays.com\/fr\/wp-json\/wp\/v2\/tags?post=407812"}],"curies":[{"name":"wp","href":"https:\/\/api.w.org\/{rel}","templated":true}]}}