{"id":407814,"date":"2025-09-21T19:16:12","date_gmt":"2025-09-21T19:16:12","guid":{"rendered":"https:\/\/www.europesays.com\/fr\/407814\/"},"modified":"2025-09-21T19:16:12","modified_gmt":"2025-09-21T19:16:12","slug":"lfi-exhorte-gregory-doucet-a-hisser-le-drapeau-palestinien-sur-lhotel-de-ville-de-lyon","status":"publish","type":"post","link":"https:\/\/www.europesays.com\/fr\/407814\/","title":{"rendered":"LFI exhorte Gr\u00e9gory Doucet \u00e0 hisser le drapeau palestinien sur l&rsquo;H\u00f4tel de Ville de Lyon"},"content":{"rendered":"<p itemprop=\"description\"><strong>Qui transgressera les consignes donn\u00e9es aux pr\u00e9fectures et hissera un drapeau palestinien sur sa mairie ?<\/strong><\/p>\n<p>Pour le moment, Gr\u00e9gory Doucet n&rsquo;a pas donn\u00e9 d&rsquo;indications sur ce qu&rsquo;il fera ou non, m\u00eame s&rsquo;il a d\u00e9j\u00e0 fait installer sur les grilles de l&rsquo;H\u00f4tel de Ville de Lyon une banderole appelant au cessez-le-feu \u00e0 Gaza.<\/p>\n<p>Pour la d\u00e9put\u00e9e LFI Ana\u00efs Belouassa-Cherifi, il n&rsquo;y a pas de raison de tergiverser. \u00ab\u00a0C&rsquo;est le moment d&rsquo;avoir le courage politique de le faire\u00a0\u00bb, exhorte-t-elle dans un message directement adress\u00e9 au maire \u00e9cologiste de Lyon.<\/p>\n<p>Selon la probable future candidate insoumise aux \u00e9lections municipales \u00e0 Lyon, et donc adversaire de Gr\u00e9gory Doucet au 1er tour en mars prochain, hisser le drapeau palestinien serait \u00ab\u00a0un symbole\u00a0\u00bb mais avant tout \u00ab\u00a0un acte politique majeur\u00a0\u00bb.<\/p>\n<blockquote class=\"twitter-tweet\"><p>&#13;<\/p>\n<p dir=\"ltr\" lang=\"fr\">Gr\u00e9gory Doucet, il faut le hisser, le drapeau palestinien. <a href=\"https:\/\/t.co\/FRGR231nC0\" rel=\"nofollow\">pic.twitter.com\/FRGR231nC0<\/a><\/p>\n<p>&#13;<br \/>\n\u2014 Ana\u00efs Belouassa Cherifi (@BelouassaAnais) <a href=\"https:\/\/twitter.com\/BelouassaAnais\/status\/1969739027806093768?ref_src=twsrc%5Etfw\" rel=\"nofollow noopener\" target=\"_blank\">September 21, 2025<\/a><\/p><\/blockquote>\n<p>Pour rappel, cet appel \u00e0 hisser le drapeau palestinien intervient dans le cadre de la reconnaissance par la France de l&rsquo;Etat palestinien. Mais la justice administrative a rendu plusieurs d\u00e9cisions obligeant des mairies \u00e0 retirer le drapeau palestinien de leur fronton, au motif que son affichage violerait le principe de neutralit\u00e9 des services publics.<\/p>\n<p>C\u2019est le cas de Malakoff (Hauts-de-Seine), o\u00f9 le tribunal administratif de Cergy-Pontoise a ordonn\u00e9 le retrait du drapeau palestinien plac\u00e9 sur l\u2019h\u00f4tel de ville. Des tribunaux administratifs de Besan\u00e7on, Melun ou Gennevilliers ont \u00e9galement rendu des ordonnances similaires en juin 2025, saisis par le pr\u00e9fet, pour des drapeaux palestiniens juxtapos\u00e9s aux drapeaux fran\u00e7ais, souvent accroch\u00e9s sans autorisation ou consultation.<\/p>\n<p>\t\t  <script async src=\"https:\/\/platform.twitter.com\/widgets.js\" charset=\"utf-8\"><\/script><\/p>\n","protected":false},"excerpt":{"rendered":"Qui transgressera les consignes donn\u00e9es aux pr\u00e9fectures et hissera un drapeau palestinien sur sa mairie ? Pour le&hellip;\n","protected":false},"author":2,"featured_media":407815,"comment_status":"","ping_status":"","sticky":false,"template":"","format":"standard","meta":{"footnotes":""},"categories":[1889],"tags":[1111,11,2813,2190,2430,1109,251,1112,2811,1777,674,118,1011,27,1922,1110,1114,2428,2810,12,241,316,25,2812,517,800],"class_list":{"0":"post-407814","1":"post","2":"type-post","3":"status-publish","4":"format-standard","5":"has-post-thumbnail","7":"category-lyon","8":"tag-actu","9":"tag-actualites","10":"tag-article","11":"tag-asvel","12":"tag-auvergne-rhone-alpes","13":"tag-breves","14":"tag-culture","15":"tag-depeches","16":"tag-economique","17":"tag-eu","18":"tag-europe","19":"tag-faits-divers","20":"tag-fr","21":"tag-france","22":"tag-info","23":"tag-informations","24":"tag-infos","25":"tag-lyon","26":"tag-lyonmag","27":"tag-news","28":"tag-ol","29":"tag-politique","30":"tag-republique-francaise","31":"tag-sociale","32":"tag-sport","33":"tag-transports"},"share_on_mastodon":{"url":"https:\/\/pubeurope.com\/@fr\/115243894958534217","error":""},"_links":{"self":[{"href":"https:\/\/www.europesays.com\/fr\/wp-json\/wp\/v2\/posts\/407814","targetHints":{"allow":["GET"]}}],"collection":[{"href":"https:\/\/www.europesays.com\/fr\/wp-json\/wp\/v2\/posts"}],"about":[{"href":"https:\/\/www.europesays.com\/fr\/wp-json\/wp\/v2\/types\/post"}],"author":[{"embeddable":true,"href":"https:\/\/www.europesays.com\/fr\/wp-json\/wp\/v2\/users\/2"}],"replies":[{"embeddable":true,"href":"https:\/\/www.europesays.com\/fr\/wp-json\/wp\/v2\/comments?post=407814"}],"version-history":[{"count":0,"href":"https:\/\/www.europesays.com\/fr\/wp-json\/wp\/v2\/posts\/407814\/revisions"}],"wp:featuredmedia":[{"embeddable":true,"href":"https:\/\/www.europesays.com\/fr\/wp-json\/wp\/v2\/media\/407815"}],"wp:attachment":[{"href":"https:\/\/www.europesays.com\/fr\/wp-json\/wp\/v2\/media?parent=407814"}],"wp:term":[{"taxonomy":"category","embeddable":true,"href":"https:\/\/www.europesays.com\/fr\/wp-json\/wp\/v2\/categories?post=407814"},{"taxonomy":"post_tag","embeddable":true,"href":"https:\/\/www.europesays.com\/fr\/wp-json\/wp\/v2\/tags?post=407814"}],"curies":[{"name":"wp","href":"https:\/\/api.w.org\/{rel}","templated":true}]}}