{"id":407824,"date":"2025-09-21T19:22:17","date_gmt":"2025-09-21T19:22:17","guid":{"rendered":"https:\/\/www.europesays.com\/fr\/407824\/"},"modified":"2025-09-21T19:22:17","modified_gmt":"2025-09-21T19:22:17","slug":"un-passager-le-previent-en-urgence","status":"publish","type":"post","link":"https:\/\/www.europesays.com\/fr\/407824\/","title":{"rendered":"un passager le pr\u00e9vient en urgence"},"content":{"rendered":"<p>            Par<br \/>\n        <strong><br \/>\n            <a href=\"https:\/\/actu.fr\/auteur\/glenn-gillet\" title=\"Consulter tous les articles de Glenn Gillet\" target=\"_blank\" rel=\"noopener\">Glenn Gillet<\/a><br \/>\n        <\/strong><\/p>\n<p>        Publi\u00e9 le<\/p>\n<p>            21 sept. 2025 \u00e0 18h47        <\/p>\n<p>Attention aux sujets que vous \u00e9voquez dans les <a href=\"https:\/\/actu.fr\/ile-de-france\/paris_75056\/ratp-et-sncf-les-perturbations-attendues-dans-les-transports-a-paris-et-en-ile-de-france-cette-semaine-25_63191750.html\" target=\"_blank\" rel=\"noopener\">transports en commun<\/a> ou vous pourrez bien vivre la m\u00eame m\u00e9saventure que cette employ\u00e9e des <strong>ressources humaines<\/strong> apr\u00e8s un trajet <a href=\"https:\/\/actu.fr\/tag\/tgv\" target=\"_blank\" rel=\"noopener\">TGV<\/a> Marseille-Paris. Comme le rapporte <a href=\"https:\/\/www.bfmtv.com\/economie\/entreprises\/dans-le-tgv-marseille-paris-une-rh-suggere-de-licencier-un-salarie-un-passager-le-retrouve-et-l-avertit_AN-202509190867.html\" target=\"_blank\" rel=\"noopener\">BFMTV<\/a>, il y a tout juste un mois, le 21\u00a0ao\u00fbt 2025, Miloud Lhamar est en route vers la capitale lorsqu\u2019il entend qu\u2019une femme tient une conversation professionnelle au t\u00e9l\u00e9phone et commence \u00e0 sugg\u00e9rer le <strong>licenciement pour faute grave<\/strong> d\u2019un employ\u00e9 de l\u2019entreprise. Elle mentionne \u00e0 haute voix le pr\u00e9nom du salari\u00e9 vis\u00e9, Sylvain, et son nom de famille, tout en se <strong>moquant<\/strong> de lui.<\/p>\n<p>\u00ab\u2009\u00c0 ton retour de vacances tu vas te faire virer\u2009\u00bb<\/p>\n<p class=\" wall-content\">Miloud Lhamar commence alors \u00e0 se filmer et \u00e0 publier les vid\u00e9os de sa situation sur <strong>TikTok<\/strong> en tentant d\u2019alerter l\u2019employ\u00e9 sur la sellette\u2009: \u00ab\u2009Sylvain, je suis d\u00e9sol\u00e9 pour toi mais \u00e0 ton retour de vacances tu vas te faire virer. [\u2026] La RH en a parl\u00e9 par mail avec M\u00e9lanie ta sup\u00e9rieure hi\u00e9rarchique\u2009\u00bb, explique le jeune homme, pr\u00e9cisant que la conversation a \u00e9galement \u00e9t\u00e9 \u00e9maill\u00e9e de moqueries.<\/p>\n<p class=\" wall-content\">Magie des r\u00e9seaux sociaux\u2009: la vid\u00e9o, vue plus de 2,6\u00a0millions de fois, a \u00e9t\u00e9 beaucoup comment\u00e9e et certaines personnes ont encourag\u00e9 Miloud Lahmar \u00e0 faire d\u2019avantage de recherches pour trouver le fameux Sylvain, ce qu\u2019il a facilement r\u00e9ussi \u00e0 faire. Il explique que l\u2019employ\u00e9, alert\u00e9, a fait en sorte de se voir <strong>prescrire un arr\u00eat maladie<\/strong>, notamment parce que la proc\u00e9dure de licenciement qui allait vraisemblablement \u00eatre engag\u00e9e semblait plus que litigieuse\u2009: la responsable RH aurait expliqu\u00e9 qu\u2019il fallait \u00ab\u2009trouver\u2009\u00bb une faute \u00ab\u2009pour \u00eatre pr\u00e9cis dans les explications \u00e0 lui donner\u2009\u00bb.<\/p>\n<blockquote class=\"tiktok-embed\" cite=\"https:\/\/www.tiktok.com\/@miloudlm\/video\/7540896345834425622\" data-video-id=\"7540896345834425622\" data-embed-from=\"oembed\" style=\"max-width:605px; min-width:325px;\"><p>\n<a target=\"_blank\" title=\"@miloudlm\" href=\"https:\/\/www.tiktok.com\/@miloudlm?refer=embed\" rel=\"noopener\">@miloudlm<\/a> <\/p>\n<p>Je peux lui casser son ordi si tu veux, courage Sylvain \u2764\ufe0f\ud83d\ude02  <a title=\"rh\" target=\"_blank\" href=\"https:\/\/www.tiktok.com\/tag\/rh?refer=embed\" rel=\"noopener\">#rh<\/a> <a title=\"chomage\" target=\"_blank\" href=\"https:\/\/www.tiktok.com\/tag\/chomage?refer=embed\" rel=\"noopener\">#chomage<\/a> <a title=\"humour\" target=\"_blank\" href=\"https:\/\/www.tiktok.com\/tag\/humour?refer=embed\" rel=\"noopener\">#humour<\/a> <a title=\"prt\" target=\"_blank\" href=\"https:\/\/www.tiktok.com\/tag\/prt?refer=embed\" rel=\"noopener\">#prt<\/a> <a title=\"exclusive\" target=\"_blank\" href=\"https:\/\/www.tiktok.com\/tag\/exclusive?refer=embed\" rel=\"noopener\">#exclusive<\/a> <\/p>\n<p> <a target=\"_blank\" title=\"\u266c This is your sign to fly - Michael Buckley\" href=\"https:\/\/www.tiktok.com\/music\/This-is-your-sign-to-fly-7382250232400448299?refer=embed\" rel=\"noopener\">\u266c This is your sign to fly \u2013 Michael Buckley<\/a> <\/p>\n<\/blockquote>\n<p class=\" wall-content\">Il m\u2019a dit qu\u2019il n\u2019\u00e9tait pas du tout au courant. Il a d\u2019abord trouv\u00e9 la situation dr\u00f4le, m\u2019a remerci\u00e9, puis a eu un moment d\u2019inqui\u00e9tude. Finalement, il a \u00e9t\u00e9 clair sur le fait qu\u2019il comptait se mettre en arr\u00eat maladie\u2009\u00bb et pr\u00e9cis\u00e9 qu\u2019il avait \u00e9t\u00e9 \u00ab\u2009<strong>bless\u00e9\u2009<\/strong>\u00bb par la teneur de la conversation entre les deux responsables, explique Miloud Lahmar.<\/p>\n<p class=\" wall-content\">Le jeune homme a expliqu\u00e9 avoir agi par altruisme, trouvant incorrecte l\u2019attitude de la responsable RH. Il estime par ailleurs que \u00ab\u2009ce n\u2019est pas normal\u2009\u00bb qu\u2019il ait pu prendre connaissance d\u2019\u00ab\u2009informations aussi <strong>confidentielles\u2009<\/strong>\u00bb dans le train. La SNCF a d\u2019ailleurs directement r\u00e9pondu avec un brin d\u2019ironie dans les commentaires de la vid\u00e9o du jeune homme\u2009: \u00ab\u2009On a pourtant dit \u2018passez vos appels t\u00e9l\u00e9phoniques depuis les plateformes\u2019\u00bb.<\/p>\n<p class=\" wall-content\">Personnalisez votre actualit\u00e9 en ajoutant vos villes et m\u00e9dias en favori avec <a href=\"https:\/\/moncompte.actu.fr\" title=\"D\u00e9couvez Mon Actu\" rel=\"nofollow noopener\" data-trk=\"{&quot;cta&quot;:{&quot;action&quot;:&quot;https:\\\/\\\/moncompte.actu.fr&quot;,&quot;category&quot;:&quot;mon compte&quot;,&quot;from&quot;:&quot;article footer&quot;,&quot;name&quot;:&quot;Mon actu&quot;,&quot;type&quot;:&quot;cta&quot;}}\" target=\"_blank\">Mon Actu<\/a>.<\/p>\n<p>                    <script async src=\"\/\/www.tiktok.com\/embed.js\"><\/script><\/p>\n","protected":false},"excerpt":{"rendered":"Par Glenn Gillet Publi\u00e9 le 21 sept. 2025 \u00e0 18h47 Attention aux sujets que vous \u00e9voquez dans les&hellip;\n","protected":false},"author":2,"featured_media":407825,"comment_status":"","ping_status":"","sticky":false,"template":"","format":"standard","meta":{"footnotes":""},"categories":[1888],"tags":[11,15787,1777,674,1011,27,12,626,25,104,2214,2803],"class_list":{"0":"post-407824","1":"post","2":"type-post","3":"status-publish","4":"format-standard","5":"has-post-thumbnail","7":"category-paris","8":"tag-actualites","9":"tag-droit-des-travailleurs","10":"tag-eu","11":"tag-europe","12":"tag-fr","13":"tag-france","14":"tag-news","15":"tag-paris","16":"tag-republique-francaise","17":"tag-societe","18":"tag-tgv","19":"tag-transport"},"share_on_mastodon":{"url":"https:\/\/pubeurope.com\/@fr\/115243918872325706","error":""},"_links":{"self":[{"href":"https:\/\/www.europesays.com\/fr\/wp-json\/wp\/v2\/posts\/407824","targetHints":{"allow":["GET"]}}],"collection":[{"href":"https:\/\/www.europesays.com\/fr\/wp-json\/wp\/v2\/posts"}],"about":[{"href":"https:\/\/www.europesays.com\/fr\/wp-json\/wp\/v2\/types\/post"}],"author":[{"embeddable":true,"href":"https:\/\/www.europesays.com\/fr\/wp-json\/wp\/v2\/users\/2"}],"replies":[{"embeddable":true,"href":"https:\/\/www.europesays.com\/fr\/wp-json\/wp\/v2\/comments?post=407824"}],"version-history":[{"count":0,"href":"https:\/\/www.europesays.com\/fr\/wp-json\/wp\/v2\/posts\/407824\/revisions"}],"wp:featuredmedia":[{"embeddable":true,"href":"https:\/\/www.europesays.com\/fr\/wp-json\/wp\/v2\/media\/407825"}],"wp:attachment":[{"href":"https:\/\/www.europesays.com\/fr\/wp-json\/wp\/v2\/media?parent=407824"}],"wp:term":[{"taxonomy":"category","embeddable":true,"href":"https:\/\/www.europesays.com\/fr\/wp-json\/wp\/v2\/categories?post=407824"},{"taxonomy":"post_tag","embeddable":true,"href":"https:\/\/www.europesays.com\/fr\/wp-json\/wp\/v2\/tags?post=407824"}],"curies":[{"name":"wp","href":"https:\/\/api.w.org\/{rel}","templated":true}]}}