{"id":407826,"date":"2025-09-21T19:23:22","date_gmt":"2025-09-21T19:23:22","guid":{"rendered":"https:\/\/www.europesays.com\/fr\/407826\/"},"modified":"2025-09-21T19:23:22","modified_gmt":"2025-09-21T19:23:22","slug":"la-reconnaissance-dun-etat-est-un-premier-pas-liberation","status":"publish","type":"post","link":"https:\/\/www.europesays.com\/fr\/407826\/","title":{"rendered":"\u00abLa reconnaissance d\u2019un Etat est un premier pas\u00bb \u2013 Lib\u00e9ration"},"content":{"rendered":"<p class=\"sc-cPiKLX AiZTS text-element\">Les gens s\u2019amoncellent sans se presser en haut du boulevard Voltaire (XIe) avec drapeaux et pancartes. Ils viennent participer \u00e0 la Marche pour la reconnaissance d\u2019un Etat palestinien et l\u2019arr\u00eat imm\u00e9diat du g\u00e9nocide en cours. Ce dimanche 21 septembre, journ\u00e9e internationale pour la paix et <a href=\"https:\/\/www.liberation.fr\/international\/moyen-orient\/quels-sont-les-pays-qui-devraient-reconnaitre-letat-de-palestine-en-septembre-20250814_VQKV5YX6JFAOTGAPKFHL6YG6YQ\/\" target=\"_blank\" rel=\"noreferrer noopener\" title=\"https:\/\/www.liberation.fr\/international\/moyen-orient\/quels-sont-les-pays-qui-devraient-reconnaitre-letat-de-palestine-en-septembre-20250814_VQKV5YX6JFAOTGAPKFHL6YG6YQ\/\">veille de la reconnaissance de la Palestine \u00e0 l\u2019ONU<\/a> par la France, les partis de gauche sont de sortie pour soutenir <a href=\"https:\/\/www.liberation.fr\/dossier\/gaza-l-escalade\/\" target=\"_blank\" rel=\"noreferrer noopener\" title=\"https:\/\/www.liberation.fr\/dossier\/gaza-l-escalade\/\">Gaza<\/a>. <a href=\"https:\/\/www.liberation.fr\/tags\/fabien-roussel\/\" target=\"_blank\" rel=\"noopener\" title=\"https:\/\/www.liberation.fr\/tags\/fabien-roussel\/\">Fabien Roussel<\/a> (PCF) est venu avec Ian Brossat (PCF), <a href=\"https:\/\/www.liberation.fr\/tags\/marine-tondelier\/\" target=\"_blank\" rel=\"noopener\" title=\"https:\/\/www.liberation.fr\/tags\/marine-tondelier\/\">Marine Tondelier<\/a> (Les Ecologistes) avec un enfant et <a href=\"https:\/\/www.liberation.fr\/tags\/olivier-faure\/\" target=\"_blank\" rel=\"noreferrer noopener\" title=\"https:\/\/www.liberation.fr\/tags\/olivier-faure\/\">Olivi <\/a><\/p>\n","protected":false},"excerpt":{"rendered":"Les gens s\u2019amoncellent sans se presser en haut du boulevard Voltaire (XIe) avec drapeaux et pancartes. Ils viennent&hellip;\n","protected":false},"author":2,"featured_media":407827,"comment_status":"","ping_status":"","sticky":false,"template":"","format":"standard","meta":{"footnotes":""},"categories":[1888],"tags":[11,2286,1777,674,1011,27,3517,3523,12,3518,626,25198,429,25],"class_list":{"0":"post-407826","1":"post","2":"type-post","3":"status-publish","4":"format-standard","5":"has-post-thumbnail","7":"category-paris","8":"tag-actualites","9":"tag-eelv","10":"tag-eu","11":"tag-europe","12":"tag-fr","13":"tag-france","14":"tag-gaza-l-escalade","15":"tag-israel-palestine-conflit","16":"tag-news","17":"tag-palestine","18":"tag-paris","19":"tag-pcf","20":"tag-ps","21":"tag-republique-francaise"},"share_on_mastodon":{"url":"https:\/\/pubeurope.com\/@fr\/115243922690574231","error":""},"_links":{"self":[{"href":"https:\/\/www.europesays.com\/fr\/wp-json\/wp\/v2\/posts\/407826","targetHints":{"allow":["GET"]}}],"collection":[{"href":"https:\/\/www.europesays.com\/fr\/wp-json\/wp\/v2\/posts"}],"about":[{"href":"https:\/\/www.europesays.com\/fr\/wp-json\/wp\/v2\/types\/post"}],"author":[{"embeddable":true,"href":"https:\/\/www.europesays.com\/fr\/wp-json\/wp\/v2\/users\/2"}],"replies":[{"embeddable":true,"href":"https:\/\/www.europesays.com\/fr\/wp-json\/wp\/v2\/comments?post=407826"}],"version-history":[{"count":0,"href":"https:\/\/www.europesays.com\/fr\/wp-json\/wp\/v2\/posts\/407826\/revisions"}],"wp:featuredmedia":[{"embeddable":true,"href":"https:\/\/www.europesays.com\/fr\/wp-json\/wp\/v2\/media\/407827"}],"wp:attachment":[{"href":"https:\/\/www.europesays.com\/fr\/wp-json\/wp\/v2\/media?parent=407826"}],"wp:term":[{"taxonomy":"category","embeddable":true,"href":"https:\/\/www.europesays.com\/fr\/wp-json\/wp\/v2\/categories?post=407826"},{"taxonomy":"post_tag","embeddable":true,"href":"https:\/\/www.europesays.com\/fr\/wp-json\/wp\/v2\/tags?post=407826"}],"curies":[{"name":"wp","href":"https:\/\/api.w.org\/{rel}","templated":true}]}}