{"id":407832,"date":"2025-09-21T19:26:10","date_gmt":"2025-09-21T19:26:10","guid":{"rendered":"https:\/\/www.europesays.com\/fr\/407832\/"},"modified":"2025-09-21T19:26:10","modified_gmt":"2025-09-21T19:26:10","slug":"mondiaux-de-tokyo-les-usa-dominateurs-sur-les-relais-4x100-m","status":"publish","type":"post","link":"https:\/\/www.europesays.com\/fr\/407832\/","title":{"rendered":"Mondiaux de Tokyo : Les USA dominateurs sur les relais 4&#215;100 m"},"content":{"rendered":"<p>Coup double pour les relais du 4&#215;100 m masculin et f\u00e9minin am\u00e9ricains aux championnats du monde de Tokyo. Ce dimanche, les Am\u00e9ricains se sont impos\u00e9s lors des deux courses, gr\u00e2ce \u00e0 leurs stars. Le relais 4&#215;100 m f\u00e9minin des \u00c9tats-Unis, port\u00e9 par la championne du monde du 100 m et du 200 m Melissa Jefferson-Wooden, sont devenues dimanche soir \u00e0 Tokyo triples championnes du monde.<\/p>\n<p>Gr\u00e2ce \u00e0 un sprint final redoutable de Sha\u2019Carri Richardson, les Am\u00e9ricaines ont coup\u00e9 la ligne en 41 secondes et 75 centi\u00e8mes, devant les Jama\u00efcaines de la l\u00e9gende du sprint Shelly-Ann Fraser-Pryce (41&Prime;79), qui d\u00e9croche une derni\u00e8re m\u00e9daille internationale pour l\u2019ultime course de sa carri\u00e8re. Les Allemandes compl\u00e8tent le podium (41&Prime;87).<\/p>\n<p>Participant \u00e0 cette finale, les Fran\u00e7aises n\u2019ont pas cr\u00e9\u00e9 la sensation. Marie-Ange Rimlinger, Sarah Richard, H\u00e9l\u00e8ne Parisot et G\u00e9mima Joseph ont boucl\u00e9 leur tour de piste \u00e0 la sixi\u00e8me place, en 42&Prime;81, devant le Canada, et les Polonaises, disqualifi\u00e9es.<\/p>\n<p>En argent avec ses co\u00e9quipi\u00e8res du relais 4&#215;100 m, la l\u00e9gende du sprint Shelly-Ann Fraser-Pryce s\u2019est offert une ultime m\u00e9daille mondiale pour ses grands adieux \u00e0 la comp\u00e9tition.<\/p>\n<p>Dix fois championne du monde, trois fois championne olympique, Shelly-Ann Fraser-Pryce est une l\u00e9gende vivante du sprint et gagne des m\u00e9dailles internationales depuis pr\u00e8s de 20 ans.<\/p>\n<p>La boucle est boucl\u00e9e, 18 ans plus tard, pour Fraser-Pryce, qui d\u00e9croche \u00e0 38 ans une ultime m\u00e9daille mondiale, sa 17\u00e8me aux Mondiaux et sa 25\u00e8me internationale si on inclut les JO.<\/p>\n<p>La sprinteuse \u00e0 la long\u00e9vit\u00e9 exceptionnelle, revenue au plus haut niveau apr\u00e8s la maternit\u00e9, a tout gagn\u00e9 en pr\u00e8s de 20 ans de carri\u00e8re\u00a0: dix titres de championne du monde dont cinq sur 100 m, huit m\u00e9dailles olympiques dont deux titres sur 100 m (P\u00e9kin 2008 et Londres 2012).<\/p>\n<p>Chez les hommes, les relayeurs am\u00e9ricains du 4&#215;100 m, port\u00e9s par le champion olympique du 100 m Noah Lyles, ont conserv\u00e9 leur titre de champions du monde. Le quatuor, compos\u00e9 de Christian Coleman, Kenneth Bednarek, Courtney Lindsey et Noah Lyles, a coup\u00e9 la ligne en 37&Prime;29, devant les Canadiens d\u2019Andre de Grasse (37&Prime;55) et les N\u00e9erlandais (37&Prime;81). Noah Lyles d\u00e9croche une troisi\u00e8me m\u00e9daille sur cette \u00e9dition des Championnats du monde, apr\u00e8s le bronze du 100 m et l\u2019or du 200 m.<\/p>\n<p>Le relais tricolore compos\u00e9 de Ryan Zeze, Jeff Erius, Lenny Chanteur et Aymeric Priam a termin\u00e9 juste derri\u00e8re le Japon, en 38&Prime;58, \u00e0 la septi\u00e8me et derni\u00e8re place de cette finale, puisque le relais australien n\u2019a pas r\u00e9ussi \u00e0 finir.<\/p>\n","protected":false},"excerpt":{"rendered":"Coup double pour les relais du 4&#215;100 m masculin et f\u00e9minin am\u00e9ricains aux championnats du monde de Tokyo.&hellip;\n","protected":false},"author":2,"featured_media":407833,"comment_status":"","ping_status":"","sticky":false,"template":"","format":"standard","meta":{"footnotes":""},"categories":[1589],"tags":[11,4132,29089,29095,29098,7712,29100,10049,29094,29092,73,1866,29096,8471,29090,8309,7178,29097,29086,12,29101,29102,29091,29093,8567,29088,29099,29087,1864,1865,1863,308],"class_list":{"0":"post-407832","1":"post","2":"type-post","3":"status-publish","4":"format-standard","5":"has-post-thumbnail","7":"category-etats-unis","8":"tag-actualites","9":"tag-athletisme","10":"tag-calendrier-des-marathons","11":"tag-competition-running","12":"tag-coureurs","13":"tag-course-a-pied","14":"tag-course-nature","15":"tag-course-sur-route","16":"tag-dossards","17":"tag-entrainement-course-a-pied","18":"tag-etats-unis","19":"tag-etats-unis-damerique","20":"tag-evenements-sportifs","21":"tag-handisport","22":"tag-inscription-marathon","23":"tag-jogging","24":"tag-marathon","25":"tag-marathon-relais","26":"tag-marathons","27":"tag-news","28":"tag-performance-sportive","29":"tag-plan-d","30":"tag-preparation-marathon","31":"tag-resultats-courses","32":"tag-semi-marathon","33":"tag-trail-running","34":"tag-ultra-trail","35":"tag-ultra-marathon","36":"tag-united-states","37":"tag-united-states-of-america","38":"tag-us","39":"tag-usa"},"share_on_mastodon":{"url":"","error":"Validation failed: Text character limit of 500 exceeded"},"_links":{"self":[{"href":"https:\/\/www.europesays.com\/fr\/wp-json\/wp\/v2\/posts\/407832","targetHints":{"allow":["GET"]}}],"collection":[{"href":"https:\/\/www.europesays.com\/fr\/wp-json\/wp\/v2\/posts"}],"about":[{"href":"https:\/\/www.europesays.com\/fr\/wp-json\/wp\/v2\/types\/post"}],"author":[{"embeddable":true,"href":"https:\/\/www.europesays.com\/fr\/wp-json\/wp\/v2\/users\/2"}],"replies":[{"embeddable":true,"href":"https:\/\/www.europesays.com\/fr\/wp-json\/wp\/v2\/comments?post=407832"}],"version-history":[{"count":0,"href":"https:\/\/www.europesays.com\/fr\/wp-json\/wp\/v2\/posts\/407832\/revisions"}],"wp:featuredmedia":[{"embeddable":true,"href":"https:\/\/www.europesays.com\/fr\/wp-json\/wp\/v2\/media\/407833"}],"wp:attachment":[{"href":"https:\/\/www.europesays.com\/fr\/wp-json\/wp\/v2\/media?parent=407832"}],"wp:term":[{"taxonomy":"category","embeddable":true,"href":"https:\/\/www.europesays.com\/fr\/wp-json\/wp\/v2\/categories?post=407832"},{"taxonomy":"post_tag","embeddable":true,"href":"https:\/\/www.europesays.com\/fr\/wp-json\/wp\/v2\/tags?post=407832"}],"curies":[{"name":"wp","href":"https:\/\/api.w.org\/{rel}","templated":true}]}}