{"id":407834,"date":"2025-09-21T19:27:15","date_gmt":"2025-09-21T19:27:15","guid":{"rendered":"https:\/\/www.europesays.com\/fr\/407834\/"},"modified":"2025-09-21T19:27:15","modified_gmt":"2025-09-21T19:27:15","slug":"le-royaume-uni-le-canada-et-laustralie-franchissent-officiellement-le-pas-liberation","status":"publish","type":"post","link":"https:\/\/www.europesays.com\/fr\/407834\/","title":{"rendered":"le Royaume-Uni, le Canada et l\u2019Australie franchissent officiellement le pas \u2013 Lib\u00e9ration"},"content":{"rendered":"<p class=\"sc-cPiKLX AiZTS text-element\">Malgr\u00e9 de fortes pressions des Etats-Unis et d\u2019Isra\u00ebl, le Royaume-Uni et le Canada ont reconnu officiellement ce dimanche 21\u00a0septembre l\u2019Etat de Palestine, avant l\u2019arriv\u00e9e des chefs d\u2019Etats \u00e0 New York pour <a href=\"https:\/\/www.liberation.fr\/international\/amerique\/lassemblee-generale-de-lonu-soutient-un-futur-etat-palestinien-en-ecartant-fermement-le-hamas-20250912_AVWUXAE3PRBZ5HN3NAGX3SAKPQ\/\" target=\"_blank\" rel=\"noreferrer noopener\" title=\"https:\/\/www.liberation.fr\/international\/amerique\/lassemblee-generale-de-lonu-soutient-un-futur-etat-palestinien-en-ecartant-fermement-le-hamas-20250912_AVWUXAE3PRBZ5HN3NAGX3SAKPQ\/\">la grand-messe de l\u2019Assembl\u00e9e g\u00e9n\u00e9rale de l\u2019ONU<\/a>. En vue d\u2019un sommet lundi, qui doit se pencher sur <a href=\"https:\/\/www.liberation.fr\/idees-et-debats\/la-solution-a-deux-etats-il-faut-limposer-y-compris-a-travers-des-sanctions-pour-faire-plier-les-israeliens-20250620_JG5HVOCHTZDNXAH6KBLR3VAJFM\/\" target=\"_blank\" rel=\"noreferrer noopener\" title=\"https:\/\/www.liberation.fr\/idees-et-debats\/la-solution-a-deux-etats-il-faut-limposer-y-compris-a-travers-des-sanctions-pour-faire-plier-les-israeliens-20250620_JG5HVOCHTZDNXAH6KBLR3VAJFM\/\">l\u2019avenir de la solution \u00e0 deux Etats<\/a>, copr\u00e9sid\u00e9 lundi par la France et l\u2019Arabie saoudite, <a href=\"https:\/\/www.liberation.fr\/international\/moyen-orient\/quels-sont-les-pays-qui-devraient-reconnaitre-letat-de-palestine-en-septembre-20250814_VQKV5YX6JFAOTGAPKFHL6YG6YQ\/\" target=\"_blank\" rel=\"noreferrer noopener\" title=\"https:\/\/www.liberation.fr\/international\/moyen-orient\/quels-sont-les-pays-qui-devraient-reconnaitre-letat-de-palestine-en-septembre-20250814_VQKV5YX6JFAOTGAPKFHL6YG6YQ\/\">une dizaine de pays doivent en effet confirmer leur reconnaissance formelle<\/a> de l\u2019Etat palestinien. <\/p>\n<p class=\"sc-cPiKLX AiZTS text-element\">\u00abAujourd\u2019hui, pour raviver l\u2019espoir de paix et d\u2019une solution \u00e0 deux \u00c9tats, je d\u00e9clare clairement en tant que Premier ministre de ce grand pays, que le Royaume-Uni reconna\u00eet officiellement l\u2019\u00c9tat de Palestine\u00bb, a annonc\u00e9 le Premier ministre britannique Keir Starmer, dans une d\u00e9claration film\u00e9e publi\u00e9e sur les r\u00e9seaux sociaux. <\/p>\n<p class=\"sc-cPiKLX AiZTS text-element\">Alors que le<a href=\"https:\/\/www.liberation.fr\/international\/moyen-orient\/le-royaume-uni-va-reconnaitre-la-palestine-en-septembre-20250729_3B4ZYBKTEZGTJJ57QDXUAG3AYQ\/\" target=\"_blank\" rel=\"noreferrer noopener\" title=\"https:\/\/www.liberation.fr\/international\/moyen-orient\/le-royaume-uni-va-reconnaitre-la-palestine-en-septembre-20250729_3B4ZYBKTEZGTJJ57QDXUAG3AYQ\/\"> Royaume-Uni<\/a> \u00e9tait depuis longtemps un proche alli\u00e9 d\u2019Isra\u00ebl, Starmer avait d\u00e9clar\u00e9 en juillet que son pays allait reconna\u00eetre un Etat palestinien \u00e0 l\u2019occasion de l\u2019Assembl\u00e9e g\u00e9n\u00e9rale de l\u2019ONU, sauf si Isra\u00ebl prenait une s\u00e9rie d\u2019engagements, dont celui d\u2019un cessez-le-feu dans la bande de Gaza. Constatant une d\u00e9gradation de la situation, le chef du gouvernement britannique avait estim\u00e9 que cette mesure contribuerait \u00e0 un v\u00e9ritable processus de paix. En r\u00e9ponse, <a href=\"https:\/\/www.liberation.fr\/international\/moyen-orient\/benyamin-netanyahou-affirme-quil-ny-aura-pas-detat-palestinien-20250911_IYC5TQGPFJBEJFBY22MZKNY2KU\/\" target=\"_blank\" rel=\"noreferrer noopener\" title=\"https:\/\/www.liberation.fr\/international\/moyen-orient\/benyamin-netanyahou-affirme-quil-ny-aura-pas-detat-palestinien-20250911_IYC5TQGPFJBEJFBY22MZKNY2KU\/\">le Premier ministre isra\u00e9lien Benyamin N\u00e9tanyahou<\/a> l\u2019a accus\u00e9 de r\u00e9compenser le \u00abterrorisme monstrueux\u00bb. <\/p>\n<p class=\"sc-cPiKLX AiZTS text-element\">\u00abLe Canada reconna\u00eet l\u2019Etat de Palestine et offre de travailler en partenariat afin de porter la promesse d\u2019un avenir pacifique pour l\u2019Etat de Palestine et l\u2019Etat d\u2019Isra\u00ebl. Le Canada inscrit cette mesure dans le cadre d\u2019un effort international concert\u00e9 visant \u00e0 pr\u00e9server la possibilit\u00e9 d\u2019une solution \u00e0 deux Etats\u00bb, a de son c\u00f4t\u00e9 affirm\u00e9 son Premier ministre Mark Carney dans un communiqu\u00e9. <\/p>\n<p class=\"sc-cPiKLX AiZTS text-element\">C\u00f4t\u00e9 australien, le Premier ministre Anthony Albanese a annonc\u00e9 que son pays \u00abreconna\u00eet officiellement l\u2019\u00c9tat ind\u00e9pendant et souverain de Palestine\u00bb. \u00abCe faisant, l\u2019Australie reconna\u00eet les aspirations l\u00e9gitimes et de longue date du peuple de Palestine \u00e0 un Etat qui lui soit propre\u00bb, a-t-il expliqu\u00e9 dans un communiqu\u00e9. <\/p>\n<p class=\"sc-cPiKLX AiZTS text-element\">Le minist\u00e8re des Affaires \u00e9trang\u00e8res portugais a de son c\u00f4t\u00e9 dit vendredi que le Portugal \u00abreconna\u00eetra l\u2019Etat de Palestine\u00bb ce dimanche. Fin juillet, Lisbonne avait annonc\u00e9 cette mesure compte tenu notamment de \u00abl\u2019\u00e9volution extr\u00eamement pr\u00e9occupante du conflit, tant sur le plan humanitaire que par les r\u00e9f\u00e9rences r\u00e9p\u00e9t\u00e9es \u00e0 une possible annexion de territoires palestiniens\u00bb. <\/p>\n<p class=\"sc-cPiKLX AiZTS text-element\">Un nombre croissant de pays, longtemps proches d\u2019Isra\u00ebl, ont franchi ce pas symbolique ces derniers mois. Aujourd\u2019hui, les trois quarts environ des 193 Etats membres de l\u2019ONU reconnaissent l\u2019Etat palestinien proclam\u00e9 par la direction palestinienne en exil en\u00a01988.<\/p>\n<p class=\"sc-cPiKLX AiZTS text-element\">Le Premier ministre isra\u00e9lien Benyamin N\u00e9tanyahou a r\u00e9torqu\u00e9 ce dimanche que la cr\u00e9ation d\u2019un Etat palestinien mettrait en danger l\u2019existence d\u2019Isra\u00ebl et promis de combattre les appels en ce sens. \u00abNous devrons [\u2026] lutter \u00e0 l\u2019ONU et sur tous les autres terrains contre la propagande mensong\u00e8re \u00e0 notre encontre et contre les appels \u00e0 la cr\u00e9ation d\u2019un Etat palestinien qui mettrait en danger notre existence et constituerait une r\u00e9compense absurde pour le terrorisme\u00bb, a-t-il d\u00e9clar\u00e9. <\/p>\n<p class=\"sc-cPiKLX AiZTS text-element\">Benyamin N\u00e9tanyahou a ensuite affirm\u00e9 que son gouvernement allait \u00e9tendre la colonisation juive en Cisjordanie occup\u00e9e. \u00ab<a href=\"https:\/\/www.liberation.fr\/international\/moyen-orient\/en-cisjordanie-israel-acheve-ledification-dun-mur-de-colonies-autour-de-jerusalem-est-20250826_RKMACUXJNZHNJNOTKKBSJHZ7NU\/\" target=\"_blank\" rel=\"noreferrer noopener\" title=\"https:\/\/www.liberation.fr\/international\/moyen-orient\/en-cisjordanie-israel-acheve-ledification-dun-mur-de-colonies-autour-de-jerusalem-est-20250826_RKMACUXJNZHNJNOTKKBSJHZ7NU\/\">Nous avons doubl\u00e9 les implantations juives<\/a> en Jud\u00e9e et en Samarie [nom donn\u00e9 par Isra\u00ebl \u00e0 la Cisjordanie, NDLR] et nous continuerons sur cette voie, a-t-il ajout\u00e9 dans une vid\u00e9o diffus\u00e9e par son bureau. <\/p>\n<p class=\"sc-cPiKLX AiZTS text-element\">L\u2019un de ses ministres, Itamar Ben Gvir, charg\u00e9 de la S\u00e9curit\u00e9 nationale &#8211; et d\u2019extr\u00eame droite -, a m\u00eame propos\u00e9 d\u2019annexer la Cisjordanie\u00a0: \u00abLa reconnaissance d\u2019un \u00c9tat palestinien par des pays comme le Royaume-Uni, le Canada et l\u2019Australie [\u2026] impose une r\u00e9ponse imm\u00e9diate\u00a0: l\u2019annexion imm\u00e9diate de la Jud\u00e9e-Samarie [nom employ\u00e9 par Isra\u00ebl pour d\u00e9signer la Cisjordanie occup\u00e9e, ndlr]\u00bb, a-t-il lanc\u00e9 dans un communiqu\u00e9. <\/p>\n<p class=\"sc-cPiKLX AiZTS text-element\">Ces nouvelles reconnaissances interviennent alors qu\u2019Isra\u00ebl a lanc\u00e9 cette semaine <a href=\"https:\/\/www.liberation.fr\/international\/moyen-orient\/offensive-israelienne-sur-gaza-city-la-communaute-internationale-toujours-dans-limpasse-diplomatique-20250916_IMWVRSFV3FBAXGGR473SCGP3VA\/\" target=\"_blank\" rel=\"noreferrer noopener\" title=\"https:\/\/www.liberation.fr\/international\/moyen-orient\/offensive-israelienne-sur-gaza-city-la-communaute-internationale-toujours-dans-limpasse-diplomatique-20250916_IMWVRSFV3FBAXGGR473SCGP3VA\/\">une vaste campagne militaire terrestre et a\u00e9rienne dans la ville de Gaza<\/a>, dans le nord du territoire palestinien, pour y an\u00e9antir le Hamas. L\u2019arm\u00e9e isra\u00e9lienne a pr\u00e9venu vendredi qu\u2019elle allait frapper avec une \u00abforce sans pr\u00e9c\u00e9dent\u00bb Gaza-City, apr\u00e8s la fuite de pr\u00e8s d\u2019un demi-million d\u2019habitants, aggravant la grave crise humanitaire dans ce territoire d\u00e9vast\u00e9 o\u00f9 l\u2019\u00e9tat de famine a \u00e9t\u00e9 d\u00e9clar\u00e9 par l\u2019ONU. <\/p>\n<p class=\"sc-cPiKLX AiZTS text-element\">Mardi, une commission d\u2019enqu\u00eate ind\u00e9pendante mandat\u00e9e par l\u2019ONU a \u00e9tabli <a href=\"https:\/\/www.liberation.fr\/international\/moyen-orient\/un-genocide-se-produit-et-continue-de-se-produire-a-gaza-des-experts-independants-de-lonu-chargent-israel-20250916_HSPXQR3O4BCEBGMTOK67P4SNIE\/\" target=\"_blank\" rel=\"noreferrer noopener\" title=\"https:\/\/www.liberation.fr\/international\/moyen-orient\/un-genocide-se-produit-et-continue-de-se-produire-a-gaza-des-experts-independants-de-lonu-chargent-israel-20250916_HSPXQR3O4BCEBGMTOK67P4SNIE\/\">qu\u2019Isra\u00ebl commettait un g\u00e9nocide contre les Palestiniens \u00e0 Gaza<\/a>, ce que les autorit\u00e9s isra\u00e9liennes ont ni\u00e9. <\/p>\n<p class=\"sc-cPiKLX AiZTS text-element\">L\u2019attaque du 7-Octobre\u00a02023 contre Isra\u00ebl par le Hamas a entra\u00een\u00e9 la mort de 1\u00a0219 personnes du c\u00f4t\u00e9 isra\u00e9lien, en majorit\u00e9 des civils, selon des donn\u00e9es officielles. Selon le minist\u00e8re de la Sant\u00e9 du gouvernement du Hamas \u00e0 Gaza, les repr\u00e9sailles isra\u00e9liennes ont co\u00fbt\u00e9 la vie \u00e0 65\u00a0062 Palestiniens, en majorit\u00e9 des civils, dans la bande de Gaza, o\u00f9 le Hamas a pris le pouvoir en\u00a02007.<\/p>\n<p class=\"sc-cPiKLX AiZTS text-element\"><b>Mise \u00e0 jour\u00a0: <\/b>\u00e0 18 h 16, avec l\u2019ajout de la nouvelle d\u00e9claration de Benyamin N\u00e9tanyahou. <\/p>\n","protected":false},"excerpt":{"rendered":"Malgr\u00e9 de fortes pressions des Etats-Unis et d\u2019Isra\u00ebl, le Royaume-Uni et le Canada ont reconnu officiellement ce dimanche&hellip;\n","protected":false},"author":2,"featured_media":407835,"comment_status":"","ping_status":"","sticky":false,"template":"","format":"standard","meta":{"footnotes":""},"categories":[1588],"tags":[11,574,1777,674,3522,12,3521,3518,6996,473,1853,1851,1850,1852],"class_list":{"0":"post-407834","1":"post","2":"type-post","3":"status-publish","4":"format-standard","5":"has-post-thumbnail","7":"category-royaume-uni","8":"tag-actualites","9":"tag-canada","10":"tag-eu","11":"tag-europe","12":"tag-guerre-hamas-israel","13":"tag-news","14":"tag-onu","15":"tag-palestine","16":"tag-portugal","17":"tag-royaume-uni","18":"tag-royaume-uni-de-grande-bretagne-et-dirlande-du-nord","19":"tag-uk","20":"tag-united-kingdom","21":"tag-united-kingdom-of-great-britain-and-northern-ireland"},"share_on_mastodon":{"url":"https:\/\/pubeurope.com\/@fr\/115243938406538863","error":""},"_links":{"self":[{"href":"https:\/\/www.europesays.com\/fr\/wp-json\/wp\/v2\/posts\/407834","targetHints":{"allow":["GET"]}}],"collection":[{"href":"https:\/\/www.europesays.com\/fr\/wp-json\/wp\/v2\/posts"}],"about":[{"href":"https:\/\/www.europesays.com\/fr\/wp-json\/wp\/v2\/types\/post"}],"author":[{"embeddable":true,"href":"https:\/\/www.europesays.com\/fr\/wp-json\/wp\/v2\/users\/2"}],"replies":[{"embeddable":true,"href":"https:\/\/www.europesays.com\/fr\/wp-json\/wp\/v2\/comments?post=407834"}],"version-history":[{"count":0,"href":"https:\/\/www.europesays.com\/fr\/wp-json\/wp\/v2\/posts\/407834\/revisions"}],"wp:featuredmedia":[{"embeddable":true,"href":"https:\/\/www.europesays.com\/fr\/wp-json\/wp\/v2\/media\/407835"}],"wp:attachment":[{"href":"https:\/\/www.europesays.com\/fr\/wp-json\/wp\/v2\/media?parent=407834"}],"wp:term":[{"taxonomy":"category","embeddable":true,"href":"https:\/\/www.europesays.com\/fr\/wp-json\/wp\/v2\/categories?post=407834"},{"taxonomy":"post_tag","embeddable":true,"href":"https:\/\/www.europesays.com\/fr\/wp-json\/wp\/v2\/tags?post=407834"}],"curies":[{"name":"wp","href":"https:\/\/api.w.org\/{rel}","templated":true}]}}