{"id":407838,"date":"2025-09-21T19:29:19","date_gmt":"2025-09-21T19:29:19","guid":{"rendered":"https:\/\/www.europesays.com\/fr\/407838\/"},"modified":"2025-09-21T19:29:19","modified_gmt":"2025-09-21T19:29:19","slug":"cyclisme-gravel-mads-wurtz-schmidt-et-erica-magnaldi-champions-deurope-en-italie","status":"publish","type":"post","link":"https:\/\/www.europesays.com\/fr\/407838\/","title":{"rendered":"Cyclisme. Gravel &#8211; Mads W\u00fcrtz Schmidt et Erica Magnaldi champions d&rsquo;Europe en Italie !"},"content":{"rendered":"<p>En parall\u00e8le des <strong><a href=\"https:\/\/www.cyclismactu.net\/..\/news-cyclisme-route-championnats-du-monde-remco-evenepoel-triple-en-rattrapant-tadej-pogacar-90257.html\" target=\"_blank\" rel=\"noopener\">Championnats du Monde de contre-la-montre<\/a><\/strong>, ce dimanche 21 septembre se tenaient \u00e9galement les <strong>Championnats d&rsquo;Europe de Gravel<\/strong> Hommes et Femmes \u00e0 Avezzano en Italie. Sur un parcours de plus de 148 kilom\u00e8tres, c&rsquo;est l&rsquo;ancien pensionnaire de la formation<strong> Israel-Premier Tech<\/strong>, le Danois <strong>Mads W\u00fcrtz Schmidt<\/strong>, qui s&rsquo;est impos\u00e9 en solitaire. Chez les femmes, la course a \u00e9t\u00e9 un peu plus disput\u00e9e, sur un parcours de 89 kilom\u00e8tres o\u00f9 l&rsquo;Italienne <strong>Erica Magnaldi<\/strong> a triomph\u00e9.<\/p>\n<p>Vid\u00e9o &#8211; Sur la route, Evenepoel champion du monde pour la 3e fois ! Lire la suite de l&rsquo;article&#13;<\/p>\n<p>\u00a0<\/p>\n<p>&#13;<br \/>\n<strong>W\u00fcrtz Schmidt et Magnaldi sacr\u00e9s !<\/strong>&#13;<\/p>\n<p>Chez les hommes donc, le Danois s&rsquo;est impos\u00e9 devant le Norv\u00e9gien <strong>Anton Stensby<\/strong>, qui a r\u00e9gl\u00e9 au sprint le Fran\u00e7ais <strong>Hugo Drechou<\/strong>, deuxi\u00e8me derri\u00e8re <strong>Romain Bardet<\/strong> sur l&rsquo;<strong>UCI Gravel World Series &#8211; 66 Degr\u00e9s Sud &#8211; Le Gravel<\/strong> il y a quelques semaines. Du c\u00f4t\u00e9 des femmes, <strong>Magnaldi<\/strong> a devanc\u00e9 au sprint la Britannique <strong>Sophie Wright<\/strong>, succ\u00e9dant ainsi au palmar\u00e8s \u00e0 la Suissesse <strong>Sina Frei<\/strong>. L\u2019Allemande <strong>Rosa Kloser<\/strong> termine troisi\u00e8me avec un d\u00e9bours de 42 secondes. Premi\u00e8re et seule Fran\u00e7aise de la course, <strong>Axelle Dubau-Pr\u00e9vot<\/strong>, la s\u0153ur de<strong> Pauline Ferrand-Pr\u00e9vot<\/strong>, a pris la neuvi\u00e8me place !<\/p>\n<p>&#13;<\/p>\n<p>\u00a0<\/p>\n","protected":false},"excerpt":{"rendered":"En parall\u00e8le des Championnats du Monde de contre-la-montre, ce dimanche 21 septembre se tenaient \u00e9galement les Championnats d&rsquo;Europe&hellip;\n","protected":false},"author":2,"featured_media":407839,"comment_status":"","ping_status":"","sticky":false,"template":"","format":"standard","meta":{"footnotes":""},"categories":[1586],"tags":[11,207,1777,674,211,1011,27,6620,12,25,209,210,212,208,213],"class_list":{"0":"post-407838","1":"post","2":"type-post","3":"status-publish","4":"format-standard","5":"has-post-thumbnail","7":"category-europe","8":"tag-actualites","9":"tag-cyclisme","10":"tag-eu","11":"tag-europe","12":"tag-ffc","13":"tag-fr","14":"tag-france","15":"tag-gravel","16":"tag-news","17":"tag-republique-francaise","18":"tag-route","19":"tag-tour-de-france","20":"tag-uci","21":"tag-velo","22":"tag-world-tour"},"share_on_mastodon":{"url":"https:\/\/pubeurope.com\/@fr\/115243946150770908","error":""},"_links":{"self":[{"href":"https:\/\/www.europesays.com\/fr\/wp-json\/wp\/v2\/posts\/407838","targetHints":{"allow":["GET"]}}],"collection":[{"href":"https:\/\/www.europesays.com\/fr\/wp-json\/wp\/v2\/posts"}],"about":[{"href":"https:\/\/www.europesays.com\/fr\/wp-json\/wp\/v2\/types\/post"}],"author":[{"embeddable":true,"href":"https:\/\/www.europesays.com\/fr\/wp-json\/wp\/v2\/users\/2"}],"replies":[{"embeddable":true,"href":"https:\/\/www.europesays.com\/fr\/wp-json\/wp\/v2\/comments?post=407838"}],"version-history":[{"count":0,"href":"https:\/\/www.europesays.com\/fr\/wp-json\/wp\/v2\/posts\/407838\/revisions"}],"wp:featuredmedia":[{"embeddable":true,"href":"https:\/\/www.europesays.com\/fr\/wp-json\/wp\/v2\/media\/407839"}],"wp:attachment":[{"href":"https:\/\/www.europesays.com\/fr\/wp-json\/wp\/v2\/media?parent=407838"}],"wp:term":[{"taxonomy":"category","embeddable":true,"href":"https:\/\/www.europesays.com\/fr\/wp-json\/wp\/v2\/categories?post=407838"},{"taxonomy":"post_tag","embeddable":true,"href":"https:\/\/www.europesays.com\/fr\/wp-json\/wp\/v2\/tags?post=407838"}],"curies":[{"name":"wp","href":"https:\/\/api.w.org\/{rel}","templated":true}]}}