{"id":407850,"date":"2025-09-21T19:39:14","date_gmt":"2025-09-21T19:39:14","guid":{"rendered":"https:\/\/www.europesays.com\/fr\/407850\/"},"modified":"2025-09-21T19:39:14","modified_gmt":"2025-09-21T19:39:14","slug":"retro-suzuka-le-circuit-qui-manque-terriblement-au-calendrier","status":"publish","type":"post","link":"https:\/\/www.europesays.com\/fr\/407850\/","title":{"rendered":"R\u00e9tro : Suzuka, le circuit qui manque terriblement au calendrier"},"content":{"rendered":"<p><strong>Le Grand Prix du Japon MotoGP ne se d\u00e9roule plus \u00e0<br \/>\nSuzuka depuis tr\u00e8s longtemps maintenant. Depuis la mort de Daijiro<br \/>\nKato en 2003, la FIM pr\u00e9f\u00e8re Motegi. M\u00eame si l\u2019anneau de vitesse et<br \/>\nles deux passages dans des tunnels ont du charme, il faut<br \/>\nreconna\u00eetre que Suzuka \u00e9tait d\u2019un tout autre calibre. Plus de vingt<br \/>\nans apr\u00e8s le tragique accident du n\u00b074, pourquoi le <a href=\"https:\/\/www.motogp.com\/fr\/\" target=\"_blank\" rel=\"noopener nofollow\">MotoGP<\/a> ne pourrait-il pas y retourner ? Apr\u00e8s tout,<br \/>\nla F1 y passe et il serait possible de le remettre aux normes si ce<br \/>\nn\u2019est pas le cas. Voici l\u2019histoire de ce circuit incroyable,<br \/>\nsouvent d\u00e9peint comme l\u2019un des plus beaux du monde.<\/strong><\/p>\n<p>\u00a0<\/p>\n<p>La l\u00e9gende de Suzuka<\/p>\n<p>\u00a0<\/p>\n<p>Ce trac\u00e9, situ\u00e9 au sud du Japon dans la pr\u00e9fecture de Mie, fut<br \/>\ndessin\u00e9 \u00e0 la demande du l\u00e9gendaire Soichiro Honda, fondateur de<br \/>\nl\u2019entreprise du m\u00eame nom, d\u00e9sirant un circuit de test. <strong>Ses<br \/>\nportes ouvrirent en 1962, et, depuis, il entra dans la<br \/>\nl\u00e9gende.<\/strong> Il n\u2019a rien de commun. Tout d\u2019abord, la<br \/>\nconfiguration\u00a0: c\u2019est l\u2019un des seuls grands circuits au monde<br \/>\n\u00e0 ne pas \u00eatre une boucle, mais un \u20188\u2019 avec un pont traversant la<br \/>\npiste. Le caract\u00e8re du trac\u00e9 r\u00e9side dans ses longues courbes<br \/>\nfavorisant la vitesse de passage et ses sections compliqu\u00e9es.<\/p>\n<p>\u00a0<\/p>\n<p><img loading=\"lazy\" decoding=\"async\" aria-describedby=\"caption-attachment-1331501\" class=\"size-full wp-image-1331501\" src=\"https:\/\/www.europesays.com\/fr\/wp-content\/uploads\/2025\/09\/Suzuka-1-Morio.jpg\" alt=\"Suzuka\" width=\"800\" height=\"533\"  \/><\/p>\n<p id=\"caption-attachment-1331501\" class=\"wp-caption-text\">Un<br \/>\npanorama exceptionnel.<\/p>\n<p>\u00a0<\/p>\n<p>Entre le difficile freinage de la chicane Casio (qui se fit<br \/>\nconna\u00eetre gr\u00e2ce \u00e0 Alain Prost et Ayrton Senna en 1989),<br \/>\nl\u2019impardonnable courbe Degner, ou le jouissif<br \/>\n<strong>130R\u00a0<\/strong>: les virages mythiques ne manquent pas.<br \/>\nLa Formule 1 y passe r\u00e9guli\u00e8rement depuis le milieu des ann\u00e9es<br \/>\n1980, et les affrontements de titans \u00e0 quatre roues sont aussi<br \/>\nresponsables de son succ\u00e8s. Mais la moto occupe une place majeure<br \/>\ndans l\u2019histoire de Suzuka\u00a0; <strong>une histoire parfois<br \/>\nmagnifique, parfois tragique.<\/strong><\/p>\n<p>\u00c0 vrai dire, les deux-roues sont pr\u00e9sents depuis l\u2019ouverture du<br \/>\ncircuit. D\u00e8s 1962, Jim Redman impose sa Honda \u00e0 domicile pour le<br \/>\nplus grand bonheur des fans et de la firme, heureuse de voir l\u2019une<br \/>\nde ses machines triompher \u2018\u00e0 la maison\u2019. Il s\u2019y est pass\u00e9 tant de<br \/>\nchoses, <strong>qu\u2019il est impossible de tout<br \/>\n\u00e9voquer\u00a0<\/strong>; \u00e0 tel point que les nombreuses joutes<br \/>\nopposant Kevin Schwantz et ses nombreux adversaires \u2013 ce circuit<br \/>\ncomptait parmi ses favoris \u2013 \u00e0 la fin des ann\u00e9es 1980 ne sont<br \/>\nfinalement qu\u2019une partie du mythe.<\/p>\n<p>Suzuka, c\u2019est plus que \u00e7a. C\u2019est d\u2019ailleurs ici que les jeunes<br \/>\nespoirs japonais venaient faire leurs armes en tant que wild cards.<br \/>\nUne fois dans l\u2019ann\u00e9e, ils se frottaient aux meilleurs du monde. Il<br \/>\nn\u2019\u00e9tait donc pas rare de voir un inconnu tr\u00e8s bien plac\u00e9\u00a0;<br \/>\nj\u2019ai en t\u00eate la pole position de Tadahiko Taira en 1989, sans<br \/>\noublier la performance de <strong>Norifumi Abe<\/strong> en 1994,<br \/>\nqui joua les trouble-f\u00eates parmi les leaders avant de chuter.<\/p>\n<p>Plus g\u00e9n\u00e9ralement, les Japonais semblaient dans un autre monde<br \/>\nquand venait Suzuka, souvent la premi\u00e8re manche de la saison. Des<br \/>\ndizaines de pilotes locaux s\u2019y sont impos\u00e9s dans toutes les<br \/>\ncat\u00e9gories. Ainsi, en 1995, les trois fr\u00e8res Aoki<br \/>\n(<strong>Haruchika, Nobuatsu et Takuma<\/strong>) sont mont\u00e9s sur le<br \/>\npodium dans les trois cat\u00e9gories diff\u00e9rentes\u00a0! Du jamais<br \/>\nvu.<\/p>\n<p>\u00a0<\/p>\n<p><img loading=\"lazy\" decoding=\"async\" aria-describedby=\"caption-attachment-1316085\" class=\"size-full wp-image-1316085\" src=\"https:\/\/www.europesays.com\/fr\/wp-content\/uploads\/2025\/09\/F-034501-Ewc-Suzuka-8-H-2025-large.jpg\" alt=\"8H Suzuka\" width=\"1024\" height=\"682\"  \/><\/p>\n<p id=\"caption-attachment-1316085\" class=\"wp-caption-text\">Les gens<br \/>\ny sont tellement passionn\u00e9s.<\/p>\n<p>\u00a0<\/p>\n<p>Entre ciel et terre<\/p>\n<p>\u00a0<\/p>\n<p>Le ma\u00eetre des lieux \u00e9tait lui aussi japonais. <strong>Daijiro<br \/>\nKato remporta quatre fois le Grand Prix en 250cc<\/strong>, et<br \/>\nl\u2019\u00e9vocation de son nom am\u00e8ne aux drames li\u00e9s \u00e0 cette piste, et<br \/>\nceux-ci en sont malheureusement indissociables. En 2003, apr\u00e8s une<br \/>\nperte de contr\u00f4le \u00e0 la sortie du 130R, Kato percuta le mur \u00e0 gauche<br \/>\nde la piste. \u00c0 200km\/h \u00e0 cet endroit, il n\u2019y a pas grand-chose \u00e0<br \/>\nfaire. Le champion du monde 250cc 2001 rejoignit Satoru Takashima,<br \/>\nKengo Kiyama, Kunio Katsumata, Naoto Ogura, Mamoru Yamakawa et<br \/>\nKeisuke Sato, tous d\u00e9c\u00e9d\u00e9s sur le circuit durant des Grands Prix ou<br \/>\nd\u2019autres courses.<\/p>\n<p>En effet, il est impossible de parler de Suzuka et de moto, sans<br \/>\n\u00e9voquer les diff\u00e9rentes \u00e9preuves d\u2019endurance. Les 8 Heures de<br \/>\nSuzuka font partie de l\u2019ADN du circuit, et ont r\u00e9uni les plus<br \/>\ngrands noms de notre sport. Valentino Rossi, Carlos Checa, Alex<br \/>\nBarros, <strong><a href=\"https:\/\/www.paddock-gp.com\/retro-et-si-eddie-lawson-discutait-avec-les-marquez-rossi-et-agostini\/\" target=\"_blank\" rel=\"noopener nofollow\">Eddie Lawson<\/a><\/strong>, et<br \/>\nmaintenant Johann Zarco\u2026 tous ont remport\u00e9 la prestigieuse \u00e9preuve,<br \/>\nprise tr\u00e8s au s\u00e9rieux par les constructeurs. C\u2019est l\u2019occasion<br \/>\nd\u2019admirer les magnifiques infrastructures, le parc d\u2019attractions<br \/>\nsous une chaleur de plomb \u2013 <strong>qui donne aux 8 Heures une<br \/>\nrenomm\u00e9e mondiale<\/strong> -.<\/p>\n<p>Apr\u00e8s le d\u00e9c\u00e8s de Kato, nous n\u2019avons plus vu de Grand Prix du<br \/>\nJapon \u00e0 Suzuka, d\u00e9sormais d\u00e9plac\u00e9 \u00e0 Motegi, course qui par<br \/>\nailleurs, existait d\u00e9j\u00e0 au championnat sous la forme de \u2018Grand Prix<br \/>\ndu Pacifique\u2019. <strong>Jug\u00e9 trop dangereux pour le MotoGP, il est<br \/>\nquand m\u00eame dommage de ne plus retrouver cette ambiance unique au<br \/>\nmonde<\/strong>, et de ne plus voir les pilotes \u00e9pouser les immenses<br \/>\ncourbes. Il n\u2019en reste pas moins l\u2019un des monuments des sports<br \/>\nm\u00e9caniques, un bijou singulier qui tranche avec bon nombre de<br \/>\ncircuits aseptis\u00e9s. <strong><a href=\"https:\/\/www.paddock-gp.com\/parlons-motogp-voici-ce-que-liberty-media-doit-importer-de-la-formule-1\/\" target=\"_blank\" rel=\"noopener nofollow\">Liberty Media, vous savez ce qui<br \/>\nvous reste \u00e0 faire\u00a0!<\/a><\/strong><\/p>\n<p>Quels souvenirs vous \u00e9voquent Suzuka\u00a0? <strong>Dites-le-moi<br \/>\nen commentaires\u00a0!<\/strong><\/p>\n<p>\u00a0<\/p>\n<p><img loading=\"lazy\" decoding=\"async\" class=\"aligncenter size-full wp-image-1316596\" src=\"https:\/\/www.europesays.com\/fr\/wp-content\/uploads\/2025\/09\/W515805Fim_Ewc_8H_Suzuka_2025-large.jpg\" alt=\"Johann Zarco, 8H Suzuka\" width=\"1024\" height=\"682\"  \/><\/p>\n","protected":false},"excerpt":{"rendered":"Le Grand Prix du Japon MotoGP ne se d\u00e9roule plus \u00e0 Suzuka depuis tr\u00e8s longtemps maintenant. Depuis la&hellip;\n","protected":false},"author":2,"featured_media":407851,"comment_status":"","ping_status":"","sticky":false,"template":"","format":"standard","meta":{"footnotes":""},"categories":[1413],"tags":[1011,27,1457,1456,60],"class_list":{"0":"post-407850","1":"post","2":"type-post","3":"status-publish","4":"format-standard","5":"has-post-thumbnail","7":"category-moto","8":"tag-fr","9":"tag-france","10":"tag-moto","11":"tag-motocycle","12":"tag-sports"},"share_on_mastodon":{"url":"https:\/\/pubeurope.com\/@fr\/115243986086439627","error":""},"_links":{"self":[{"href":"https:\/\/www.europesays.com\/fr\/wp-json\/wp\/v2\/posts\/407850","targetHints":{"allow":["GET"]}}],"collection":[{"href":"https:\/\/www.europesays.com\/fr\/wp-json\/wp\/v2\/posts"}],"about":[{"href":"https:\/\/www.europesays.com\/fr\/wp-json\/wp\/v2\/types\/post"}],"author":[{"embeddable":true,"href":"https:\/\/www.europesays.com\/fr\/wp-json\/wp\/v2\/users\/2"}],"replies":[{"embeddable":true,"href":"https:\/\/www.europesays.com\/fr\/wp-json\/wp\/v2\/comments?post=407850"}],"version-history":[{"count":0,"href":"https:\/\/www.europesays.com\/fr\/wp-json\/wp\/v2\/posts\/407850\/revisions"}],"wp:featuredmedia":[{"embeddable":true,"href":"https:\/\/www.europesays.com\/fr\/wp-json\/wp\/v2\/media\/407851"}],"wp:attachment":[{"href":"https:\/\/www.europesays.com\/fr\/wp-json\/wp\/v2\/media?parent=407850"}],"wp:term":[{"taxonomy":"category","embeddable":true,"href":"https:\/\/www.europesays.com\/fr\/wp-json\/wp\/v2\/categories?post=407850"},{"taxonomy":"post_tag","embeddable":true,"href":"https:\/\/www.europesays.com\/fr\/wp-json\/wp\/v2\/tags?post=407850"}],"curies":[{"name":"wp","href":"https:\/\/api.w.org\/{rel}","templated":true}]}}