{"id":407852,"date":"2025-09-21T19:40:16","date_gmt":"2025-09-21T19:40:16","guid":{"rendered":"https:\/\/www.europesays.com\/fr\/407852\/"},"modified":"2025-09-21T19:40:16","modified_gmt":"2025-09-21T19:40:16","slug":"lando-norris-cest-confirme","status":"publish","type":"post","link":"https:\/\/www.europesays.com\/fr\/407852\/","title":{"rendered":"Lando Norris, c&rsquo;est confirm\u00e9"},"content":{"rendered":"<p><strong>Apr\u00e8s \u00eatre tr\u00e8s longtemps rest\u00e9<br \/>\ndiscret sur sa relation avec Margarida Corceiro, Lando Norris a<br \/>\nfinalement confirm\u00e9 et \u00e9voqu\u00e9 leur romance.<\/strong><\/p>\n<p>Plus d\u2019un an apr\u00e8s que Margarida Corceiro est apparue pour la<br \/>\npremi\u00e8re fois dans les paddocks de Formule 1, <a href=\"https:\/\/www.sports.fr\/auto-moto\/f1\/margarido-corceiro-la-compagne-de-lando-norris-enflamme-la-f1-942029.html\" target=\"_blank\" rel=\"noopener\"><br \/>\nle nom de la jeune mannequin est d\u00e9sormais bien connu dans ce petit<br \/>\nmonde<\/a>. Et pour cause puisque la Portugaise est la petite amie<br \/>\nattitr\u00e9e d\u2019un certain Lando Norris. Longtemps r\u00e9ticent \u00e0 \u00e9voquer<br \/>\npubliquement leur idylle, le pilote McLaren a accept\u00e9 d\u2019en parler<br \/>\nouvertement.<\/p>\n<p>C\u2019est \u00e0 l\u2019occasion d\u2019un entretien accord\u00e9 \u00e0 Vogue,<br \/>\nrelay\u00e9 samedi par le Dailymail, que l\u2019actuel deuxi\u00e8me du<br \/>\nclassement des pilotes a donc \u00e9voqu\u00e9 Margarida Corceiro.<br \/>\n\u00ab\u00a0Nous nous sommes rencontr\u00e9s il y a quelques ann\u00e9es mais<br \/>\non n\u2019a jamais vraiment \u00e9t\u00e9 ensemble. Jusqu\u2019\u00e0 un peu plus<br \/>\nr\u00e9cemment.\u00a0\u00bb Et visiblement, ce que lui apporte sa<br \/>\ncompagne est important. \u00ab\u00a0C\u2019est quelqu\u2019un avec qui je peux<br \/>\n\u00eatre moi-m\u00eame.\u00a0\u00bb<\/p>\n<blockquote class=\"twitter-tweet\"><p><a class=\"twitter-link\" rel=\"noindex, nofollow noopener\" href=\"https:\/\/twitter.com\/sports_fr\/status\/1969747988894359703\" target=\"_blank\"><\/p><\/blockquote>\n<p>Et de poursuivre la liste des compliments. \u00ab\u00a0Elle est<br \/>\ntr\u00e8s pos\u00e9e et elle m\u00e8ne une vie assez incroyable en m\u00eame temps.<br \/>\nC\u2019est agr\u00e9able lorsqu\u2019on peut tout simplement (louer) un bateau<br \/>\ntous les deux pour la journ\u00e9e, ou aller \u00e0 la maison et se d\u00e9tendre<br \/>\nensemble.\u00a0\u00bb Sur un ton un peu plus amus\u00e9, Lando Norris a<br \/>\najout\u00e9 : \u00ab\u00a0Le truc le plus important que j\u2019essaye de<br \/>\nchanger en ce moment, c\u2019est qu\u2019elle se mette au golf. Elle d\u00e9teste<br \/>\n\u00e7a.\u00a0\u00bb<\/p>\n<p>Lando Norris, tout roule pour son couple<\/p>\n<p>\u00c9galement actrice dans diff\u00e9rentes productions t\u00e9l\u00e9vis\u00e9es dans<br \/>\nson pays, Margarida Corceiro poss\u00e8de une tr\u00e8s importante communaut\u00e9<br \/>\nde suiveurs sur ses diff\u00e9rents r\u00e9seaux sociaux, avec par exemple<br \/>\npr\u00e8s de 850.000 sur TikTok et 2.2 millions sur Instagram.<\/p>\n<blockquote class=\"instagram-media\" style=\"background: #ffffff;border: 0;margin: 1px;width: 100%;padding: 0;\" data-instgrm-captioned=\"\" data-instgrm-permalink=\"https:\/\/www.instagram.com\/p\/DObg39nDC_6\/?img_index=1\" data-instgrm-version=\"14\"\/>\n<p>Elle a \u00e9t\u00e9 candidate de la version portugaise de Danse avec<br \/>\nles Stars en 2020. Et elle est aussi et surtout connue pour<br \/>\navoir \u00e9t\u00e9 en couple avec le footballeur Joao Felix. La jeune femme<br \/>\nde vingt-deux ans a d\u00e9sormais chang\u00e9 de sport en se liant \u00e0 Lando<br \/>\nNorris. Et pour l\u2019heure, tout roule pour le nouveau couple.<\/p>\n<p><script async src=\"https:\/\/platform.twitter.com\/widgets.js\" charset=\"utf-8\"><\/script><script async src=\"\/\/www.instagram.com\/embed.js\"><\/script><\/p>\n","protected":false},"excerpt":{"rendered":"Apr\u00e8s \u00eatre tr\u00e8s longtemps rest\u00e9 discret sur sa relation avec Margarida Corceiro, Lando Norris a finalement confirm\u00e9 et&hellip;\n","protected":false},"author":2,"featured_media":407853,"comment_status":"","ping_status":"","sticky":false,"template":"","format":"standard","meta":{"footnotes":""},"categories":[1412],"tags":[1451,1452,1453,1454,1455,1011,27,60],"class_list":{"0":"post-407852","1":"post","2":"type-post","3":"status-publish","4":"format-standard","5":"has-post-thumbnail","7":"category-f1","8":"tag-f1","9":"tag-formula-1","10":"tag-formula1","11":"tag-formule-1","12":"tag-formule1","13":"tag-fr","14":"tag-france","15":"tag-sports"},"share_on_mastodon":{"url":"https:\/\/pubeurope.com\/@fr\/115243989321613739","error":""},"_links":{"self":[{"href":"https:\/\/www.europesays.com\/fr\/wp-json\/wp\/v2\/posts\/407852","targetHints":{"allow":["GET"]}}],"collection":[{"href":"https:\/\/www.europesays.com\/fr\/wp-json\/wp\/v2\/posts"}],"about":[{"href":"https:\/\/www.europesays.com\/fr\/wp-json\/wp\/v2\/types\/post"}],"author":[{"embeddable":true,"href":"https:\/\/www.europesays.com\/fr\/wp-json\/wp\/v2\/users\/2"}],"replies":[{"embeddable":true,"href":"https:\/\/www.europesays.com\/fr\/wp-json\/wp\/v2\/comments?post=407852"}],"version-history":[{"count":0,"href":"https:\/\/www.europesays.com\/fr\/wp-json\/wp\/v2\/posts\/407852\/revisions"}],"wp:featuredmedia":[{"embeddable":true,"href":"https:\/\/www.europesays.com\/fr\/wp-json\/wp\/v2\/media\/407853"}],"wp:attachment":[{"href":"https:\/\/www.europesays.com\/fr\/wp-json\/wp\/v2\/media?parent=407852"}],"wp:term":[{"taxonomy":"category","embeddable":true,"href":"https:\/\/www.europesays.com\/fr\/wp-json\/wp\/v2\/categories?post=407852"},{"taxonomy":"post_tag","embeddable":true,"href":"https:\/\/www.europesays.com\/fr\/wp-json\/wp\/v2\/tags?post=407852"}],"curies":[{"name":"wp","href":"https:\/\/api.w.org\/{rel}","templated":true}]}}