{"id":407854,"date":"2025-09-21T19:41:10","date_gmt":"2025-09-21T19:41:10","guid":{"rendered":"https:\/\/www.europesays.com\/fr\/407854\/"},"modified":"2025-09-21T19:41:10","modified_gmt":"2025-09-21T19:41:10","slug":"cyclisme-championnats-du-monde-bruno-armirail-un-peu-decu-de-ma-performance","status":"publish","type":"post","link":"https:\/\/www.europesays.com\/fr\/407854\/","title":{"rendered":"Cyclisme. Championnats du Monde &#8211; Bruno Armirail : \u00abUn peu d\u00e9\u00e7u de ma performance&#8230;\u00bb"},"content":{"rendered":"<p>Champion de France en titre, 4e du chrono du <strong>Tour de France<\/strong>, 4e du chrono de <strong>La Vuelta<\/strong>&#8230;<strong> Bruno Armirail <\/strong>avait de grandes ambitions \u00e0 Kigali. Le Fran\u00e7ais visait clairement un Top 5, voire un podium, sur ces<strong> <a href=\"https:\/\/www.cyclismactu.net\/..\/news-cyclisme-route-championnats-du-monde-remco-evenepoel-triple-en-rattrapant-tadej-pogacar-90257.html\" target=\"_blank\" rel=\"noopener\">Championnats du Monde<\/a><\/strong> du contre-la-montre. Class\u00e9 10e, 20e et 11e lors des trois derni\u00e8res \u00e9ditions, le Pyr\u00e9n\u00e9en semblait en mesure de franchir un cap. Sur le difficile circuit rwandais, marqu\u00e9 par la chaleur et l\u2019altitude, <strong>Armirail <\/strong>a finalement pris la 8e place. \u00c0 30 secondes du m\u00e9daill\u00e9 de bronze <strong>Ilan Van Wilder<\/strong>\u00a0(Belgique) et \u00e0 26 secondes de la 5e place d&rsquo;Isaac Del Toro (Mexique). \u00ab\u00a0J\u2019\u00e9tais venu pour faire un Top 5 voire un podium. Je suis un peu d\u00e9\u00e7u de ma performance. C\u2019est correct mais je n\u2019\u00e9tais pas dans une super journ\u00e9e\u00a0\u00bb, a-t-il expliqu\u00e9 \u00e0 l&rsquo;arriv\u00e9e.<\/p>\n<p>Vid\u00e9o &#8211; La r\u00e9action de Bruno Armirail Lire la suite de l&rsquo;article&#13;<\/p>\n<p>\u00a0<\/p>\n<p>&#13;<br \/>\n\u00ab\u00a0Les deux derni\u00e8res bosses \u00e9taient vraiment difficiles&#8230;\u00a0\u00bb&#13;<\/p>\n<p>\u00ab\u00a0Je pensais que le climat serait plus humide, mais finalement \u00e7a va. Reste que la chaleur et l\u2019altitude rendent l\u2019effort encore plus exigeant. On ne pouvait pas mettre tout ce qu\u2019on voulait, et les deux derni\u00e8res bosses \u00e9taient vraiment difficiles. Dans la bosse pav\u00e9e, j\u2019ai sans doute perdu un peu de temps, mais c\u2019est comme \u00e7a\u00a0\u00bb, affirme <strong>Armirail<\/strong>.<\/p>\n<p>&#13;<\/p>\n<p>S\u2019il ne participera pas \u00e0 l\u2019\u00e9preuve en ligne dimanche prochain, <strong>Bruno Armirail<\/strong> se projette d\u00e9j\u00e0 sur le contre-la-montre par \u00e9quipes pr\u00e9vu mercredi. \u00ab\u00a0On esp\u00e8re d\u00e9crocher au moins une m\u00e9daille, et pourquoi pas un titre, ce serait beau. On a une tr\u00e8s belle \u00e9quipe, m\u00eame si on n\u2019est pas les seuls dans ce cas. Il y a l\u2019Australie aussi par exemple, avec Vine, Plapp, Matthews, et chez les femmes \u00e7a roule fort \u00e9galement. Il y aura une belle bagarre\u00a0\u00bb, a-t-il annonc\u00e9.<\/p>\n<p>Championnats du monde &#8211; CLM Elite Hommes &#8211; Classement g\u00e9n\u00e9ral<\/p>\n","protected":false},"excerpt":{"rendered":"Champion de France en titre, 4e du chrono du Tour de France, 4e du chrono de La Vuelta&#8230;&hellip;\n","protected":false},"author":2,"featured_media":407855,"comment_status":"","ping_status":"","sticky":false,"template":"","format":"standard","meta":{"footnotes":""},"categories":[1411],"tags":[22448,1154,207,211,1011,27,209,60,210,212,208,213],"class_list":{"0":"post-407854","1":"post","2":"type-post","3":"status-publish","4":"format-standard","5":"has-post-thumbnail","7":"category-cyclisme","8":"tag-championnats-du-monde","9":"tag-cycling","10":"tag-cyclisme","11":"tag-ffc","12":"tag-fr","13":"tag-france","14":"tag-route","15":"tag-sports","16":"tag-tour-de-france","17":"tag-uci","18":"tag-velo","19":"tag-world-tour"},"share_on_mastodon":{"url":"https:\/\/pubeurope.com\/@fr\/115243993422004486","error":""},"_links":{"self":[{"href":"https:\/\/www.europesays.com\/fr\/wp-json\/wp\/v2\/posts\/407854","targetHints":{"allow":["GET"]}}],"collection":[{"href":"https:\/\/www.europesays.com\/fr\/wp-json\/wp\/v2\/posts"}],"about":[{"href":"https:\/\/www.europesays.com\/fr\/wp-json\/wp\/v2\/types\/post"}],"author":[{"embeddable":true,"href":"https:\/\/www.europesays.com\/fr\/wp-json\/wp\/v2\/users\/2"}],"replies":[{"embeddable":true,"href":"https:\/\/www.europesays.com\/fr\/wp-json\/wp\/v2\/comments?post=407854"}],"version-history":[{"count":0,"href":"https:\/\/www.europesays.com\/fr\/wp-json\/wp\/v2\/posts\/407854\/revisions"}],"wp:featuredmedia":[{"embeddable":true,"href":"https:\/\/www.europesays.com\/fr\/wp-json\/wp\/v2\/media\/407855"}],"wp:attachment":[{"href":"https:\/\/www.europesays.com\/fr\/wp-json\/wp\/v2\/media?parent=407854"}],"wp:term":[{"taxonomy":"category","embeddable":true,"href":"https:\/\/www.europesays.com\/fr\/wp-json\/wp\/v2\/categories?post=407854"},{"taxonomy":"post_tag","embeddable":true,"href":"https:\/\/www.europesays.com\/fr\/wp-json\/wp\/v2\/tags?post=407854"}],"curies":[{"name":"wp","href":"https:\/\/api.w.org\/{rel}","templated":true}]}}