{"id":407856,"date":"2025-09-21T19:42:13","date_gmt":"2025-09-21T19:42:13","guid":{"rendered":"https:\/\/www.europesays.com\/fr\/407856\/"},"modified":"2025-09-21T19:42:13","modified_gmt":"2025-09-21T19:42:13","slug":"lucas-stassin-le-jour-dapres","status":"publish","type":"post","link":"https:\/\/www.europesays.com\/fr\/407856\/","title":{"rendered":"Lucas Stassin, le jour d\u2019apr\u00e8s"},"content":{"rendered":"<p>Les bras crois\u00e9s, assis de trois quarts sur le panneau publicitaire, fa\u00e7on <a href=\"https:\/\/www.leprogres.fr\/p\/cristiano-ronaldo\" target=\"_blank\" rel=\"noopener\">Cristiano Ronaldo<\/a>, <a href=\"https:\/\/www.leprogres.fr\/p\/lucas-stassin\" target=\"_blank\" rel=\"noopener\">Lucas Stassin<\/a> admire son royaume, qui scande \u00e0 nouveau son nom \u00e0 gorge d\u00e9ploy\u00e9e. Celui qu\u2019il n\u2019a finalement jamais quitt\u00e9.<\/p>\n<p>Comme \u00e0 Clermont la semaine derni\u00e8re, le buteur belge vient de reprendre un centre de Cardona pour donner l\u2019avantage aux Verts. Et comme \u00e7a ne suffisait pas, il s\u2019en est all\u00e9, tout seul comme un grand, transpercer les filets de Jaouen une seconde fois d\u2019une frappe enroul\u00e9e puissante du pied droit.<\/p>\n<p>Il est d\u00e9j\u00e0 (re)devenu le meilleur buteur de l\u2019ASSE<\/p>\n<p>Les Verts le savaient, en r\u00e9ussissant \u00e0 conserver leur meilleur buteur de la saison pass\u00e9e (12 buts, 4 passes d\u00e9cisives), qu\u2019ils disposeraient d\u2019une arme fatale pour mener au mieux leur op\u00e9ration remont\u00e9e. \u00ab\u00a0En face, ils ont un attaquant comme Stassin qui est un vrai buteur. On lui a laiss\u00e9 trop&#8230;<\/p>\n","protected":false},"excerpt":{"rendered":"Les bras crois\u00e9s, assis de trois quarts sur le panneau publicitaire, fa\u00e7on Cristiano Ronaldo, Lucas Stassin admire son&hellip;\n","protected":false},"author":2,"featured_media":407857,"comment_status":"","ping_status":"","sticky":false,"template":"","format":"standard","meta":{"footnotes":""},"categories":[1410],"tags":[4000,7539,107,63,1011,27,4002,3367,4001,7538,517,60],"class_list":{"0":"post-407856","1":"post","2":"type-post","3":"status-publish","4":"format-standard","5":"has-post-thumbnail","7":"category-football","8":"tag-asse-as-saint-etienne-football","9":"tag-edition-loire-sud","10":"tag-fil-info","11":"tag-football","12":"tag-fr","13":"tag-france","14":"tag-haute-loire","15":"tag-loire","16":"tag-saint-etienne","17":"tag-saint-etienne-ville","18":"tag-sport","19":"tag-sports"},"share_on_mastodon":{"url":"https:\/\/pubeurope.com\/@fr\/115243997271013987","error":""},"_links":{"self":[{"href":"https:\/\/www.europesays.com\/fr\/wp-json\/wp\/v2\/posts\/407856","targetHints":{"allow":["GET"]}}],"collection":[{"href":"https:\/\/www.europesays.com\/fr\/wp-json\/wp\/v2\/posts"}],"about":[{"href":"https:\/\/www.europesays.com\/fr\/wp-json\/wp\/v2\/types\/post"}],"author":[{"embeddable":true,"href":"https:\/\/www.europesays.com\/fr\/wp-json\/wp\/v2\/users\/2"}],"replies":[{"embeddable":true,"href":"https:\/\/www.europesays.com\/fr\/wp-json\/wp\/v2\/comments?post=407856"}],"version-history":[{"count":0,"href":"https:\/\/www.europesays.com\/fr\/wp-json\/wp\/v2\/posts\/407856\/revisions"}],"wp:featuredmedia":[{"embeddable":true,"href":"https:\/\/www.europesays.com\/fr\/wp-json\/wp\/v2\/media\/407857"}],"wp:attachment":[{"href":"https:\/\/www.europesays.com\/fr\/wp-json\/wp\/v2\/media?parent=407856"}],"wp:term":[{"taxonomy":"category","embeddable":true,"href":"https:\/\/www.europesays.com\/fr\/wp-json\/wp\/v2\/categories?post=407856"},{"taxonomy":"post_tag","embeddable":true,"href":"https:\/\/www.europesays.com\/fr\/wp-json\/wp\/v2\/tags?post=407856"}],"curies":[{"name":"wp","href":"https:\/\/api.w.org\/{rel}","templated":true}]}}